{"id":13082,"date":"2024-01-04T11:12:36","date_gmt":"2024-01-04T18:12:36","guid":{"rendered":"https:\/\/www.titanlaw.ca\/politica-publica-temporal-de-canada-para-las-familias-afectadas-por-la-crisis-de-gazacanada-lanza-la-primera-estrategia-de-talento-tecnologico-de-su-historia\/"},"modified":"2025-02-20T05:03:28","modified_gmt":"2025-02-20T12:03:28","slug":"politica-publica-temporal-de-canada-para-las-familias-afectadas-por-la-crisis-de-gazacanada-lanza-la-primera-estrategia-de-talento-tecnologico-de-su-historia","status":"publish","type":"post","link":"https:\/\/www.titanlaw.ca\/es\/politica-publica-temporal-de-canada-para-las-familias-afectadas-por-la-crisis-de-gazacanada-lanza-la-primera-estrategia-de-talento-tecnologico-de-su-historia\/","title":{"rendered":"Pol\u00edtica p\u00fablica temporal de Canad\u00e1 para las familias afectadas por la crisis de GazaCanad\u00e1 lanza la primera estrategia de talento tecnol\u00f3gico de su historia"},"content":{"rendered":"\t\t<div data-elementor-type=\"wp-post\" data-elementor-id=\"13082\" class=\"elementor elementor-13082 elementor-9035\" data-elementor-post-type=\"post\">\n\t\t\t\t\t\t<section data-particle_enable=\"false\" data-particle-mobile-disabled=\"false\" class=\"elementor-section elementor-top-section elementor-element elementor-element-770a45f elementor-section-boxed elementor-section-height-default elementor-section-height-default\" data-id=\"770a45f\" data-element_type=\"section\">\n\t\t\t\t\t\t<div class=\"elementor-container elementor-column-gap-default\">\n\t\t\t\t\t<div class=\"elementor-column elementor-col-100 elementor-top-column elementor-element elementor-element-cd82162\" data-id=\"cd82162\" data-element_type=\"column\">\n\t\t\t<div class=\"elementor-widget-wrap elementor-element-populated\">\n\t\t\t\t\t\t<div class=\"elementor-element elementor-element-7a05349 elementor-widget elementor-widget-text-editor\" data-id=\"7a05349\" data-element_type=\"widget\" data-widget_type=\"text-editor.default\">\n\t\t\t\t<div class=\"elementor-widget-container\">\n\t\t\t<style>\/*! elementor - v3.23.0 - 05-08-2024 *\/\n.elementor-widget-text-editor.elementor-drop-cap-view-stacked .elementor-drop-cap{background-color:#69727d;color:#fff}.elementor-widget-text-editor.elementor-drop-cap-view-framed .elementor-drop-cap{color:#69727d;border:3px solid;background-color:transparent}.elementor-widget-text-editor:not(.elementor-drop-cap-view-default) .elementor-drop-cap{margin-top:8px}.elementor-widget-text-editor:not(.elementor-drop-cap-view-default) .elementor-drop-cap-letter{width:1em;height:1em}.elementor-widget-text-editor .elementor-drop-cap{float:left;text-align:center;line-height:1;font-size:50px}.elementor-widget-text-editor .elementor-drop-cap-letter{display:inline-block}<\/style>\t\t\t\t<p><span style=\"color: #000000;\">Tras la devastadora crisis en Gaza desencadenada por el ataque terrorista de Ham\u00e1s contra Israel en octubre de 2023, el gobierno canadiense ha adoptado una postura compasiva para hacer frente a las consecuencias humanitarias. El Hon. Marc Miller, P.C., M.P, Ministro de Inmigraci\u00f3n, Refugiados y Ciudadan\u00eda, ha introducido una Pol\u00edtica P\u00fablica Temporal destinada a facilitar visados de residencia temporal a determinados miembros de la familia extensa directamente afectados por la crisis de Gaza. Esta innovadora iniciativa est\u00e1 concebida para proporcionar un refugio seguro a los ciudadanos palestinos con familiares ciudadanos canadienses o residentes permanentes dispuestos a apoyarles durante su estancia temporal en Canad\u00e1.<\/span><\/p>\n<h2><span style=\"color: #000000;\">Fondo<\/span><\/h2>\n<p><span style=\"color: #000000;\">La guerra en curso y la magnitud de la crisis humanitaria en Gaza han suscitado honda preocupaci\u00f3n en todo el mundo. Canad\u00e1 reconoce la gravedad de la situaci\u00f3n y ha respondido con una Pol\u00edtica P\u00fablica Temporal para ofrecer refugio a las personas directamente afectadas por la crisis.<\/span><\/p>\n\t\t\t\t\t\t<\/div>\n\t\t\t\t<\/div>\n\t\t\t\t<div class=\"elementor-element elementor-element-78c214e elementor-widget elementor-widget-image\" data-id=\"78c214e\" data-element_type=\"widget\" data-widget_type=\"image.default\">\n\t\t\t\t<div class=\"elementor-widget-container\">\n\t\t\t<style>\/*! elementor - v3.23.0 - 05-08-2024 *\/\n.elementor-widget-image{text-align:center}.elementor-widget-image a{display:inline-block}.elementor-widget-image a img[src$=\".svg\"]{width:48px}.elementor-widget-image img{vertical-align:middle;display:inline-block}<\/style>\t\t\t\t\t\t\t\t\t\t<img fetchpriority=\"high\" decoding=\"async\" width=\"800\" height=\"534\" src=\"https:\/\/www.titanlaw.ca\/wp-content\/uploads\/2024\/01\/Canadas-Temporary-Public-Policy-for-Gaza-Crisis-Affected-Families-1024x683.jpg\" class=\"attachment-large size-large wp-image-11904\" alt=\"Canada&#039;s Temporary Public Policy\" srcset=\"https:\/\/www.titanlaw.ca\/wp-content\/uploads\/2024\/01\/Canadas-Temporary-Public-Policy-for-Gaza-Crisis-Affected-Families-1024x683.jpg 1024w, https:\/\/www.titanlaw.ca\/wp-content\/uploads\/2024\/01\/Canadas-Temporary-Public-Policy-for-Gaza-Crisis-Affected-Families-300x200.jpg 300w, https:\/\/www.titanlaw.ca\/wp-content\/uploads\/2024\/01\/Canadas-Temporary-Public-Policy-for-Gaza-Crisis-Affected-Families-768x512.jpg 768w, https:\/\/www.titanlaw.ca\/wp-content\/uploads\/2024\/01\/Canadas-Temporary-Public-Policy-for-Gaza-Crisis-Affected-Families.jpg 1500w\" sizes=\"(max-width: 800px) 100vw, 800px\" \/>\t\t\t\t\t\t\t\t\t\t\t\t\t<\/div>\n\t\t\t\t<\/div>\n\t\t\t\t<div class=\"elementor-element elementor-element-a1f567e elementor-widget elementor-widget-text-editor\" data-id=\"a1f567e\" data-element_type=\"widget\" data-widget_type=\"text-editor.default\">\n\t\t\t\t<div class=\"elementor-widget-container\">\n\t\t\t\t\t\t\t<h2>Condiciones de orden p\u00fablico<\/h2>\n<p>La pol\u00edtica establece las condiciones espec\u00edficas que deben cumplirse para tener derecho a la ayuda, centr\u00e1ndose en el apoyo familiar y el refugio temporal. Los ciudadanos canadienses o residentes permanentes mayores de 18 a\u00f1os que cumplan determinados criterios son identificados como anclas para apoyar a sus familiares durante su estancia en Canad\u00e1.<\/p>\n<h2>Criterios y condiciones de admisibilidad<\/h2>\n<p>La pol\u00edtica establece criterios espec\u00edficos de admisibilidad para las personas que soliciten refugio temporal en Canad\u00e1, como encontrarse en la Franja de Gaza en el momento de presentar la solicitud, ser titular de un pasaporte del Territorio Palestino y tener un familiar ciudadano canadiense o residente permanente dispuesto a actuar como ancla. Los miembros de la familia admisibles son los c\u00f3nyuges, las parejas de hecho, los hijos (independientemente de su edad), los nietos, los padres, los abuelos o los hermanos del ancla.<\/p>\n<p>Los criterios y condiciones de admisibilidad se dividen en tres partes:<\/p>\n<p><strong>Parte 1:<\/strong> Implica el proceso de solicitud para los extranjeros directamente afectados por la crisis que tengan familiares ciudadanos canadienses o residentes permanentes en Canad\u00e1.<\/p>\n<p><strong>Parte 2:<\/strong> Se refiere a los miembros de la familia de los extranjeros que han presentado una solicitud con arreglo a la parte 1.<\/p>\n<p><strong>Parte 3:<\/strong> Se refiere a los extranjeros con visado de residencia temporal que desean entrar en Canad\u00e1 como visitantes.<\/p>\n<h2>Exenciones y disposiciones<\/h2>\n<p>La pol\u00edtica concede exenciones de determinadas disposiciones de la Ley y el Reglamento de Inmigraci\u00f3n y Protecci\u00f3n de los Refugiados, lo que permite ayudas econ\u00f3micas y estancias temporales sin poner en peligro la admisibilidad.<\/p>\n<h5>Elegibilidad de anclaje (anexo A):<\/h5>\n<p>El ancla, que es ciudadano canadiense o residente permanente, debe cumplir unos requisitos espec\u00edficos de admisibilidad, que garanticen su compromiso de prestar apoyo sin compensaci\u00f3n econ\u00f3mica.<\/p>\n<h5>Declaraci\u00f3n de apoyo (anexo B):<\/h5>\n<p>Un componente esencial de la pol\u00edtica es la declaraci\u00f3n estatutaria presentada por el anclaje, en la que se afirma su compromiso de prestar un apoyo integral al extranjero y a los miembros de su familia.<\/p>\n<h2>Fechas de inicio y fin:<\/h2>\n<p>La Pol\u00edtica P\u00fablica Temporal entrar\u00e1 en vigor el 9 de enero de 2024. Las disposiciones de la pol\u00edtica se aplicar\u00e1n r\u00e1pidamente, y las exenciones para la tramitaci\u00f3n de solicitudes de las partes 1 y 2 expirar\u00e1n tras la aceptaci\u00f3n de 1.000 solicitudes o un a\u00f1o, lo que ocurra primero. Las exenciones para extranjeros en virtud de la Parte 3 expiran un a\u00f1o despu\u00e9s de la entrada en vigor de la pol\u00edtica.<\/p>\n\t\t\t\t\t\t<\/div>\n\t\t\t\t<\/div>\n\t\t\t\t\t<\/div>\n\t\t<\/div>\n\t\t\t\t\t<\/div>\n\t\t<\/section>\n\t\t\t\t<section data-particle_enable=\"false\" data-particle-mobile-disabled=\"false\" class=\"elementor-section elementor-top-section elementor-element elementor-element-6c1dac2 elementor-section-boxed elementor-section-height-default elementor-section-height-default\" data-id=\"6c1dac2\" data-element_type=\"section\">\n\t\t\t\t\t\t<div class=\"elementor-container elementor-column-gap-default\">\n\t\t\t\t\t<div class=\"elementor-column elementor-col-100 elementor-top-column elementor-element elementor-element-2805237\" data-id=\"2805237\" data-element_type=\"column\">\n\t\t\t<div class=\"elementor-widget-wrap elementor-element-populated\">\n\t\t\t\t\t\t<div class=\"elementor-element elementor-element-bc0ef99 elementor-align-center elementor-widget elementor-widget-button\" data-id=\"bc0ef99\" data-element_type=\"widget\" data-widget_type=\"button.default\">\n\t\t\t\t<div class=\"elementor-widget-container\">\n\t\t\t\t\t<div class=\"elementor-button-wrapper\">\n\t\t\t<a class=\"elementor-button elementor-button-link elementor-size-sm\" href=\"https:\/\/www.titanlaw.ca\/es\/consulta-gratuita\/\">\n\t\t\t\t\t\t<span class=\"elementor-button-content-wrapper\">\n\t\t\t\t\t\t\t\t\t<span class=\"elementor-button-text\">Concertar una consulta<\/span>\n\t\t\t\t\t<\/span>\n\t\t\t\t\t<\/a>\n\t\t<\/div>\n\t\t\t\t<\/div>\n\t\t\t\t<\/div>\n\t\t\t\t\t<\/div>\n\t\t<\/div>\n\t\t\t\t\t<\/div>\n\t\t<\/section>\n\t\t\t\t<section data-particle_enable=\"false\" data-particle-mobile-disabled=\"false\" class=\"elementor-section elementor-top-section elementor-element elementor-element-c2e63ac elementor-section-boxed elementor-section-height-default elementor-section-height-default\" data-id=\"c2e63ac\" data-element_type=\"section\">\n\t\t\t\t\t\t<div class=\"elementor-container elementor-column-gap-default\">\n\t\t\t\t\t<div class=\"elementor-column elementor-col-100 elementor-top-column elementor-element elementor-element-a961d80\" data-id=\"a961d80\" data-element_type=\"column\">\n\t\t\t<div class=\"elementor-widget-wrap elementor-element-populated\">\n\t\t\t\t\t\t<div class=\"elementor-element elementor-element-09051d0 elementor-widget elementor-widget-text-editor\" data-id=\"09051d0\" data-element_type=\"widget\" data-widget_type=\"text-editor.default\">\n\t\t\t\t<div class=\"elementor-widget-container\">\n\t\t\t\t\t\t\t<h2><span style=\"color: #000000;\">Conclusi\u00f3n<\/span><\/h2>\n<div class=\"flex-1 overflow-hidden\">\n<div class=\"react-scroll-to-bottom--css-ygelf-79elbk h-full\">\n<div class=\"react-scroll-to-bottom--css-ygelf-1n7m0yu\">\n<div class=\"flex flex-col pb-9 text-sm\">\n<div class=\"w-full text-token-text-primary\" data-testid=\"conversation-turn-4\">\n<div class=\"px-4 py-2 justify-center text-base md:gap-6 m-auto\">\n<div class=\"flex flex-1 text-base mx-auto gap-3 md:px-5 lg:px-1 xl:px-5 md:max-w-3xl lg:max-w-[40rem] xl:max-w-[48rem] group final-completion\">\n<div class=\"relative flex w-full flex-col lg:w-[calc(100%-115px)] agent-turn\">\n<div class=\"flex-col gap-1 md:gap-3\">\n<div class=\"flex flex-grow flex-col max-w-full\">\n<div class=\"min-h-[20px] text-message flex flex-col items-start gap-3 whitespace-pre-wrap break-words [.text-message+&amp;]:mt-5 overflow-x-auto\" data-message-author-role=\"assistant\" data-message-id=\"3108fb59-5636-4dff-9943-92c16e04db31\">\n<div class=\"markdown prose w-full break-words dark:prose-invert light\">\n<p><span style=\"color: #000000;\">La Pol\u00edtica P\u00fablica Temporal de Canad\u00e1 es un testimonio de su compromiso con los valores humanitarios y su apoyo a los afectados por la crisis de Gaza. Si usted o alguien que conoce puede beneficiarse de esta p\u00f3liza, Titan Law est\u00e1 aqu\u00ed para ayudarle. P\u00f3ngase en contacto con Titan Law hoy para una evaluaci\u00f3n gratuita de inmigraci\u00f3n, y perm\u00edtanos guiarle a trav\u00e9s del proceso de b\u00fasqueda de refugio y apoyo durante estos tiempos dif\u00edciles.<\/span><\/p>\n<\/div>\n<\/div>\n<\/div>\n<\/div>\n<\/div>\n<\/div>\n<\/div>\n<\/div>\n<\/div>\n<\/div>\n<\/div>\n<\/div>\n\t\t\t\t\t\t<\/div>\n\t\t\t\t<\/div>\n\t\t\t\t<div class=\"elementor-element elementor-element-3423ade elementor-widget elementor-widget-accordion\" data-id=\"3423ade\" data-element_type=\"widget\" data-widget_type=\"accordion.default\">\n\t\t\t\t<div class=\"elementor-widget-container\">\n\t\t\t<style>\/*! elementor - v3.23.0 - 05-08-2024 *\/\n.elementor-accordion{text-align:start}.elementor-accordion .elementor-accordion-item{border:1px solid #d5d8dc}.elementor-accordion .elementor-accordion-item+.elementor-accordion-item{border-top:none}.elementor-accordion .elementor-tab-title{margin:0;padding:15px 20px;font-weight:700;line-height:1;cursor:pointer;outline:none}.elementor-accordion .elementor-tab-title .elementor-accordion-icon{display:inline-block;width:1.5em}.elementor-accordion .elementor-tab-title .elementor-accordion-icon svg{width:1em;height:1em}.elementor-accordion .elementor-tab-title .elementor-accordion-icon.elementor-accordion-icon-right{float:right;text-align:right}.elementor-accordion .elementor-tab-title .elementor-accordion-icon.elementor-accordion-icon-left{float:left;text-align:left}.elementor-accordion .elementor-tab-title .elementor-accordion-icon .elementor-accordion-icon-closed{display:block}.elementor-accordion .elementor-tab-title .elementor-accordion-icon .elementor-accordion-icon-opened,.elementor-accordion .elementor-tab-title.elementor-active .elementor-accordion-icon-closed{display:none}.elementor-accordion .elementor-tab-title.elementor-active .elementor-accordion-icon-opened{display:block}.elementor-accordion .elementor-tab-content{display:none;padding:15px 20px;border-top:1px solid #d5d8dc}@media (max-width:767px){.elementor-accordion .elementor-tab-title{padding:12px 15px}.elementor-accordion .elementor-tab-title .elementor-accordion-icon{width:1.2em}.elementor-accordion .elementor-tab-content{padding:7px 15px}}.e-con-inner>.elementor-widget-accordion,.e-con>.elementor-widget-accordion{width:var(--container-widget-width);--flex-grow:var(--container-widget-flex-grow)}<\/style>\t\t<div class=\"elementor-accordion\">\n\t\t\t\t\t\t\t<div class=\"elementor-accordion-item\">\n\t\t\t\t\t<div id=\"elementor-tab-title-5461\" class=\"elementor-tab-title\" data-tab=\"1\" role=\"button\" aria-controls=\"elementor-tab-content-5461\" aria-expanded=\"false\">\n\t\t\t\t\t\t\t\t\t\t\t\t\t<span class=\"elementor-accordion-icon elementor-accordion-icon-left\" aria-hidden=\"true\">\n\t\t\t\t\t\t\t\t\t\t\t\t\t\t\t<span class=\"elementor-accordion-icon-closed\"><i class=\"fas fa-plus\"><\/i><\/span>\n\t\t\t\t\t\t\t\t<span class=\"elementor-accordion-icon-opened\"><i class=\"fas fa-minus\"><\/i><\/span>\n\t\t\t\t\t\t\t\t\t\t\t\t\t\t<\/span>\n\t\t\t\t\t\t\t\t\t\t\t\t<a class=\"elementor-accordion-title\" tabindex=\"0\">\u00bfCu\u00e1l es la pol\u00edtica p\u00fablica temporal de Canad\u00e1 para las familias afectadas por la crisis de Gaza?<\/a>\n\t\t\t\t\t<\/div>\n\t\t\t\t\t<div id=\"elementor-tab-content-5461\" class=\"elementor-tab-content elementor-clearfix\" data-tab=\"1\" role=\"region\" aria-labelledby=\"elementor-tab-title-5461\"><p>Es una iniciativa compasiva que permite visados de residencia temporal a los directamente afectados, con apoyo familiar canadiense durante su estancia.<\/p>\n<\/div>\n\t\t\t\t<\/div>\n\t\t\t\t\t\t\t<div class=\"elementor-accordion-item\">\n\t\t\t\t\t<div id=\"elementor-tab-title-5462\" class=\"elementor-tab-title\" data-tab=\"2\" role=\"button\" aria-controls=\"elementor-tab-content-5462\" aria-expanded=\"false\">\n\t\t\t\t\t\t\t\t\t\t\t\t\t<span class=\"elementor-accordion-icon elementor-accordion-icon-left\" aria-hidden=\"true\">\n\t\t\t\t\t\t\t\t\t\t\t\t\t\t\t<span class=\"elementor-accordion-icon-closed\"><i class=\"fas fa-plus\"><\/i><\/span>\n\t\t\t\t\t\t\t\t<span class=\"elementor-accordion-icon-opened\"><i class=\"fas fa-minus\"><\/i><\/span>\n\t\t\t\t\t\t\t\t\t\t\t\t\t\t<\/span>\n\t\t\t\t\t\t\t\t\t\t\t\t<a class=\"elementor-accordion-title\" tabindex=\"0\">\u00bfC\u00f3mo funciona el proceso de solicitud en el marco de esta pol\u00edtica p\u00fablica?<\/a>\n\t\t\t\t\t<\/div>\n\t\t\t\t\t<div id=\"elementor-tab-content-5462\" class=\"elementor-tab-content elementor-clearfix\" data-tab=\"2\" role=\"region\" aria-labelledby=\"elementor-tab-title-5462\"><p>Los extranjeros que re\u00fanen los requisitos necesarios presentan una solicitud de visado de residencia temporal por internet, cumpliendo los criterios especificados.<\/p>\n<\/div>\n\t\t\t\t<\/div>\n\t\t\t\t\t\t\t<div class=\"elementor-accordion-item\">\n\t\t\t\t\t<div id=\"elementor-tab-title-5463\" class=\"elementor-tab-title\" data-tab=\"3\" role=\"button\" aria-controls=\"elementor-tab-content-5463\" aria-expanded=\"false\">\n\t\t\t\t\t\t\t\t\t\t\t\t\t<span class=\"elementor-accordion-icon elementor-accordion-icon-left\" aria-hidden=\"true\">\n\t\t\t\t\t\t\t\t\t\t\t\t\t\t\t<span class=\"elementor-accordion-icon-closed\"><i class=\"fas fa-plus\"><\/i><\/span>\n\t\t\t\t\t\t\t\t<span class=\"elementor-accordion-icon-opened\"><i class=\"fas fa-minus\"><\/i><\/span>\n\t\t\t\t\t\t\t\t\t\t\t\t\t\t<\/span>\n\t\t\t\t\t\t\t\t\t\t\t\t<a class=\"elementor-accordion-title\" tabindex=\"0\">\u00bfExisten requisitos financieros para los extranjeros que presentan una solicitud en virtud de la Parte 1?<\/a>\n\t\t\t\t\t<\/div>\n\t\t\t\t\t<div id=\"elementor-tab-content-5463\" class=\"elementor-tab-content elementor-clearfix\" data-tab=\"3\" role=\"region\" aria-labelledby=\"elementor-tab-title-5463\"><p>Se conceden exenciones por inadmisibilidad econ\u00f3mica (art\u00edculo 39 de la Ley) y por la obligaci\u00f3n de abandonar Canad\u00e1 al t\u00e9rmino del visado.<\/p>\n<\/div>\n\t\t\t\t<\/div>\n\t\t\t\t\t\t\t<div class=\"elementor-accordion-item\">\n\t\t\t\t\t<div id=\"elementor-tab-title-5464\" class=\"elementor-tab-title\" data-tab=\"4\" role=\"button\" aria-controls=\"elementor-tab-content-5464\" aria-expanded=\"false\">\n\t\t\t\t\t\t\t\t\t\t\t\t\t<span class=\"elementor-accordion-icon elementor-accordion-icon-left\" aria-hidden=\"true\">\n\t\t\t\t\t\t\t\t\t\t\t\t\t\t\t<span class=\"elementor-accordion-icon-closed\"><i class=\"fas fa-plus\"><\/i><\/span>\n\t\t\t\t\t\t\t\t<span class=\"elementor-accordion-icon-opened\"><i class=\"fas fa-minus\"><\/i><\/span>\n\t\t\t\t\t\t\t\t\t\t\t\t\t\t<\/span>\n\t\t\t\t\t\t\t\t\t\t\t\t<a class=\"elementor-accordion-title\" tabindex=\"0\">\u00bfDurante cu\u00e1nto tiempo estar\u00e1 en vigor esta Pol\u00edtica P\u00fablica Temporal?<\/a>\n\t\t\t\t\t<\/div>\n\t\t\t\t\t<div id=\"elementor-tab-content-5464\" class=\"elementor-tab-content elementor-clearfix\" data-tab=\"4\" role=\"region\" aria-labelledby=\"elementor-tab-title-5464\"><p>Comienza el 9 de enero de 2024, y las exenciones para extranjeros en virtud de las Partes 1 y 2 expiran despu\u00e9s de 1.000 solicitudes o un a\u00f1o.<\/p>\n<\/div>\n\t\t\t\t<\/div>\n\t\t\t\t\t\t\t<div class=\"elementor-accordion-item\">\n\t\t\t\t\t<div id=\"elementor-tab-title-5465\" class=\"elementor-tab-title\" data-tab=\"5\" role=\"button\" aria-controls=\"elementor-tab-content-5465\" aria-expanded=\"false\">\n\t\t\t\t\t\t\t\t\t\t\t\t\t<span class=\"elementor-accordion-icon elementor-accordion-icon-left\" aria-hidden=\"true\">\n\t\t\t\t\t\t\t\t\t\t\t\t\t\t\t<span class=\"elementor-accordion-icon-closed\"><i class=\"fas fa-plus\"><\/i><\/span>\n\t\t\t\t\t\t\t\t<span class=\"elementor-accordion-icon-opened\"><i class=\"fas fa-minus\"><\/i><\/span>\n\t\t\t\t\t\t\t\t\t\t\t\t\t\t<\/span>\n\t\t\t\t\t\t\t\t\t\t\t\t<a class=\"elementor-accordion-title\" tabindex=\"0\">\u00bfPuede revocarse la p\u00f3liza y qu\u00e9 ocurre con las solicitudes pendientes?<\/a>\n\t\t\t\t\t<\/div>\n\t\t\t\t\t<div id=\"elementor-tab-content-5465\" class=\"elementor-tab-content elementor-clearfix\" data-tab=\"5\" role=\"region\" aria-labelledby=\"elementor-tab-title-5465\"><p style=\"font-weight: 400;\">S\u00ed, la p\u00f3liza puede revocarse en cualquier momento sin previo aviso. Todas las solicitudes aceptadas antes de la revocaci\u00f3n se tramitar\u00e1n con arreglo a la p\u00f3liza.<\/p>\n<p style=\"font-weight: 400;\">\n<\/div>\n\t\t\t\t<\/div>\n\t\t\t\t\t\t\t\t<\/div>\n\t\t\t\t<\/div>\n\t\t\t\t<\/div>\n\t\t\t\t\t<\/div>\n\t\t<\/div>\n\t\t\t\t\t<\/div>\n\t\t<\/section>\n\t\t\t\t<\/div>\n\t\t","protected":false},"excerpt":{"rendered":"<p>Tras la devastadora crisis en Gaza desencadenada por el ataque terrorista de Ham\u00e1s contra Israel en octubre de 2023, el gobierno canadiense ha adoptado una postura compasiva para hacer frente a las consecuencias humanitarias. El Hon. Marc Miller, P.C., M.P, Ministro de Inmigraci\u00f3n, Refugiados y Ciudadan\u00eda, ha introducido una Pol\u00edtica P\u00fablica Temporal destinada a facilitar [&hellip;]<\/p>\n","protected":false},"author":1,"featured_media":11904,"comment_status":"closed","ping_status":"closed","sticky":false,"template":"","format":"standard","meta":{"content-type":"","om_disable_all_campaigns":false,"inline_featured_image":false,"_monsterinsights_skip_tracking":false,"_monsterinsights_sitenote_active":false,"_monsterinsights_sitenote_note":"","_monsterinsights_sitenote_category":0,"_uf_show_specific_survey":0,"_uf_disable_surveys":false,"footnotes":""},"categories":[1,43],"tags":[],"class_list":["post-13082","post","type-post","status-publish","format-standard","has-post-thumbnail","hentry","category-blog","category-sin-categorizar"],"_links":{"self":[{"href":"https:\/\/www.titanlaw.ca\/es\/wp-json\/wp\/v2\/posts\/13082"}],"collection":[{"href":"https:\/\/www.titanlaw.ca\/es\/wp-json\/wp\/v2\/posts"}],"about":[{"href":"https:\/\/www.titanlaw.ca\/es\/wp-json\/wp\/v2\/types\/post"}],"author":[{"embeddable":true,"href":"https:\/\/www.titanlaw.ca\/es\/wp-json\/wp\/v2\/users\/1"}],"replies":[{"embeddable":true,"href":"https:\/\/www.titanlaw.ca\/es\/wp-json\/wp\/v2\/comments?post=13082"}],"version-history":[{"count":4,"href":"https:\/\/www.titanlaw.ca\/es\/wp-json\/wp\/v2\/posts\/13082\/revisions"}],"predecessor-version":[{"id":23513,"href":"https:\/\/www.titanlaw.ca\/es\/wp-json\/wp\/v2\/posts\/13082\/revisions\/23513"}],"wp:featuredmedia":[{"embeddable":true,"href":"https:\/\/www.titanlaw.ca\/es\/wp-json\/wp\/v2\/media\/11904"}],"wp:attachment":[{"href":"https:\/\/www.titanlaw.ca\/es\/wp-json\/wp\/v2\/media?parent=13082"}],"wp:term":[{"taxonomy":"category","embeddable":true,"href":"https:\/\/www.titanlaw.ca\/es\/wp-json\/wp\/v2\/categories?post=13082"},{"taxonomy":"post_tag","embeddable":true,"href":"https:\/\/www.titanlaw.ca\/es\/wp-json\/wp\/v2\/tags?post=13082"}],"curies":[{"name":"wp","href":"https:\/\/api.w.org\/{rel}","templated":true}]}}