{"id":32109,"date":"2025-07-07T11:21:22","date_gmt":"2025-07-07T18:21:22","guid":{"rendered":"https:\/\/www.titanlaw.ca\/el-ircc-restablece-la-elegibilidad-para-el-pgwp-en-la-actualizacion-de-julio-de-2025\/"},"modified":"2025-10-07T11:17:12","modified_gmt":"2025-10-07T18:17:12","slug":"el-ircc-restablece-la-elegibilidad-para-el-pgwp-en-la-actualizacion-de-julio-de-2025","status":"publish","type":"post","link":"https:\/\/www.titanlaw.ca\/es\/el-ircc-restablece-la-elegibilidad-para-el-pgwp-en-la-actualizacion-de-julio-de-2025\/","title":{"rendered":"El IRCC restablece la elegibilidad para el PGWP en la actualizaci\u00f3n de julio de 2025"},"content":{"rendered":"\t\t<div data-elementor-type=\"wp-post\" data-elementor-id=\"32109\" class=\"elementor elementor-32109 elementor-32096\" data-elementor-post-type=\"post\">\n\t\t\t\t<div data-particle_enable=\"false\" data-particle-mobile-disabled=\"false\" class=\"elementor-element elementor-element-45d79ed4 e-flex e-con-boxed e-con e-parent\" data-id=\"45d79ed4\" data-element_type=\"container\">\n\t\t\t\t\t<div class=\"e-con-inner\">\n\t\t\t\t<div class=\"elementor-element elementor-element-5487910 elementor-widget elementor-widget-text-editor\" data-id=\"5487910\" data-element_type=\"widget\" data-widget_type=\"text-editor.default\">\n\t\t\t\t<div class=\"elementor-widget-container\">\n\t\t\t<style>\/*! elementor - v3.23.0 - 05-08-2024 *\/\n.elementor-widget-text-editor.elementor-drop-cap-view-stacked .elementor-drop-cap{background-color:#69727d;color:#fff}.elementor-widget-text-editor.elementor-drop-cap-view-framed .elementor-drop-cap{color:#69727d;border:3px solid;background-color:transparent}.elementor-widget-text-editor:not(.elementor-drop-cap-view-default) .elementor-drop-cap{margin-top:8px}.elementor-widget-text-editor:not(.elementor-drop-cap-view-default) .elementor-drop-cap-letter{width:1em;height:1em}.elementor-widget-text-editor .elementor-drop-cap{float:left;text-align:center;line-height:1;font-size:50px}.elementor-widget-text-editor .elementor-drop-cap-letter{display:inline-block}<\/style>\t\t\t\t<p>El <strong data-start=\"3\" data-end=\"19\">4 de julio de 2025<\/strong>, Inmigraci\u00f3n, Refugiados y Ciudadan\u00eda de Canad\u00e1 (IRCC) public\u00f3 una importante actualizaci\u00f3n de los requisitos del campo de estudio del Permiso de Trabajo Post-Graduaci\u00f3n (PGWP). Este anuncio restablece los programas suprimidos el <strong data-start=\"221\" data-end=\"238\">25 de junio de 2025<\/strong> y proporciona un importante alivio transitorio a los estudiantes internacionales afectados. Las modificaciones estar\u00e1n en vigor hasta <strong data-start=\"356\" data-end=\"370\">principios de 2026<\/strong>, cuando la lista de elegibilidad podr\u00e1 revisarse de nuevo.  <\/p>\n<\/p>\n<h3 data-start=\"67\" data-end=\"123\">Antecedentes: Por qu\u00e9 cambi\u00f3 la lista de elegibilidad del PGWP<\/h3>\n<p data-start=\"125\" data-end=\"414\">En junio de 2025, Inmigraci\u00f3n, Refugiados y Ciudadan\u00eda de Canad\u00e1 (IRCC) introdujo importantes cambios en los criterios de elegibilidad del Permiso de Trabajo Post-Graduaci\u00f3n (PGWP). El objetivo era alinear mejor los programas elegibles con las necesidades del mercado <strong data-start=\"347\" data-end=\"370\">laboral<\/strong>canadiense y las ocupaciones prioritarias de la Entrada Expr\u00e9s. <\/p>\n<p data-start=\"416\" data-end=\"770\">Como parte de esta actualizaci\u00f3n, el 25 de junio de 2025, el IRCC <strong data-start=\"467\" data-end=\"491\">elimin\u00f3 178 programas<\/strong> de la lista de elegibles para el PGWP. La mayor\u00eda de ellos eran programas universitarios sin titulaci\u00f3n -como diplomas o certificados- que no estaban directamente relacionados con la escasez de cualificaciones a largo plazo. Este cambio redujo el n\u00famero total de programas elegibles (clasificados por c\u00f3digos CIP) de <strong data-start=\"753\" data-end=\"769\">1.107 a 920<\/strong>.  <\/p>\n<p data-start=\"772\" data-end=\"1014\">Estas nuevas normas se aplicaban a los estudiantes internacionales que solicitaran un permiso de estudios a partir del 25 de junio de 2025. Para poder optar a un PGWP seg\u00fan el nuevo sistema, los estudiantes ten\u00edan que estar matriculados en un programa relacionado con una ocupaci\u00f3n demandada en Canad\u00e1. <\/p>\n\t\t\t\t\t\t<\/div>\n\t\t\t\t<\/div>\n\t\t\t\t\t<\/div>\n\t\t\t\t<\/div>\n\t\t<div data-particle_enable=\"false\" data-particle-mobile-disabled=\"false\" class=\"elementor-element elementor-element-5d20aad e-grid e-con-boxed e-con e-parent\" data-id=\"5d20aad\" data-element_type=\"container\">\n\t\t\t\t\t<div class=\"e-con-inner\">\n\t\t\t\t<div class=\"elementor-element elementor-element-ef0c344 elementor-widget elementor-widget-image\" data-id=\"ef0c344\" data-element_type=\"widget\" data-widget_type=\"image.default\">\n\t\t\t\t<div class=\"elementor-widget-container\">\n\t\t\t<style>\/*! elementor - v3.23.0 - 05-08-2024 *\/\n.elementor-widget-image{text-align:center}.elementor-widget-image a{display:inline-block}.elementor-widget-image a img[src$=\".svg\"]{width:48px}.elementor-widget-image img{vertical-align:middle;display:inline-block}<\/style>\t\t\t\t\t\t\t\t\t\t<img fetchpriority=\"high\" decoding=\"async\" width=\"800\" height=\"523\" src=\"https:\/\/www.titanlaw.ca\/wp-content\/uploads\/2025\/07\/IRCC-Reinstates-PGWP-Eligibility-1024x669.jpg\" class=\"attachment-large size-large wp-image-34849\" alt=\"IRCC Reinstates PGWP Eligibility\" srcset=\"https:\/\/www.titanlaw.ca\/wp-content\/uploads\/2025\/07\/IRCC-Reinstates-PGWP-Eligibility-1024x669.jpg 1024w, https:\/\/www.titanlaw.ca\/wp-content\/uploads\/2025\/07\/IRCC-Reinstates-PGWP-Eligibility-300x196.jpg 300w, https:\/\/www.titanlaw.ca\/wp-content\/uploads\/2025\/07\/IRCC-Reinstates-PGWP-Eligibility-768x501.jpg 768w, https:\/\/www.titanlaw.ca\/wp-content\/uploads\/2025\/07\/IRCC-Reinstates-PGWP-Eligibility.jpg 1072w\" sizes=\"(max-width: 800px) 100vw, 800px\" \/>\t\t\t\t\t\t\t\t\t\t\t\t\t<\/div>\n\t\t\t\t<\/div>\n\t\t\t\t<div class=\"elementor-element elementor-element-d3379e6 elementor-widget elementor-widget-text-editor\" data-id=\"d3379e6\" data-element_type=\"widget\" data-widget_type=\"text-editor.default\">\n\t\t\t\t<div class=\"elementor-widget-container\">\n\t\t\t\t\t\t\t<h3 data-start=\"414\" data-end=\"452\">Detalles clave de la actualizaci\u00f3n del 4 de julio:<\/h3>\n<ul data-start=\"493\" data-end=\"741\">\n<li data-start=\"493\" data-end=\"532\">\n<p data-start=\"495\" data-end=\"532\"><span class=\"relative -mx-px my-[-0.2rem] rounded px-px py-[0.2rem] transition-colors duration-100 ease-in-out\">Todos los programas eliminados el 25 de junio han sido restablecidos en la lista de elegibilidad del PGWP.<\/span><\/p>\n<\/li>\n<li data-start=\"533\" data-end=\"572\">\n<p data-start=\"535\" data-end=\"572\"><span class=\"relative -mx-px my-[-0.2rem] rounded px-px py-[0.2rem] transition-colors duration-100 ease-in-out\">Los nuevos programas a\u00f1adidos a principios de 2025 siguen siendo elegibles.<\/span><\/p>\n<\/li>\n<li data-start=\"573\" data-end=\"614\">\n<p data-start=\"575\" data-end=\"614\"><span class=\"relative -mx-px my-[-0.2rem] rounded px-px py-[0.2rem] transition-colors duration-100 ease-in-out\">Es importante destacar que los estudiantes cuyas solicitudes de permiso de estudios se presentaron entre el 25 de junio y el 4 de julio de 2025, en los programas que se hab\u00edan suprimido brevemente, conservan la elegibilidad para el PGWP en funci\u00f3n de la lista restablecida.<\/span><\/p>\n<\/li>\n<li data-start=\"615\" data-end=\"658\">\n<p data-start=\"617\" data-end=\"658\"><span class=\"relative -mx-px my-[-0.2rem] rounded px-px py-[0.2rem] transition-colors duration-100 ease-in-out\">No habr\u00e1 interrupci\u00f3n en la elegibilidad del PGWP para los inscritos o solicitantes de estos programas durante ese periodo.<\/span><\/p>\n<\/li>\n<li data-start=\"659\" data-end=\"741\">\n<p data-start=\"661\" data-end=\"741\"><span class=\"relative -mx-px my-[-0.2rem] rounded px-px py-[0.2rem] transition-colors duration-100 ease-in-out\">Este periodo de gracia permanecer\u00e1 en vigor hasta principios de 2026, cuando el IRCC podr\u00e1 publicar otra actualizaci\u00f3n de la lista de c\u00f3digos CIP elegibles<\/span><\/p>\n<\/li>\n<\/ul>\n\t\t\t\t\t\t<\/div>\n\t\t\t\t<\/div>\n\t\t\t\t\t<\/div>\n\t\t\t\t<\/div>\n\t\t<div data-particle_enable=\"false\" data-particle-mobile-disabled=\"false\" class=\"elementor-element elementor-element-ea04862 e-flex e-con-boxed e-con e-parent\" data-id=\"ea04862\" data-element_type=\"container\">\n\t\t\t\t\t<div class=\"e-con-inner\">\n\t\t\t\t<div class=\"elementor-element elementor-element-b6700e7 elementor-widget elementor-widget-text-editor\" data-id=\"b6700e7\" data-element_type=\"widget\" data-widget_type=\"text-editor.default\">\n\t\t\t\t<div class=\"elementor-widget-container\">\n\t\t\t\t\t\t\t<h3 data-start=\"748\" data-end=\"800\"><span style=\"color: #000000;\">Por qu\u00e9 es importante para los estudiantes y las instituciones<\/span><\/h3>\n<ul data-start=\"802\" data-end=\"1010\">\n<li data-start=\"802\" data-end=\"843\">\n<p data-start=\"804\" data-end=\"843\"><span class=\"relative -mx-px my-[-0.2rem] rounded px-px py-[0.2rem] transition-colors duration-100 ease-in-out\" style=\"color: #000000;\"><strong data-start=\"0\" data-end=\"26\" data-is-only-node=\"\">Oportunidades restauradas<\/strong>: Los estudiantes de los programas suprimidos anteriormente -muchos en sanidad, educaci\u00f3n, oficios, tecnolog\u00eda y empresa- pueden ahora cursar con confianza los PGWP.<\/span><\/p>\n<\/li>\n<li data-start=\"844\" data-end=\"885\">\n<p data-start=\"846\" data-end=\"885\"><span class=\"relative -mx-px my-[-0.2rem] rounded px-px py-[0.2rem] transition-colors duration-100 ease-in-out\" style=\"color: #000000;\"><strong data-start=\"0\" data-end=\"26\" data-is-only-node=\"\">Protecci\u00f3n retroactiva<\/strong>: Los solicitantes cuyos permisos de estudio hayan vencido en el plazo de 9 d\u00edas entre la expulsi\u00f3n y la reincorporaci\u00f3n est\u00e1n protegidos.<\/span><\/p>\n<\/li>\n<li data-start=\"886\" data-end=\"927\">\n<p data-start=\"888\" data-end=\"927\"><span class=\"relative -mx-px my-[-0.2rem] rounded px-px py-[0.2rem] transition-colors duration-100 ease-in-out\" style=\"color: #000000;\"><strong data-start=\"0\" data-end=\"27\" data-is-only-node=\"\">Alineaci\u00f3n con el mercado laboral<\/strong>: Los programas restablecidos se corresponden con los sectores que experimentan una escasez de mano de obra a largo plazo, apoyando los objetivos econ\u00f3micos estrat\u00e9gicos de Canad\u00e1.<\/span><\/p>\n<\/li>\n<li data-start=\"928\" data-end=\"1010\">\n<p data-start=\"930\" data-end=\"1010\"><span class=\"relative -mx-px my-[-0.2rem] rounded px-px py-[0.2rem] transition-colors duration-100 ease-in-out\" style=\"color: #000000;\"><strong data-start=\"0\" data-end=\"19\" data-is-only-node=\"\">Ventana de planificaci\u00f3n<\/strong>: Con la elegibilidad asegurada hasta principios de 2026, los estudiantes y las instituciones educativas tienen plazos m\u00e1s claros para el asesoramiento y la planificaci\u00f3n.<\/span><\/p>\n<\/li>\n<\/ul>\n<h3 data-start=\"1017\" data-end=\"1055\"><span style=\"color: #000000;\">C\u00f3mo verificar tu elegibilidad<\/span><\/h3>\n<p data-start=\"1057\" data-end=\"1096\"><span class=\"relative -mx-px my-[-0.2rem] rounded px-px py-[0.2rem] transition-colors duration-100 ease-in-out\" style=\"color: #000000;\">Para determinar tu elegibilidad para el PGWP:<\/span><\/p>\n<ol data-start=\"1098\" data-end=\"1353\">\n<li data-start=\"1098\" data-end=\"1140\">\n<p data-start=\"1101\" data-end=\"1140\"><span class=\"relative -mx-px my-[-0.2rem] rounded px-px py-[0.2rem] transition-colors duration-100 ease-in-out\" style=\"color: #000000;\">Obt\u00e9n el c\u00f3digo CIP de tu programa en tu instituci\u00f3n.<\/span><\/p>\n<\/li>\n<li data-start=\"1141\" data-end=\"1183\">\n<p data-start=\"1144\" data-end=\"1183\"><span class=\"relative -mx-px my-[-0.2rem] rounded px-px py-[0.2rem] transition-colors duration-100 ease-in-out\" style=\"color: #000000;\">Consulta la lista actualizada del IRCC, en vigor desde el 4 de julio de 2025, para confirmar que tu c\u00f3digo CIP sigue siendo elegible.<\/span><\/p>\n<\/li>\n<li data-start=\"1184\" data-end=\"1226\">\n<p data-start=\"1187\" data-end=\"1226\"><span class=\"relative -mx-px my-[-0.2rem] rounded px-px py-[0.2rem] transition-colors duration-100 ease-in-out\" style=\"color: #000000;\">Si tu solicitud de permiso se produce entre el 25 de junio y el 4 de julio, comprueba que tu programa ha sido restablecido.<\/span><\/p>\n<\/li>\n<li data-start=\"1227\" data-end=\"1269\">\n<p data-start=\"1230\" data-end=\"1269\"><span class=\"relative -mx-px my-[-0.2rem] rounded px-px py-[0.2rem] transition-colors duration-100 ease-in-out\" style=\"color: #000000;\">Recuerda que los estudiantes que presentaron su solicitud antes del 25 de junio de 2025 siguen siendo elegibles seg\u00fan la lista anterior, aunque sus programas hayan sido eliminados brevemente.<\/span><\/p>\n<\/li>\n<li data-start=\"1270\" data-end=\"1353\">\n<p data-start=\"1273\" data-end=\"1353\"><span class=\"relative -mx-px my-[-0.2rem] rounded px-px py-[0.2rem] transition-colors duration-100 ease-in-out\" style=\"color: #000000;\">Solicita tu PGWP en los 180 d\u00edas siguientes a tu graduaci\u00f3n, asegur\u00e1ndote de que tu c\u00f3digo CIP es elegible en el momento de la solicitud.<\/span><\/p>\n<\/li>\n<\/ol>\n<p data-start=\"1355\" data-end=\"1394\"><span class=\"relative -mx-px my-[-0.2rem] rounded px-px py-[0.2rem] transition-colors duration-100 ease-in-out\" style=\"color: #000000;\">En caso de duda, los estudiantes deben consultar a la oficina de estudiantes internacionales de su instituci\u00f3n o ponerse en contacto directamente con el IRCC.<\/span><\/p>\n<h2 data-start=\"1401\" data-end=\"1425\"><span style=\"color: #000000;\">Lo que puede venir despu\u00e9s<\/span><\/h2>\n<ul data-start=\"1427\" data-end=\"1552\">\n<li data-start=\"1427\" data-end=\"1468\">\n<p data-start=\"1429\" data-end=\"1468\"><span class=\"relative -mx-px my-[-0.2rem] rounded px-px py-[0.2rem] transition-colors duration-100 ease-in-out\" style=\"color: #000000;\">El IRCC volver\u00e1 a revisar la lista de PIC elegibles a principios de 2026, modificando potencialmente las inclusiones en el programa una vez m\u00e1s.<\/span><\/p>\n<\/li>\n<li data-start=\"1469\" data-end=\"1510\">\n<p data-start=\"1471\" data-end=\"1510\"><span class=\"relative -mx-px my-[-0.2rem] rounded px-px py-[0.2rem] transition-colors duration-100 ease-in-out\" style=\"color: #000000;\">Los estudiantes que tengan previsto presentar una solicitud deben actuar dentro de la ventana actual.<\/span><\/p>\n<\/li>\n<li data-start=\"1511\" data-end=\"1552\">\n<p data-start=\"1513\" data-end=\"1552\"><span class=\"relative -mx-px my-[-0.2rem] rounded px-px py-[0.2rem] transition-colors duration-100 ease-in-out\" style=\"color: #000000;\">Las tendencias actuales del mercado laboral pueden influir en los cambios, reflejando la evoluci\u00f3n de las prioridades de Canad\u00e1 en materia de cualificaciones.<\/span><\/p>\n<\/li>\n<\/ul>\n<h2 data-start=\"1559\" data-end=\"1606\"><span style=\"color: #000000;\">Medidas para los estudiantes internacionales<\/span><\/h2>\n<ul data-start=\"1608\" data-end=\"1817\">\n<li data-start=\"1608\" data-end=\"1649\">\n<p data-start=\"1610\" data-end=\"1649\"><span class=\"relative -mx-px my-[-0.2rem] rounded px-px py-[0.2rem] transition-colors duration-100 ease-in-out\" style=\"color: #000000;\">Confirma tu c\u00f3digo CIP con la documentaci\u00f3n oficial de tu instituci\u00f3n.<\/span><\/p>\n<\/li>\n<li data-start=\"1650\" data-end=\"1691\">\n<p data-start=\"1652\" data-end=\"1691\"><span class=\"relative -mx-px my-[-0.2rem] rounded px-px py-[0.2rem] transition-colors duration-100 ease-in-out\" style=\"color: #000000;\">Compru\u00e9balo con la lista de elegibilidad del 4 de julio de 2025 en el sitio web del IRCC.<\/span><\/p>\n<\/li>\n<li data-start=\"1692\" data-end=\"1733\">\n<p data-start=\"1694\" data-end=\"1733\"><span class=\"relative -mx-px my-[-0.2rem] rounded px-px py-[0.2rem] transition-colors duration-100 ease-in-out\" style=\"color: #000000;\">Presenta tu solicitud PGWP dentro del plazo de 180 d\u00edas tras la graduaci\u00f3n.<\/span><\/p>\n<\/li>\n<li data-start=\"1734\" data-end=\"1775\">\n<p data-start=\"1736\" data-end=\"1775\"><span class=\"relative -mx-px my-[-0.2rem] rounded px-px py-[0.2rem] transition-colors duration-100 ease-in-out\" style=\"color: #000000;\">Vigila las actualizaciones del IRCC a finales de 2025 y principios de 2026 para cualquier cambio futuro en la elegibilidad.<\/span><\/p>\n<\/li>\n<li data-start=\"1776\" data-end=\"1817\">\n<p data-start=\"1778\" data-end=\"1817\"><span class=\"relative -mx-px my-[-0.2rem] rounded px-px py-[0.2rem] transition-colors duration-100 ease-in-out\" style=\"color: #000000;\">Busca asesoramiento experto de consultores de inmigraci\u00f3n o de asesores jur\u00eddicos cualificados, sobre todo si tu programa entra dentro de los cambios recientes o si el momento de presentar tu solicitud se sit\u00faa entre finales de junio y principios de julio de 2025.<\/span><\/p>\n<\/li>\n<\/ul>\n<h2 data-start=\"1824\" data-end=\"1837\"><span style=\"color: #000000;\">Conclusi\u00f3n<\/span><\/h2>\n<p data-start=\"1839\" data-end=\"1878\"><span class=\"relative -mx-px my-[-0.2rem] rounded px-px py-[0.2rem] transition-colors duration-100 ease-in-out\" style=\"color: #000000;\">La <strong data-start=\"4\" data-end=\"32\">actualizaci\u00f3n del IRCC del 4 de julio de 2025<\/strong> proporciona claridad y tranquilidad esenciales a los estudiantes internacionales en Canad\u00e1. Al restablecer los programas suprimidos el 25 de junio y ampliar la elegibilidad con car\u00e1cter retroactivo, el IRCC ha salvaguardado eficazmente las oportunidades de miles de estudiantes, garantizando un acceso ininterrumpido al PGWP hasta principios de 2026. Mientras Canad\u00e1 sigue ajustando sus pol\u00edticas en respuesta a las necesidades del mercado laboral, es vital mantenerse informado y proactivo.  <\/span><\/p>\n<p data-start=\"1880\" data-end=\"1919\"><span class=\"relative -mx-px my-[-0.2rem] rounded px-px py-[0.2rem] transition-colors duration-100 ease-in-out\" style=\"color: #000000;\">Titan Law mantiene su compromiso de guiar tu viaje de inmigraci\u00f3n, ofreciendo claridad y apoyo en cada momento. Si tienes preguntas o deseas evaluar tu situaci\u00f3n de elegibilidad, nuestro equipo est\u00e1 aqu\u00ed para ayudarte. <\/span><\/p>\n\t\t\t\t\t\t<\/div>\n\t\t\t\t<\/div>\n\t\t\t\t\t<\/div>\n\t\t\t\t<\/div>\n\t\t<div data-particle_enable=\"false\" data-particle-mobile-disabled=\"false\" class=\"elementor-element elementor-element-107d2f1 e-flex e-con-boxed e-con e-parent\" data-id=\"107d2f1\" data-element_type=\"container\">\n\t\t\t\t\t<div class=\"e-con-inner\">\n\t\t\t\t<div class=\"elementor-element elementor-element-0e03890 elementor-widget elementor-widget-text-editor\" data-id=\"0e03890\" data-element_type=\"widget\" data-widget_type=\"text-editor.default\">\n\t\t\t\t<div class=\"elementor-widget-container\">\n\t\t\t\t\t\t\t<p><strong>Puede que tambi\u00e9n te interese nuestro art\u00edculo:<\/strong><\/p>\n<ul>\n<li><a href=\"https:\/\/www.titanlaw.ca\/es\/comprender-los-criterios-de-elegibilidad-de-los-refugiados-en-canada\/\">Comprender los criterios de elegibilidad de los refugiados en Canad\u00e1<\/a><\/li>\n<li><a href=\"https:\/\/www.titanlaw.ca\/es\/proceso-de-inmigracion-a-canada-guia-paso-a-paso-para-trasladarte-a-canada\/\">Proceso de inmigraci\u00f3n a Canad\u00e1<\/a><\/li>\n<li><a href=\"https:\/\/www.titanlaw.ca\/es\/evaluacion-de-la-inmigracion-en-canada-averigua-hoy-si-cumples-los-requisitos\/\">Evaluaci\u00f3n de la inmigraci\u00f3n en Canad\u00e1<\/a><\/li>\n<\/ul>\n\t\t\t\t\t\t<\/div>\n\t\t\t\t<\/div>\n\t\t\t\t<div class=\"elementor-element elementor-element-bf5418f elementor-widget elementor-widget-accordion\" data-id=\"bf5418f\" data-element_type=\"widget\" data-widget_type=\"accordion.default\">\n\t\t\t\t<div class=\"elementor-widget-container\">\n\t\t\t<style>\/*! elementor - v3.23.0 - 05-08-2024 *\/\n.elementor-accordion{text-align:start}.elementor-accordion .elementor-accordion-item{border:1px solid #d5d8dc}.elementor-accordion .elementor-accordion-item+.elementor-accordion-item{border-top:none}.elementor-accordion .elementor-tab-title{margin:0;padding:15px 20px;font-weight:700;line-height:1;cursor:pointer;outline:none}.elementor-accordion .elementor-tab-title .elementor-accordion-icon{display:inline-block;width:1.5em}.elementor-accordion .elementor-tab-title .elementor-accordion-icon svg{width:1em;height:1em}.elementor-accordion .elementor-tab-title .elementor-accordion-icon.elementor-accordion-icon-right{float:right;text-align:right}.elementor-accordion .elementor-tab-title .elementor-accordion-icon.elementor-accordion-icon-left{float:left;text-align:left}.elementor-accordion .elementor-tab-title .elementor-accordion-icon .elementor-accordion-icon-closed{display:block}.elementor-accordion .elementor-tab-title .elementor-accordion-icon .elementor-accordion-icon-opened,.elementor-accordion .elementor-tab-title.elementor-active .elementor-accordion-icon-closed{display:none}.elementor-accordion .elementor-tab-title.elementor-active .elementor-accordion-icon-opened{display:block}.elementor-accordion .elementor-tab-content{display:none;padding:15px 20px;border-top:1px solid #d5d8dc}@media (max-width:767px){.elementor-accordion .elementor-tab-title{padding:12px 15px}.elementor-accordion .elementor-tab-title .elementor-accordion-icon{width:1.2em}.elementor-accordion .elementor-tab-content{padding:7px 15px}}.e-con-inner>.elementor-widget-accordion,.e-con>.elementor-widget-accordion{width:var(--container-widget-width);--flex-grow:var(--container-widget-flex-grow)}<\/style>\t\t<div class=\"elementor-accordion\">\n\t\t\t\t\t\t\t<div class=\"elementor-accordion-item\">\n\t\t\t\t\t<div id=\"elementor-tab-title-2001\" class=\"elementor-tab-title\" data-tab=\"1\" role=\"button\" aria-controls=\"elementor-tab-content-2001\" aria-expanded=\"false\">\n\t\t\t\t\t\t\t\t\t\t\t\t\t<span class=\"elementor-accordion-icon elementor-accordion-icon-left\" aria-hidden=\"true\">\n\t\t\t\t\t\t\t\t\t\t\t\t\t\t\t<span class=\"elementor-accordion-icon-closed\"><i class=\"fas fa-plus\"><\/i><\/span>\n\t\t\t\t\t\t\t\t<span class=\"elementor-accordion-icon-opened\"><i class=\"fas fa-minus\"><\/i><\/span>\n\t\t\t\t\t\t\t\t\t\t\t\t\t\t<\/span>\n\t\t\t\t\t\t\t\t\t\t\t\t<a class=\"elementor-accordion-title\" tabindex=\"0\">\u00bfQu\u00e9 significa el periodo de gracia para los estudiantes internacionales?<\/a>\n\t\t\t\t\t<\/div>\n\t\t\t\t\t<div id=\"elementor-tab-content-2001\" class=\"elementor-tab-content elementor-clearfix\" data-tab=\"1\" role=\"region\" aria-labelledby=\"elementor-tab-title-2001\"><p>El periodo de gracia garantiza que los estudiantes matriculados en los programas afectados, o que los solicitaron, entre el <strong data-start=\"728\" data-end=\"756\">25 de junio y el 4 de julio de 2025<\/strong> <strong data-start=\"761\" data-end=\"779\">sigan teniendo<\/strong> derecho a un PGWP. Este periodo transitorio se mantendr\u00e1 hasta <strong data-start=\"844\" data-end=\"858\">principios de 2026<\/strong>. <\/p>\n<\/div>\n\t\t\t\t<\/div>\n\t\t\t\t\t\t\t<div class=\"elementor-accordion-item\">\n\t\t\t\t\t<div id=\"elementor-tab-title-2002\" class=\"elementor-tab-title\" data-tab=\"2\" role=\"button\" aria-controls=\"elementor-tab-content-2002\" aria-expanded=\"false\">\n\t\t\t\t\t\t\t\t\t\t\t\t\t<span class=\"elementor-accordion-icon elementor-accordion-icon-left\" aria-hidden=\"true\">\n\t\t\t\t\t\t\t\t\t\t\t\t\t\t\t<span class=\"elementor-accordion-icon-closed\"><i class=\"fas fa-plus\"><\/i><\/span>\n\t\t\t\t\t\t\t\t<span class=\"elementor-accordion-icon-opened\"><i class=\"fas fa-minus\"><\/i><\/span>\n\t\t\t\t\t\t\t\t\t\t\t\t\t\t<\/span>\n\t\t\t\t\t\t\t\t\t\t\t\t<a class=\"elementor-accordion-title\" tabindex=\"0\">\u00bfEsta actualizaci\u00f3n se aplica s\u00f3lo a los nuevos solicitantes de permisos de estudio?<\/a>\n\t\t\t\t\t<\/div>\n\t\t\t\t\t<div id=\"elementor-tab-content-2002\" class=\"elementor-tab-content elementor-clearfix\" data-tab=\"2\" role=\"region\" aria-labelledby=\"elementor-tab-title-2002\"><p data-start=\"933\" data-end=\"964\">No. La actualizaci\u00f3n se aplica a ambos: <\/p>\n<ul data-start=\"965\" data-end=\"1133\">\n<li data-start=\"965\" data-end=\"1055\">\n<p data-start=\"967\" data-end=\"1055\">Estudiantes que presentaron solicitudes de permiso de estudios entre el 25 de junio y el 4 de julio de 2025, y<\/p>\n<\/li>\n<li data-start=\"1056\" data-end=\"1133\">\n<p data-start=\"1058\" data-end=\"1133\">Estudiantes que ya estaban matriculados en programas afectados durante esa ventana.<\/p>\n<\/li>\n<\/ul>\n<\/div>\n\t\t\t\t<\/div>\n\t\t\t\t\t\t\t<div class=\"elementor-accordion-item\">\n\t\t\t\t\t<div id=\"elementor-tab-title-2003\" class=\"elementor-tab-title\" data-tab=\"3\" role=\"button\" aria-controls=\"elementor-tab-content-2003\" aria-expanded=\"false\">\n\t\t\t\t\t\t\t\t\t\t\t\t\t<span class=\"elementor-accordion-icon elementor-accordion-icon-left\" aria-hidden=\"true\">\n\t\t\t\t\t\t\t\t\t\t\t\t\t\t\t<span class=\"elementor-accordion-icon-closed\"><i class=\"fas fa-plus\"><\/i><\/span>\n\t\t\t\t\t\t\t\t<span class=\"elementor-accordion-icon-opened\"><i class=\"fas fa-minus\"><\/i><\/span>\n\t\t\t\t\t\t\t\t\t\t\t\t\t\t<\/span>\n\t\t\t\t\t\t\t\t\t\t\t\t<a class=\"elementor-accordion-title\" tabindex=\"0\">\u00bfSe denegar\u00e1 mi PGWP si estoy en un programa que se elimin\u00f3 temporalmente?<\/a>\n\t\t\t\t\t<\/div>\n\t\t\t\t\t<div id=\"elementor-tab-content-2003\" class=\"elementor-tab-content elementor-clearfix\" data-tab=\"3\" role=\"region\" aria-labelledby=\"elementor-tab-title-2003\"><p data-start=\"994\" data-end=\"1230\">No. Si tu programa fue retirado el 25 de junio pero restablecido el 4 de julio, y tu solicitud de permiso de estudio se present\u00f3 durante ese tiempo, <strong data-start=\"1355\" data-end=\"1385\">seguir\u00e1s teniendo<\/strong> derecho a un PGWP en virtud del periodo de gracia. <\/p>\n<p data-start=\"1232\" data-end=\"1478\">\n<\/div>\n\t\t\t\t<\/div>\n\t\t\t\t\t\t\t<div class=\"elementor-accordion-item\">\n\t\t\t\t\t<div id=\"elementor-tab-title-2004\" class=\"elementor-tab-title\" data-tab=\"4\" role=\"button\" aria-controls=\"elementor-tab-content-2004\" aria-expanded=\"false\">\n\t\t\t\t\t\t\t\t\t\t\t\t\t<span class=\"elementor-accordion-icon elementor-accordion-icon-left\" aria-hidden=\"true\">\n\t\t\t\t\t\t\t\t\t\t\t\t\t\t\t<span class=\"elementor-accordion-icon-closed\"><i class=\"fas fa-plus\"><\/i><\/span>\n\t\t\t\t\t\t\t\t<span class=\"elementor-accordion-icon-opened\"><i class=\"fas fa-minus\"><\/i><\/span>\n\t\t\t\t\t\t\t\t\t\t\t\t\t\t<\/span>\n\t\t\t\t\t\t\t\t\t\t\t\t<a class=\"elementor-accordion-title\" tabindex=\"0\">\u00bfC\u00f3mo puedo comprobar si mi programa es actualmente apto para el PGWP?<\/a>\n\t\t\t\t\t<\/div>\n\t\t\t\t\t<div id=\"elementor-tab-content-2004\" class=\"elementor-tab-content elementor-clearfix\" data-tab=\"4\" role=\"region\" aria-labelledby=\"elementor-tab-title-2004\"><p>Puedes verificar la elegibilidad para el PGWP comprobando el <strong data-start=\"1774\" data-end=\"1786\">c\u00f3digo CIP<\/strong> de tu programa y compar\u00e1ndolo con la lista oficial publicada en el sitio web del IRCC. Tu instituci\u00f3n educativa puede proporcionarte el c\u00f3digo CIP de tu programa. <\/p>\n<\/div>\n\t\t\t\t<\/div>\n\t\t\t\t\t\t\t\t<\/div>\n\t\t\t\t<\/div>\n\t\t\t\t<\/div>\n\t\t\t\t\t<\/div>\n\t\t\t\t<\/div>\n\t\t\t\t<\/div>\n\t\t","protected":false},"excerpt":{"rendered":"<p>El 4 de julio de 2025, Inmigraci\u00f3n, Refugiados y Ciudadan\u00eda de Canad\u00e1 (IRCC) public\u00f3 una importante actualizaci\u00f3n de los requisitos del campo de estudio del Permiso de Trabajo Post-Graduaci\u00f3n (PGWP). Este anuncio restablece los programas suprimidos el 25 de junio de 2025 y proporciona un importante alivio transitorio a los estudiantes internacionales afectados. Las modificaciones [&hellip;]<\/p>\n","protected":false},"author":1,"featured_media":34849,"comment_status":"closed","ping_status":"closed","sticky":false,"template":"","format":"standard","meta":{"content-type":"","om_disable_all_campaigns":false,"inline_featured_image":false,"_monsterinsights_skip_tracking":false,"_monsterinsights_sitenote_active":false,"_monsterinsights_sitenote_note":"","_monsterinsights_sitenote_category":0,"_uf_show_specific_survey":0,"_uf_disable_surveys":false,"footnotes":""},"categories":[43],"tags":[324,322,325,323],"class_list":["post-32109","post","type-post","status-publish","format-standard","has-post-thumbnail","hentry","category-sin-categorizar","tag-ley-de-inmigracion-en-canada","tag-leyes-de-inmigracion-en-canada","tag-leyes-de-inmigracion-familiar-canada","tag-los-mejores-bufetes-de-abogados-de-inmigracion-de-canada"],"_links":{"self":[{"href":"https:\/\/www.titanlaw.ca\/es\/wp-json\/wp\/v2\/posts\/32109"}],"collection":[{"href":"https:\/\/www.titanlaw.ca\/es\/wp-json\/wp\/v2\/posts"}],"about":[{"href":"https:\/\/www.titanlaw.ca\/es\/wp-json\/wp\/v2\/types\/post"}],"author":[{"embeddable":true,"href":"https:\/\/www.titanlaw.ca\/es\/wp-json\/wp\/v2\/users\/1"}],"replies":[{"embeddable":true,"href":"https:\/\/www.titanlaw.ca\/es\/wp-json\/wp\/v2\/comments?post=32109"}],"version-history":[{"count":11,"href":"https:\/\/www.titanlaw.ca\/es\/wp-json\/wp\/v2\/posts\/32109\/revisions"}],"predecessor-version":[{"id":34870,"href":"https:\/\/www.titanlaw.ca\/es\/wp-json\/wp\/v2\/posts\/32109\/revisions\/34870"}],"wp:featuredmedia":[{"embeddable":true,"href":"https:\/\/www.titanlaw.ca\/es\/wp-json\/wp\/v2\/media\/34849"}],"wp:attachment":[{"href":"https:\/\/www.titanlaw.ca\/es\/wp-json\/wp\/v2\/media?parent=32109"}],"wp:term":[{"taxonomy":"category","embeddable":true,"href":"https:\/\/www.titanlaw.ca\/es\/wp-json\/wp\/v2\/categories?post=32109"},{"taxonomy":"post_tag","embeddable":true,"href":"https:\/\/www.titanlaw.ca\/es\/wp-json\/wp\/v2\/tags?post=32109"}],"curies":[{"name":"wp","href":"https:\/\/api.w.org\/{rel}","templated":true}]}}