{"id":34118,"date":"2025-09-22T13:09:57","date_gmt":"2025-09-22T20:09:57","guid":{"rendered":"https:\/\/www.titanlaw.ca\/que-significa-el-nuevo-acuerdo-de-canada-con-mexico-para-trabajadores-estudiantes-e-inmigrantes\/"},"modified":"2025-09-22T16:24:31","modified_gmt":"2025-09-22T23:24:31","slug":"que-significa-el-nuevo-acuerdo-de-canada-con-mexico-para-trabajadores-estudiantes-e-inmigrantes","status":"publish","type":"post","link":"https:\/\/www.titanlaw.ca\/es\/que-significa-el-nuevo-acuerdo-de-canada-con-mexico-para-trabajadores-estudiantes-e-inmigrantes\/","title":{"rendered":"Qu\u00e9 significa el nuevo acuerdo de Canad\u00e1 con M\u00e9xico para trabajadores, estudiantes e inmigrantes"},"content":{"rendered":"\t\t<div data-elementor-type=\"wp-post\" data-elementor-id=\"34118\" class=\"elementor elementor-34118 elementor-34058\" data-elementor-post-type=\"post\">\n\t\t\t\t<div data-particle_enable=\"false\" data-particle-mobile-disabled=\"false\" class=\"elementor-element elementor-element-45d79ed4 e-flex e-con-boxed e-con e-parent\" data-id=\"45d79ed4\" data-element_type=\"container\">\n\t\t\t\t\t<div class=\"e-con-inner\">\n\t\t\t\t<div class=\"elementor-element elementor-element-5487910 elementor-widget elementor-widget-text-editor\" data-id=\"5487910\" data-element_type=\"widget\" data-widget_type=\"text-editor.default\">\n\t\t\t\t<div class=\"elementor-widget-container\">\n\t\t\t<style>\/*! elementor - v3.23.0 - 05-08-2024 *\/\n.elementor-widget-text-editor.elementor-drop-cap-view-stacked .elementor-drop-cap{background-color:#69727d;color:#fff}.elementor-widget-text-editor.elementor-drop-cap-view-framed .elementor-drop-cap{color:#69727d;border:3px solid;background-color:transparent}.elementor-widget-text-editor:not(.elementor-drop-cap-view-default) .elementor-drop-cap{margin-top:8px}.elementor-widget-text-editor:not(.elementor-drop-cap-view-default) .elementor-drop-cap-letter{width:1em;height:1em}.elementor-widget-text-editor .elementor-drop-cap{float:left;text-align:center;line-height:1;font-size:50px}.elementor-widget-text-editor .elementor-drop-cap-letter{display:inline-block}<\/style>\t\t\t\t<p data-start=\"319\" data-end=\"789\">Canad\u00e1 y M\u00e9xico acaban de elevar sus relaciones bilaterales de forma importante. El Primer Ministro, Mark Carney, y la Presidenta de M\u00e9xico, Claudia Sheinbaum, han firmado un acuerdo para profundizar en la cooperaci\u00f3n econ\u00f3mica, comercial y en materia de seguridad: la <strong data-start=\"541\" data-end=\"594\">Asociaci\u00f3n Estrat\u00e9gica Integral Canad\u00e1-M\u00e9xico<\/strong>, respaldada por un nuevo Plan de Acci\u00f3n para 2025-2028. Este art\u00edculo analiza el contenido de dicho acuerdo, por qu\u00e9 es importante y c\u00f3mo puede afectar a la inmigraci\u00f3n mexicana a Canad\u00e1 en los pr\u00f3ximos meses y a\u00f1os.  <\/p>\n<p data-start=\"319\" data-end=\"789\">\n<h3 data-start=\"796\" data-end=\"817\">\u00bfQu\u00e9 hay en el trato?<\/h3>\n<h5 data-start=\"819\" data-end=\"868\">Plan de Acci\u00f3n y Asociaci\u00f3n Estrat\u00e9gica<\/h5>\n<ul data-start=\"870\" data-end=\"1373\">\n<li data-start=\"870\" data-end=\"1109\">\n<p data-start=\"872\" data-end=\"1109\">El nuevo acuerdo transforma la actual Asociaci\u00f3n Canad\u00e1-M\u00e9xico en una <strong data-start=\"947\" data-end=\"986\">Asociaci\u00f3n Estrat\u00e9gica Global<\/strong>. Se pretende que sea una relaci\u00f3n elevada y a largo plazo que abarque m\u00faltiples \u00e1mbitos.   <\/p>\n<\/li>\n<li data-start=\"1110\" data-end=\"1373\">\n<p data-start=\"1112\" data-end=\"1373\">El marco de esta elevada asociaci\u00f3n es el <em data-start=\"1163\" data-end=\"1200\">Plan de Acci\u00f3n Canad\u00e1-M\u00e9xico 2025-2028<\/em>, que establece cuatro pilares tem\u00e1ticos: <strong data-start=\"1240\" data-end=\"1334\">Prosperidad; Movilidad, Inclusividad y Bienestar; Seguridad; Medio Ambiente y Sostenibilidad<\/strong>.  <\/p>\n<\/li>\n<\/ul>\n<h5>Pilares clave y compromisos<\/h5>\n<p data-start=\"1406\" data-end=\"1554\">A continuaci\u00f3n figuran algunos de los principales compromisos e iniciativas del Plan, que ser\u00e1n relevantes para el comercio, la circulaci\u00f3n de personas y la cooperaci\u00f3n en materia de seguridad:<\/p>\n<ol data-start=\"1556\" data-end=\"3629\">\n<li data-start=\"1556\" data-end=\"2271\">\n<p data-start=\"1559\" data-end=\"1575\"><strong data-start=\"1559\" data-end=\"1573\">Prosperidad<\/strong><\/p>\n<ul data-start=\"1579\" data-end=\"2271\">\n<li data-start=\"1579\" data-end=\"1741\">\n<p data-start=\"1581\" data-end=\"1741\">Facilitaci\u00f3n del comercio: reducir las fricciones, impulsar el comercio, especialmente para las PYME, y aumentar los v\u00ednculos entre empresas.  <\/p>\n<\/li>\n<li data-start=\"1745\" data-end=\"1914\">\n<p data-start=\"1747\" data-end=\"1914\">Promoci\u00f3n de la inversi\u00f3n: m\u00e1s colaboraci\u00f3n en los canales de inversi\u00f3n, compromiso del sector privado y b\u00fasqueda conjunta de oportunidades.<\/p>\n<\/li>\n<li data-start=\"1918\" data-end=\"2099\">\n<p data-start=\"1920\" data-end=\"2099\">Seguridad econ\u00f3mica: creaci\u00f3n de cadenas de suministro resistentes, cooperaci\u00f3n en materia de seguridad sanitaria y biomanufactura, cooperaci\u00f3n en la selecci\u00f3n de inversiones.<\/p>\n<\/li>\n<li data-start=\"2103\" data-end=\"2271\">\n<p data-start=\"2105\" data-end=\"2271\">Cooperaci\u00f3n en infraestructuras: puertos, corredores energ\u00e9ticos, ferrocarril, carretera y, posiblemente, digitalizaci\u00f3n en la log\u00edstica del comercio y el transporte.  <\/p>\n<\/li>\n<\/ul>\n<\/li>\n<li data-start=\"2273\" data-end=\"2945\">\n<p data-start=\"2276\" data-end=\"2319\"><strong data-start=\"2276\" data-end=\"2317\">Movilidad, inclusi\u00f3n y bienestar<\/strong><\/p>\n<ul data-start=\"2323\" data-end=\"2945\">\n<li data-start=\"2323\" data-end=\"2531\">\n<p data-start=\"2325\" data-end=\"2531\">Movilidad laboral y cooperaci\u00f3n migratoria: reconocimiento de la migraci\u00f3n como parte de la asociaci\u00f3n, con un compromiso de cooperaci\u00f3n en &#8220;una migraci\u00f3n segura, ordenada y regular&#8221;.  <\/p>\n<\/li>\n<li data-start=\"2535\" data-end=\"2673\">\n<p data-start=\"2537\" data-end=\"2673\">Continuaci\u00f3n de la colaboraci\u00f3n en materia de derechos laborales, protecci\u00f3n e inclusi\u00f3n de las poblaciones vulnerables.  <\/p>\n<\/li>\n<li data-start=\"2677\" data-end=\"2945\">\n<p data-start=\"2679\" data-end=\"2945\">Referencia espec\u00edfica al Programa de Trabajadores Agr\u00edcolas Temporales de Canad\u00e1 (SAWP, por sus siglas en ingl\u00e9s) -un programa de larga duraci\u00f3n en virtud del cual trabajadores temporales de M\u00e9xico trabajan en la agricultura canadiense- como piedra angular de la cooperaci\u00f3n migratoria bilateral.  <\/p>\n<\/li>\n<\/ul>\n<\/li>\n<li data-start=\"2947\" data-end=\"3406\">\n<p data-start=\"2950\" data-end=\"2964\"><strong data-start=\"2950\" data-end=\"2962\">Seguridad<\/strong><\/p>\n<ul data-start=\"2968\" data-end=\"3406\">\n<li data-start=\"2968\" data-end=\"3187\">\n<p data-start=\"2970\" data-end=\"3187\">Esfuerzos conjuntos para combatir la delincuencia organizada transnacional, incluido el tr\u00e1fico de drogas (incluido el fentanilo y sus precursores), las armas de fuego il\u00edcitas, la trata de seres humanos y el blanqueo de dinero.  <\/p>\n<\/li>\n<li data-start=\"3191\" data-end=\"3314\">\n<p data-start=\"3193\" data-end=\"3314\">Cooperaci\u00f3n en materia de ciberseguridad, cooperaci\u00f3n fronteriza y policial, intercambio de informaci\u00f3n. Cooperaci\u00f3n en materia de defensa y resiliencia ante cat\u00e1strofes.   <\/p>\n<\/li>\n<\/ul>\n<\/li>\n<li data-start=\"3408\" data-end=\"3629\">\n<p data-start=\"3411\" data-end=\"3430\"><strong data-start=\"3411\" data-end=\"3428\">Otros pilares<\/strong><\/p>\n<ul data-start=\"3434\" data-end=\"3629\">\n<li data-start=\"3434\" data-end=\"3629\">\n<p data-start=\"3436\" data-end=\"3629\">Medio ambiente y sostenibilidad: adaptaci\u00f3n al cambio clim\u00e1tico, seguridad del agua, transici\u00f3n energ\u00e9tica renovable, protecci\u00f3n de los derechos ind\u00edgenas y afrodescendientes.<\/p>\n<\/li>\n<\/ul>\n<\/li>\n<\/ol>\n\t\t\t\t\t\t<\/div>\n\t\t\t\t<\/div>\n\t\t\t\t\t<\/div>\n\t\t\t\t<\/div>\n\t\t<div data-particle_enable=\"false\" data-particle-mobile-disabled=\"false\" class=\"elementor-element elementor-element-5d20aad e-grid e-con-boxed e-con e-parent\" data-id=\"5d20aad\" data-element_type=\"container\">\n\t\t\t\t\t<div class=\"e-con-inner\">\n\t\t\t\t<div class=\"elementor-element elementor-element-ef0c344 elementor-widget elementor-widget-image\" data-id=\"ef0c344\" data-element_type=\"widget\" data-widget_type=\"image.default\">\n\t\t\t\t<div class=\"elementor-widget-container\">\n\t\t\t<style>\/*! elementor - v3.23.0 - 05-08-2024 *\/\n.elementor-widget-image{text-align:center}.elementor-widget-image a{display:inline-block}.elementor-widget-image a img[src$=\".svg\"]{width:48px}.elementor-widget-image img{vertical-align:middle;display:inline-block}<\/style>\t\t\t\t\t\t\t\t\t\t<img fetchpriority=\"high\" decoding=\"async\" width=\"800\" height=\"450\" src=\"https:\/\/www.titanlaw.ca\/wp-content\/uploads\/2025\/09\/b1093910-94f7-11f0-8431-a34ab217fb49.jpg\" class=\"attachment-large size-large wp-image-34106\" alt=\"\" srcset=\"https:\/\/www.titanlaw.ca\/wp-content\/uploads\/2025\/09\/b1093910-94f7-11f0-8431-a34ab217fb49.jpg 947w, https:\/\/www.titanlaw.ca\/wp-content\/uploads\/2025\/09\/b1093910-94f7-11f0-8431-a34ab217fb49-300x169.jpg 300w, https:\/\/www.titanlaw.ca\/wp-content\/uploads\/2025\/09\/b1093910-94f7-11f0-8431-a34ab217fb49-768x432.jpg 768w\" sizes=\"(max-width: 800px) 100vw, 800px\" \/>\t\t\t\t\t\t\t\t\t\t\t\t\t<\/div>\n\t\t\t\t<\/div>\n\t\t\t\t<div class=\"elementor-element elementor-element-d3379e6 elementor-widget elementor-widget-text-editor\" data-id=\"d3379e6\" data-element_type=\"widget\" data-widget_type=\"text-editor.default\">\n\t\t\t\t<div class=\"elementor-widget-container\">\n\t\t\t\t\t\t\t<h3 data-start=\"3636\" data-end=\"3664\">Por qu\u00e9 ocurre esto ahora<\/h3>\n<ul data-start=\"3739\" data-end=\"4569\">\n<li data-start=\"3739\" data-end=\"3999\">\n<p data-start=\"3741\" data-end=\"3999\"><strong data-start=\"3741\" data-end=\"3777\">Incertidumbre en la pol\u00edtica comercial estadounidense<\/strong>: Con el USMCA (tambi\u00e9n conocido como CUSMA en Canad\u00e1) a punto de ser revisado formalmente y las crecientes fricciones en torno al comercio y los aranceles, Canad\u00e1 est\u00e1 motivada para reforzar sus lazos bilaterales con M\u00e9xico.  <\/p>\n<\/li>\n<li data-start=\"4000\" data-end=\"4315\">\n<p data-start=\"4002\" data-end=\"4315\"><strong data-start=\"4002\" data-end=\"4041\">Deseo de asociaciones diversificadas<\/strong>: Canad\u00e1 parece querer reducir su dependencia econ\u00f3mica de EE.UU. en medio de las presiones proteccionistas, incluidas las interrupciones del comercio. Asociarse m\u00e1s estrechamente con M\u00e9xico abre oportunidades para v\u00ednculos alternativos de comercio \/ cadena de suministro. <\/p>\n<\/li>\n<li data-start=\"4316\" data-end=\"4569\">\n<p data-start=\"4318\" data-end=\"4569\"><strong data-start=\"4318\" data-end=\"4337\">Beneficios mutuos<\/strong>: M\u00e9xico es el tercer socio comercial de Canad\u00e1, y ambos pa\u00edses se benefician de una mayor conectividad, inversiones estables y colaboraci\u00f3n en retos compartidos, desde la salud a la seguridad.<\/p>\n<\/li>\n<\/ul>\n\t\t\t\t\t\t<\/div>\n\t\t\t\t<\/div>\n\t\t\t\t\t<\/div>\n\t\t\t\t<\/div>\n\t\t<div data-particle_enable=\"false\" data-particle-mobile-disabled=\"false\" class=\"elementor-element elementor-element-ea04862 e-flex e-con-boxed e-con e-parent\" data-id=\"ea04862\" data-element_type=\"container\">\n\t\t\t\t\t<div class=\"e-con-inner\">\n\t\t\t\t<div class=\"elementor-element elementor-element-b6700e7 elementor-widget elementor-widget-text-editor\" data-id=\"b6700e7\" data-element_type=\"widget\" data-widget_type=\"text-editor.default\">\n\t\t\t\t<div class=\"elementor-widget-container\">\n\t\t\t\t\t\t\t<h3 data-start=\"4576\" data-end=\"4639\"><span style=\"color: #000000;\">Posibles implicaciones de la inmigraci\u00f3n canadiense para los mexicanos<\/span><\/h3>\n<p data-start=\"4641\" data-end=\"5042\"><span style=\"color: #000000;\">Uno de los pilares m\u00e1s interesantes para las relaciones entre Canad\u00e1 y M\u00e9xico es &#8220;Movilidad, Inclusividad y Bienestar&#8221;. Muchas de las disposiciones sugieren que la migraci\u00f3n y la movilidad laboral ocupar\u00e1n un lugar destacado en la evoluci\u00f3n de la asociaci\u00f3n. \u00bfQu\u00e9 significa esto en t\u00e9rminos pr\u00e1cticos para los mexicanos que quieran trasladarse a Canad\u00e1 (temporal o permanentemente)? He aqu\u00ed posibles efectos, advertencias y consideraciones jur\u00eddicas.   <\/span><\/p>\n<h3><span style=\"color: #000000;\">Qu\u00e9 podr\u00eda cambiarse o ampliarse<\/span><\/h3>\n<ol data-start=\"5083\" data-end=\"7169\">\n<li data-start=\"5083\" data-end=\"5841\">\n<p data-start=\"5086\" data-end=\"5140\"><span style=\"color: #000000;\"><strong data-start=\"5086\" data-end=\"5140\">M\u00e1s oportunidades en los programas de trabajadores temporales<\/strong><\/span><\/p>\n<ul data-start=\"5145\" data-end=\"5841\">\n<li data-start=\"5145\" data-end=\"5523\">\n<p data-start=\"5147\" data-end=\"5523\"><span style=\"color: #000000;\">El Plan afirma expl\u00edcitamente que se mantendr\u00e1 y reforzar\u00e1 la colaboraci\u00f3n en el marco del Programa de Trabajadores Agr\u00edcolas Temporales (SAWP). Es probable que los trabajadores mexicanos sigan viendo el SAWP como una v\u00eda viable para trabajar en Canad\u00e1, y que potencialmente vean mejoras en los derechos, las protecciones, la eficacia de la tramitaci\u00f3n o la ampliaci\u00f3n de las funciones o regiones elegibles. <\/span><\/p>\n<\/li>\n<li data-start=\"5527\" data-end=\"5841\">\n<p data-start=\"5529\" data-end=\"5841\"><span style=\"color: #000000;\">Es posible que se exploren los <strong data-start=\"5557\" data-end=\"5582\">visados de trabajo de corta<\/strong> duraci\u00f3n m\u00e1s all\u00e1 de la agricultura, especialmente a medida que se intensifiquen los trabajos en infraestructuras, puertos, energ\u00eda y cadena de suministro. Las noticias de la prensa sobre el acuerdo indican que los visados de trabajo de corta duraci\u00f3n ocuparon un lugar destacado en la agenda durante los debates.   <\/span><\/p>\n<\/li>\n<\/ul>\n<\/li>\n<li data-start=\"5843\" data-end=\"6338\">\n<p data-start=\"5846\" data-end=\"5901\"><span style=\"color: #000000;\"><strong data-start=\"5846\" data-end=\"5901\">Mejor regulaci\u00f3n, protecciones, marcos de movilidad<\/strong><\/span><\/p>\n<ul data-start=\"5906\" data-end=\"6338\">\n<li data-start=\"5906\" data-end=\"6182\">\n<p data-start=\"5908\" data-end=\"6182\"><span style=\"color: #000000;\">El compromiso conjunto en favor de una &#8220;migraci\u00f3n segura, ordenada y regular&#8221; implica posibles mejoras en la forma de tramitar los visados\/permisos, en el trato a los trabajadores migrantes y, tal vez, nuevos acuerdos bilaterales que agilicen los flujos migratorios.  <\/span><\/p>\n<\/li>\n<li data-start=\"6186\" data-end=\"6338\">\n<p data-start=\"6188\" data-end=\"6338\"><span style=\"color: #000000;\">Puede haber m\u00e1s cooperaci\u00f3n para garantizar los derechos, las remesas, la protecci\u00f3n contra el tr\u00e1fico de seres humanos o la explotaci\u00f3n, y claridad en los programas de movilidad.<\/span><\/p>\n<\/li>\n<\/ul>\n<\/li>\n<li data-start=\"6340\" data-end=\"6798\">\n<p data-start=\"6343\" data-end=\"6392\"><span style=\"color: #000000;\"><strong data-start=\"6343\" data-end=\"6392\">Potencial de vinculaci\u00f3n de la migraci\u00f3n acad\u00e9mica y cualificada<\/strong><\/span><\/p>\n<ul data-start=\"6397\" data-end=\"6798\">\n<li data-start=\"6397\" data-end=\"6798\">\n<p data-start=\"6399\" data-end=\"6798\"><span style=\"color: #000000;\">Aunque el Plan de Acci\u00f3n se centra en gran medida en la movilidad comercial, econ\u00f3mica y laboral, los temas m\u00e1s amplios de &#8220;Movilidad, Inclusividad y Bienestar&#8221; sugieren la cooperaci\u00f3n en materia de educaci\u00f3n, asociaciones para la investigaci\u00f3n, quiz\u00e1s facilitando el desplazamiento de estudiantes, investigadores o profesionales. Por ejemplo, en el pilar de la Prosperidad, se prev\u00e9 una mayor cooperaci\u00f3n acad\u00e9mica y de investigaci\u00f3n.   <\/span><\/p>\n<\/li>\n<\/ul>\n<\/li>\n<li data-start=\"6800\" data-end=\"7169\">\n<p data-start=\"6803\" data-end=\"6848\"><span style=\"color: #000000;\"><strong data-start=\"6803\" data-end=\"6848\">Confianza y estabilidad en la pol\u00edtica de inmigraci\u00f3n<\/strong><\/span><\/p>\n<ul data-start=\"6853\" data-end=\"7169\">\n<li data-start=\"6853\" data-end=\"7068\">\n<p data-start=\"6855\" data-end=\"7068\"><span style=\"color: #000000;\">Con unos lazos bilaterales m\u00e1s estrechos, los solicitantes mexicanos podr\u00edan beneficiarse de un entorno pol\u00edtico m\u00e1s predecible, de una mayor transparencia y posiblemente incluso de cuotas o v\u00edas negociadas o espec\u00edficas (aunque todav\u00eda no hay nada garantizado).<\/span><\/p>\n<\/li>\n<li data-start=\"7072\" data-end=\"7169\">\n<p data-start=\"7074\" data-end=\"7169\"><span style=\"color: #000000;\">Tambi\u00e9n podr\u00edan surgir reformas legales o de procedimiento -tramitaci\u00f3n m\u00e1s r\u00e1pida, mejor documentaci\u00f3n, etc.-.<\/span><\/p>\n<\/li>\n<\/ul>\n<\/li>\n<\/ol>\n<h3><span style=\"color: #000000;\">Consideraciones jur\u00eddicas y pr\u00e1cticas para los inmigrantes mexicanos<\/span><\/h3>\n<p data-start=\"7927\" data-end=\"8206\"><span style=\"color: #000000;\">Si eres ciudadano mexicano y est\u00e1s pensando en emigrar a Canad\u00e1 -ya sea temporalmente o con vistas a la residencia permanente-, este nuevo acuerdo sugiere un panorama posiblemente m\u00e1s favorable, pero que a\u00fan requiere una planificaci\u00f3n jur\u00eddica cuidadosa. Algunos puntos a tener en cuenta: <\/span><\/p>\n<ul data-start=\"8208\" data-end=\"9175\">\n<li data-start=\"8208\" data-end=\"8426\">\n<p data-start=\"8210\" data-end=\"8426\"><span style=\"color: #000000;\">Aseg\u00farate de que entiendes bajo <strong data-start=\"8232\" data-end=\"8250\">qu\u00e9 categor\u00eda<\/strong> presentas la solicitud (trabajador temporal, estudiante internacional, inmigrante cualificado, clase familiar, etc.). La asociaci\u00f3n estrat\u00e9gica puede afectar a algunas de ellas m\u00e1s que a otras. <\/span><\/p>\n<\/li>\n<li data-start=\"8427\" data-end=\"8708\">\n<p data-start=\"8429\" data-end=\"8708\"><span style=\"color: #000000;\">Estate atento a los cambios en los <strong data-start=\"8456\" data-end=\"8501\">plazos de tramitaci\u00f3n y en los criterios de elegibilidad<\/strong>, especialmente para los programas laborales originados en el marco de la cooperaci\u00f3n bilateral. A medida que Canad\u00e1 y M\u00e9xico colaboran, pueden estandarizarse o modificarse los formularios, la documentaci\u00f3n y las normas (por ejemplo, derechos laborales, seguridad sanitaria). <\/span><\/p>\n<\/li>\n<li data-start=\"8709\" data-end=\"8916\">\n<p data-start=\"8711\" data-end=\"8916\"><span style=\"color: #000000;\">Conoce los derechos y obligaciones de cualquier programa de trabajadores temporales. La cooperaci\u00f3n bilateral suele ir acompa\u00f1ada de un mayor control de los derechos laborales; el uso indebido o la tergiversaci\u00f3n siguen teniendo consecuencias legales. <\/span><\/p>\n<\/li>\n<li data-start=\"8917\" data-end=\"9175\">\n<p data-start=\"8919\" data-end=\"9175\"><span style=\"color: #000000;\">Para quienes est\u00e9n considerando la residencia permanente, est\u00e9n atentos a los anuncios del Ministerio de Inmigraci\u00f3n, Refugiados y Ciudadan\u00eda de Canad\u00e1 (IRCC) o de otros organismos federales: podr\u00edan surgir cambios en los planes de niveles de inmigraci\u00f3n, nuevos proyectos piloto o acuerdos bilaterales de movilidad.<\/span><\/p>\n<\/li>\n<\/ul>\n<h3 data-start=\"9182\" data-end=\"9207\"><span style=\"color: #000000;\">Lo que hay que ver a continuaci\u00f3n<\/span><\/h3>\n<p data-start=\"9209\" data-end=\"9326\"><span style=\"color: #000000;\">Para evaluar c\u00f3mo este acuerdo cambiar\u00e1 las cosas sobre el terreno, ser\u00e1 \u00fatil estar atento a varios acontecimientos:<\/span><\/p>\n<ul>\n<li style=\"list-style-type: none;\">\n<ul>\n<li style=\"list-style-type: none;\">\n<ul data-start=\"9328\" data-end=\"10119\">\n<li data-start=\"9328\" data-end=\"9458\">\n<p data-start=\"9330\" data-end=\"9458\"><span style=\"color: #000000;\"><strong data-start=\"9330\" data-end=\"9363\">Cambios pol\u00edticos o legislativos<\/strong> en Canad\u00e1 o M\u00e9xico que apliquen el Plan de Acci\u00f3n, especialmente en materia de movilidad e inmigraci\u00f3n.<\/span><\/p>\n<\/li>\n<li data-start=\"9459\" data-end=\"9633\">\n<p data-start=\"9461\" data-end=\"9633\"><span style=\"color: #000000;\"><strong data-start=\"9461\" data-end=\"9526\">Nuevos acuerdos bilaterales o Memorandos de Entendimiento (MOU<\/strong> ) entre Canad\u00e1 y M\u00e9xico sobre movilidad laboral, visados de trabajo de corta duraci\u00f3n, reconocimiento de cualificaciones, etc.<\/span><\/p>\n<\/li>\n<li data-start=\"9634\" data-end=\"9776\">\n<p data-start=\"9636\" data-end=\"9776\"><span style=\"color: #000000;\"><strong data-start=\"9636\" data-end=\"9672\">Compromisos de financiaci\u00f3n y recursos<\/strong>: presupuestos, personal para la tramitaci\u00f3n de visados, protecci\u00f3n de los derechos de los trabajadores, cumplimiento de las normas laborales.<\/span><\/p>\n<\/li>\n<li data-start=\"9777\" data-end=\"9852\">\n<p data-start=\"9779\" data-end=\"9852\"><span style=\"color: #000000;\"><strong data-start=\"9779\" data-end=\"9849\">Actualizaciones de programas piloto o ampliaci\u00f3n de programas SAWP o similares<\/strong>.<\/span><\/p>\n<\/li>\n<li data-start=\"9853\" data-end=\"10119\">\n<p data-start=\"9855\" data-end=\"10119\"><span style=\"color: #000000;\"><strong data-start=\"9855\" data-end=\"9872\">Revisi\u00f3n del USMCA<\/strong>: Dado que gran parte de la nueva asociaci\u00f3n se est\u00e1 produciendo en el contexto de la pr\u00f3xima revisi\u00f3n del USMCA (2026), la forma en que Canad\u00e1 y M\u00e9xico se alineen con las demandas de EEUU o se opongan a ellas puede afectar indirectamente a la pol\u00edtica migratoria.<\/span><\/p>\n<\/li>\n<\/ul>\n<\/li>\n<\/ul>\n<\/li>\n<\/ul>\n\t\t\t\t\t\t<\/div>\n\t\t\t\t<\/div>\n\t\t\t\t\t<\/div>\n\t\t\t\t<\/div>\n\t\t<div data-particle_enable=\"false\" data-particle-mobile-disabled=\"false\" class=\"elementor-element elementor-element-107d2f1 e-flex e-con-boxed e-con e-parent\" data-id=\"107d2f1\" data-element_type=\"container\">\n\t\t\t\t\t<div class=\"e-con-inner\">\n\t\t\t\t<div class=\"elementor-element elementor-element-3cb755d elementor--h-position-center elementor--v-position-middle elementor-arrows-position-inside elementor-pagination-position-inside elementor-widget elementor-widget-slides\" data-id=\"3cb755d\" data-element_type=\"widget\" data-settings=\"{&quot;navigation&quot;:&quot;both&quot;,&quot;autoplay&quot;:&quot;yes&quot;,&quot;pause_on_hover&quot;:&quot;yes&quot;,&quot;pause_on_interaction&quot;:&quot;yes&quot;,&quot;autoplay_speed&quot;:5000,&quot;infinite&quot;:&quot;yes&quot;,&quot;transition&quot;:&quot;slide&quot;,&quot;transition_speed&quot;:500}\" data-widget_type=\"slides.default\">\n\t\t\t\t<div class=\"elementor-widget-container\">\n\t\t\t<style>\/*! elementor-pro - v3.23.0 - 05-08-2024 *\/\n.elementor-slides .swiper-slide-bg{background-size:cover;background-position:50%;background-repeat:no-repeat;min-width:100%;min-height:100%}.elementor-slides .swiper-slide-inner{background-repeat:no-repeat;background-position:50%;position:absolute;top:0;left:0;bottom:0;right:0;padding:50px;margin:auto}.elementor-slides .swiper-slide-inner,.elementor-slides .swiper-slide-inner:hover{color:#fff;display:flex}.elementor-slides .swiper-slide-inner .elementor-background-overlay{position:absolute;z-index:0;top:0;bottom:0;left:0;right:0}.elementor-slides .swiper-slide-inner .elementor-slide-content{position:relative;z-index:1;width:100%}.elementor-slides .swiper-slide-inner .elementor-slide-heading{font-size:35px;font-weight:700;line-height:1}.elementor-slides .swiper-slide-inner .elementor-slide-description{font-size:17px;line-height:1.4}.elementor-slides .swiper-slide-inner .elementor-slide-description:not(:last-child),.elementor-slides .swiper-slide-inner .elementor-slide-heading:not(:last-child){margin-bottom:30px}.elementor-slides .swiper-slide-inner .elementor-slide-button{border:2px solid #fff;color:#fff;background:transparent;display:inline-block}.elementor-slides .swiper-slide-inner .elementor-slide-button,.elementor-slides .swiper-slide-inner .elementor-slide-button:hover{background:transparent;color:inherit;text-decoration:none}.elementor--v-position-top .swiper-slide-inner{align-items:flex-start}.elementor--v-position-bottom .swiper-slide-inner{align-items:flex-end}.elementor--v-position-middle .swiper-slide-inner{align-items:center}.elementor--h-position-left .swiper-slide-inner{justify-content:flex-start}.elementor--h-position-right .swiper-slide-inner{justify-content:flex-end}.elementor--h-position-center .swiper-slide-inner{justify-content:center}body.rtl .elementor-widget-slides .elementor-swiper-button-next{left:10px;right:auto}body.rtl .elementor-widget-slides .elementor-swiper-button-prev{right:10px;left:auto}.elementor-slides-wrapper div:not(.swiper-slide)>.swiper-slide-inner{display:none}@media (max-width:767px){.elementor-slides .swiper-slide-inner{padding:30px}.elementor-slides .swiper-slide-inner .elementor-slide-heading{font-size:23px;line-height:1;margin-bottom:15px}.elementor-slides .swiper-slide-inner .elementor-slide-description{font-size:13px;line-height:1.4;margin-bottom:15px}}<\/style>\t\t<div class=\"elementor-swiper\">\n\t\t\t<div class=\"elementor-slides-wrapper elementor-main-swiper swiper\" dir=\"ltr\" data-animation=\"fadeInUp\">\n\t\t\t\t<div class=\"swiper-wrapper elementor-slides\">\n\t\t\t\t\t\t\t\t\t\t<div class=\"elementor-repeater-item-bfcf179 swiper-slide\"><div class=\"swiper-slide-bg\" role=\"img\"><\/div><div class=\"elementor-background-overlay\"><\/div><a class=\"swiper-slide-inner\" href=\"https:\/\/www.titanlaw.ca\/form\/immmigration\/index.php\"><div class=\"swiper-slide-contents\"><div class=\"elementor-slide-heading\">\u00bfNecesita ayuda de nuestros abogados?<\/div><div  class=\"elementor-button elementor-slide-button elementor-size-sm\">Reserva una revisi\u00f3n gratuita de tu caso<\/div><\/div><\/a><\/div>\t\t\t\t<\/div>\n\t\t\t\t\t\t\t<\/div>\n\t\t<\/div>\n\t\t\t\t<\/div>\n\t\t\t\t<\/div>\n\t\t\t\t<div class=\"elementor-element elementor-element-743cd88 elementor-widget elementor-widget-text-editor\" data-id=\"743cd88\" data-element_type=\"widget\" data-widget_type=\"text-editor.default\">\n\t\t\t\t<div class=\"elementor-widget-container\">\n\t\t\t\t\t\t\t<p><strong>Puede que tambi\u00e9n te interese nuestro art\u00edculo:<\/strong><\/p>\n<ul>\n<li><a href=\"https:\/\/www.titanlaw.ca\/es\/comprender-los-criterios-de-elegibilidad-de-los-refugiados-en-canada\/\">Comprender los criterios de elegibilidad de los refugiados en Canad\u00e1<\/a><\/li>\n<li><a href=\"https:\/\/www.titanlaw.ca\/es\/proceso-de-inmigracion-a-canada-guia-paso-a-paso-para-trasladarte-a-canada\/\">Proceso de inmigraci\u00f3n a Canad\u00e1<\/a><\/li>\n<li><a href=\"https:\/\/www.titanlaw.ca\/es\/evaluacion-de-la-inmigracion-en-canada-averigua-hoy-si-cumples-los-requisitos\/\">Evaluaci\u00f3n de la inmigraci\u00f3n en Canad\u00e1<\/a><\/li>\n<\/ul>\n\t\t\t\t\t\t<\/div>\n\t\t\t\t<\/div>\n\t\t\t\t<div class=\"elementor-element elementor-element-bf5418f elementor-widget elementor-widget-accordion\" data-id=\"bf5418f\" data-element_type=\"widget\" data-widget_type=\"accordion.default\">\n\t\t\t\t<div class=\"elementor-widget-container\">\n\t\t\t<style>\/*! elementor - v3.23.0 - 05-08-2024 *\/\n.elementor-accordion{text-align:start}.elementor-accordion .elementor-accordion-item{border:1px solid #d5d8dc}.elementor-accordion .elementor-accordion-item+.elementor-accordion-item{border-top:none}.elementor-accordion .elementor-tab-title{margin:0;padding:15px 20px;font-weight:700;line-height:1;cursor:pointer;outline:none}.elementor-accordion .elementor-tab-title .elementor-accordion-icon{display:inline-block;width:1.5em}.elementor-accordion .elementor-tab-title .elementor-accordion-icon svg{width:1em;height:1em}.elementor-accordion .elementor-tab-title .elementor-accordion-icon.elementor-accordion-icon-right{float:right;text-align:right}.elementor-accordion .elementor-tab-title .elementor-accordion-icon.elementor-accordion-icon-left{float:left;text-align:left}.elementor-accordion .elementor-tab-title .elementor-accordion-icon .elementor-accordion-icon-closed{display:block}.elementor-accordion .elementor-tab-title .elementor-accordion-icon .elementor-accordion-icon-opened,.elementor-accordion .elementor-tab-title.elementor-active .elementor-accordion-icon-closed{display:none}.elementor-accordion .elementor-tab-title.elementor-active .elementor-accordion-icon-opened{display:block}.elementor-accordion .elementor-tab-content{display:none;padding:15px 20px;border-top:1px solid #d5d8dc}@media (max-width:767px){.elementor-accordion .elementor-tab-title{padding:12px 15px}.elementor-accordion .elementor-tab-title .elementor-accordion-icon{width:1.2em}.elementor-accordion .elementor-tab-content{padding:7px 15px}}.e-con-inner>.elementor-widget-accordion,.e-con>.elementor-widget-accordion{width:var(--container-widget-width);--flex-grow:var(--container-widget-flex-grow)}<\/style>\t\t<div class=\"elementor-accordion\">\n\t\t\t\t\t\t\t<div class=\"elementor-accordion-item\">\n\t\t\t\t\t<div id=\"elementor-tab-title-2001\" class=\"elementor-tab-title\" data-tab=\"1\" role=\"button\" aria-controls=\"elementor-tab-content-2001\" aria-expanded=\"false\">\n\t\t\t\t\t\t\t\t\t\t\t\t\t<span class=\"elementor-accordion-icon elementor-accordion-icon-left\" aria-hidden=\"true\">\n\t\t\t\t\t\t\t\t\t\t\t\t\t\t\t<span class=\"elementor-accordion-icon-closed\"><i class=\"fas fa-plus\"><\/i><\/span>\n\t\t\t\t\t\t\t\t<span class=\"elementor-accordion-icon-opened\"><i class=\"fas fa-minus\"><\/i><\/span>\n\t\t\t\t\t\t\t\t\t\t\t\t\t\t<\/span>\n\t\t\t\t\t\t\t\t\t\t\t\t<a class=\"elementor-accordion-title\" tabindex=\"0\">\u00bfQu\u00e9 es la Asociaci\u00f3n Estrat\u00e9gica M\u00e9xico-Canad\u00e1?<\/a>\n\t\t\t\t\t<\/div>\n\t\t\t\t\t<div id=\"elementor-tab-content-2001\" class=\"elementor-tab-content elementor-clearfix\" data-tab=\"1\" role=\"region\" aria-labelledby=\"elementor-tab-title-2001\"><p>Se trata de un nuevo marco bilateral firmado por el Primer Ministro Mark Carney y la Presidenta Claudia Sheinbaum para reforzar la cooperaci\u00f3n entre Canad\u00e1 y M\u00e9xico de 2025 a 2028. Abarca el comercio, la movilidad, la seguridad, el medio ambiente y la inclusi\u00f3n social. <\/p>\n<\/div>\n\t\t\t\t<\/div>\n\t\t\t\t\t\t\t<div class=\"elementor-accordion-item\">\n\t\t\t\t\t<div id=\"elementor-tab-title-2002\" class=\"elementor-tab-title\" data-tab=\"2\" role=\"button\" aria-controls=\"elementor-tab-content-2002\" aria-expanded=\"false\">\n\t\t\t\t\t\t\t\t\t\t\t\t\t<span class=\"elementor-accordion-icon elementor-accordion-icon-left\" aria-hidden=\"true\">\n\t\t\t\t\t\t\t\t\t\t\t\t\t\t\t<span class=\"elementor-accordion-icon-closed\"><i class=\"fas fa-plus\"><\/i><\/span>\n\t\t\t\t\t\t\t\t<span class=\"elementor-accordion-icon-opened\"><i class=\"fas fa-minus\"><\/i><\/span>\n\t\t\t\t\t\t\t\t\t\t\t\t\t\t<\/span>\n\t\t\t\t\t\t\t\t\t\t\t\t<a class=\"elementor-accordion-title\" tabindex=\"0\">\u00bfC\u00f3mo afecta este acuerdo a los mexicanos que est\u00e1n considerando emigrar a Canad\u00e1?<\/a>\n\t\t\t\t\t<\/div>\n\t\t\t\t\t<div id=\"elementor-tab-content-2002\" class=\"elementor-tab-content elementor-clearfix\" data-tab=\"2\" role=\"region\" aria-labelledby=\"elementor-tab-title-2002\"><p>Aunque no se han anunciado formalmente nuevos flujos de inmigraci\u00f3n, el acuerdo destaca la movilidad y la migraci\u00f3n como pilares fundamentales. Esto podr\u00eda significar mejoras en los programas de trabajadores temporales, procesos m\u00e1s \u00e1giles y mayores oportunidades en sectores como la agricultura, las infraestructuras y la investigaci\u00f3n. <\/p>\n<\/div>\n\t\t\t\t<\/div>\n\t\t\t\t\t\t\t<div class=\"elementor-accordion-item\">\n\t\t\t\t\t<div id=\"elementor-tab-title-2003\" class=\"elementor-tab-title\" data-tab=\"3\" role=\"button\" aria-controls=\"elementor-tab-content-2003\" aria-expanded=\"false\">\n\t\t\t\t\t\t\t\t\t\t\t\t\t<span class=\"elementor-accordion-icon elementor-accordion-icon-left\" aria-hidden=\"true\">\n\t\t\t\t\t\t\t\t\t\t\t\t\t\t\t<span class=\"elementor-accordion-icon-closed\"><i class=\"fas fa-plus\"><\/i><\/span>\n\t\t\t\t\t\t\t\t<span class=\"elementor-accordion-icon-opened\"><i class=\"fas fa-minus\"><\/i><\/span>\n\t\t\t\t\t\t\t\t\t\t\t\t\t\t<\/span>\n\t\t\t\t\t\t\t\t\t\t\t\t<a class=\"elementor-accordion-title\" tabindex=\"0\">\u00bfHabr\u00e1 nuevos programas de visados para los trabajadores mexicanos?<\/a>\n\t\t\t\t\t<\/div>\n\t\t\t\t\t<div id=\"elementor-tab-content-2003\" class=\"elementor-tab-content elementor-clearfix\" data-tab=\"3\" role=\"region\" aria-labelledby=\"elementor-tab-title-2003\"><p>El Plan de Acci\u00f3n menciona la movilidad laboral a corto plazo y la cooperaci\u00f3n en materia de &#8220;migraci\u00f3n segura, ordenada y regular&#8221;. Aunque a\u00fan se est\u00e1n desarrollando los detalles, sugiere la posibilidad de ampliar las opciones de visado de trabajo temporal. <\/p>\n<p data-start=\"1232\" data-end=\"1478\">\n<\/div>\n\t\t\t\t<\/div>\n\t\t\t\t\t\t\t<div class=\"elementor-accordion-item\">\n\t\t\t\t\t<div id=\"elementor-tab-title-2004\" class=\"elementor-tab-title\" data-tab=\"4\" role=\"button\" aria-controls=\"elementor-tab-content-2004\" aria-expanded=\"false\">\n\t\t\t\t\t\t\t\t\t\t\t\t\t<span class=\"elementor-accordion-icon elementor-accordion-icon-left\" aria-hidden=\"true\">\n\t\t\t\t\t\t\t\t\t\t\t\t\t\t\t<span class=\"elementor-accordion-icon-closed\"><i class=\"fas fa-plus\"><\/i><\/span>\n\t\t\t\t\t\t\t\t<span class=\"elementor-accordion-icon-opened\"><i class=\"fas fa-minus\"><\/i><\/span>\n\t\t\t\t\t\t\t\t\t\t\t\t\t\t<\/span>\n\t\t\t\t\t\t\t\t\t\t\t\t<a class=\"elementor-accordion-title\" tabindex=\"0\">\u00bfCrea el acuerdo una nueva v\u00eda hacia la residencia permanente?<\/a>\n\t\t\t\t\t<\/div>\n\t\t\t\t\t<div id=\"elementor-tab-content-2004\" class=\"elementor-tab-content elementor-clearfix\" data-tab=\"4\" role=\"region\" aria-labelledby=\"elementor-tab-title-2004\"><p>Todav\u00eda no. El plan no introduce expl\u00edcitamente nuevos programas de residencia permanente para los mexicanos. Sin embargo, puede sentar las bases para futuras iniciativas bilaterales que faciliten la transici\u00f3n del estatus temporal al permanente.k  <\/p>\n<\/div>\n\t\t\t\t<\/div>\n\t\t\t\t\t\t\t\t<\/div>\n\t\t\t\t<\/div>\n\t\t\t\t<\/div>\n\t\t\t\t<div class=\"elementor-element elementor-element-0e03890 elementor-widget elementor-widget-text-editor\" data-id=\"0e03890\" data-element_type=\"widget\" data-widget_type=\"text-editor.default\">\n\t\t\t\t<div class=\"elementor-widget-container\">\n\t\t\t\t\t\t\t<h2 data-start=\"5997\" data-end=\"6014\">Reflexiones finales<\/h2>\n<p data-start=\"133\" data-end=\"533\">El acuerdo Carney-Sheinbaum y el Plan de Acci\u00f3n 2025-2028 marcan un importante fortalecimiento de las relaciones entre Canad\u00e1 y M\u00e9xico, con ambiciosos objetivos en materia de comercio, seguridad, medio ambiente y movilidad. Para los mexicanos que miran hacia Canad\u00e1, esto sugiere posibles oportunidades nuevas o mejoradas, sobre todo en materia de trabajo temporal, marcos de migraci\u00f3n m\u00e1s colaborativos y protecciones m\u00e1s s\u00f3lidas para la mano de obra migrante. <\/p>\n<p data-start=\"535\" data-end=\"833\">Dicho esto, el acuerdo se encuentra todav\u00eda en una fase inicial. Los cambios concretos -especialmente en torno a las v\u00edas de inmigraci\u00f3n permanente- a\u00fan no se han detallado en documentos p\u00fablicos. Esto significa que, aunque el futuro parece prometedor, la planificaci\u00f3n cuidadosa y la orientaci\u00f3n profesional son m\u00e1s importantes que nunca.  <\/p>\n<p data-start=\"835\" data-end=\"1235\">La Asociaci\u00f3n Estrat\u00e9gica Canad\u00e1-M\u00e9xico representa un nuevo y emocionante cap\u00edtulo para las relaciones bilaterales &#8211; y para los mexicanos que est\u00e9n considerando vivir y trabajar en Canad\u00e1, las oportunidades podr\u00edan crecer sustancialmente. Ya sea que est\u00e9s explorando un visado de trabajo temporal, buscando la residencia permanente, o buscando claridad sobre c\u00f3mo estas pol\u00edticas en evoluci\u00f3n pueden afectar tu camino, contar con la orientaci\u00f3n legal adecuada es esencial. <\/p>\n<p data-start=\"1237\" data-end=\"1373\">En Titan Law, nuestros abogados de inmigraci\u00f3n se mantienen a la vanguardia de la evoluci\u00f3n pol\u00edtica para ayudarte a tomar decisiones estrat\u00e9gicas con conocimiento de causa.<\/p>\n<p data-start=\"1375\" data-end=\"1561\">\ud83d\udc49 <a href=\"https:\/\/www.titanlaw.ca\/form\/immmigration\/index.php\"><strong data-start=\"1378\" data-end=\"1422\">Reserva hoy una consulta con Titan Law<\/strong> <\/a>para explorar c\u00f3mo este acuerdo podr\u00eda dar forma a tu viaje de inmigraci\u00f3n y asegurarte de que est\u00e1s posicionado para aprovechar las nuevas oportunidades.<\/p>\n\t\t\t\t\t\t<\/div>\n\t\t\t\t<\/div>\n\t\t\t\t\t<\/div>\n\t\t\t\t<\/div>\n\t\t\t\t<\/div>\n\t\t","protected":false},"excerpt":{"rendered":"<p>Canad\u00e1 y M\u00e9xico acaban de elevar sus relaciones bilaterales de forma importante. El Primer Ministro, Mark Carney, y la Presidenta de M\u00e9xico, Claudia Sheinbaum, han firmado un acuerdo para profundizar en la cooperaci\u00f3n econ\u00f3mica, comercial y en materia de seguridad: la Asociaci\u00f3n Estrat\u00e9gica Integral Canad\u00e1-M\u00e9xico, respaldada por un nuevo Plan de Acci\u00f3n para 2025-2028. Este [&hellip;]<\/p>\n","protected":false},"author":1,"featured_media":34066,"comment_status":"closed","ping_status":"closed","sticky":false,"template":"","format":"standard","meta":{"content-type":"","om_disable_all_campaigns":false,"inline_featured_image":false,"_monsterinsights_skip_tracking":false,"_monsterinsights_sitenote_active":false,"_monsterinsights_sitenote_note":"","_monsterinsights_sitenote_category":0,"_uf_show_specific_survey":0,"_uf_disable_surveys":false,"footnotes":""},"categories":[43],"tags":[324,322,325,323],"class_list":["post-34118","post","type-post","status-publish","format-standard","has-post-thumbnail","hentry","category-sin-categorizar","tag-ley-de-inmigracion-en-canada","tag-leyes-de-inmigracion-en-canada","tag-leyes-de-inmigracion-familiar-canada","tag-los-mejores-bufetes-de-abogados-de-inmigracion-de-canada"],"_links":{"self":[{"href":"https:\/\/www.titanlaw.ca\/es\/wp-json\/wp\/v2\/posts\/34118"}],"collection":[{"href":"https:\/\/www.titanlaw.ca\/es\/wp-json\/wp\/v2\/posts"}],"about":[{"href":"https:\/\/www.titanlaw.ca\/es\/wp-json\/wp\/v2\/types\/post"}],"author":[{"embeddable":true,"href":"https:\/\/www.titanlaw.ca\/es\/wp-json\/wp\/v2\/users\/1"}],"replies":[{"embeddable":true,"href":"https:\/\/www.titanlaw.ca\/es\/wp-json\/wp\/v2\/comments?post=34118"}],"version-history":[{"count":5,"href":"https:\/\/www.titanlaw.ca\/es\/wp-json\/wp\/v2\/posts\/34118\/revisions"}],"predecessor-version":[{"id":34163,"href":"https:\/\/www.titanlaw.ca\/es\/wp-json\/wp\/v2\/posts\/34118\/revisions\/34163"}],"wp:featuredmedia":[{"embeddable":true,"href":"https:\/\/www.titanlaw.ca\/es\/wp-json\/wp\/v2\/media\/34066"}],"wp:attachment":[{"href":"https:\/\/www.titanlaw.ca\/es\/wp-json\/wp\/v2\/media?parent=34118"}],"wp:term":[{"taxonomy":"category","embeddable":true,"href":"https:\/\/www.titanlaw.ca\/es\/wp-json\/wp\/v2\/categories?post=34118"},{"taxonomy":"post_tag","embeddable":true,"href":"https:\/\/www.titanlaw.ca\/es\/wp-json\/wp\/v2\/tags?post=34118"}],"curies":[{"name":"wp","href":"https:\/\/api.w.org\/{rel}","templated":true}]}}