{"id":35572,"date":"2025-11-05T13:38:11","date_gmt":"2025-11-05T20:38:11","guid":{"rendered":"https:\/\/www.titanlaw.ca\/el-presupuesto-federal-de-canada-para-2025-como-podrian-afectar-negativamente-a-los-inmigrantes-los-nuevos-objetivos-de-inmigracion\/"},"modified":"2026-03-28T14:25:29","modified_gmt":"2026-03-28T21:25:29","slug":"el-presupuesto-federal-de-canada-para-2025-como-podrian-afectar-negativamente-a-los-inmigrantes-los-nuevos-objetivos-de-inmigracion","status":"publish","type":"post","link":"https:\/\/www.titanlaw.ca\/es\/el-presupuesto-federal-de-canada-para-2025-como-podrian-afectar-negativamente-a-los-inmigrantes-los-nuevos-objetivos-de-inmigracion\/","title":{"rendered":"El Presupuesto Federal de Canad\u00e1 para 2025: C\u00f3mo podr\u00edan afectar negativamente a los inmigrantes los nuevos objetivos de inmigraci\u00f3n"},"content":{"rendered":"\t\t<div data-elementor-type=\"wp-post\" data-elementor-id=\"35572\" class=\"elementor elementor-35572 elementor-35562\" data-elementor-post-type=\"post\">\n\t\t\t\t\t\t<section data-particle_enable=\"false\" data-particle-mobile-disabled=\"false\" class=\"elementor-section elementor-top-section elementor-element elementor-element-770a45f elementor-section-boxed elementor-section-height-default elementor-section-height-default\" data-id=\"770a45f\" data-element_type=\"section\">\n\t\t\t\t\t\t<div class=\"elementor-container elementor-column-gap-default\">\n\t\t\t\t\t<div class=\"elementor-column elementor-col-100 elementor-top-column elementor-element elementor-element-cd82162\" data-id=\"cd82162\" data-element_type=\"column\">\n\t\t\t<div class=\"elementor-widget-wrap elementor-element-populated\">\n\t\t\t\t\t\t<div class=\"elementor-element elementor-element-7a05349 elementor-widget elementor-widget-text-editor\" data-id=\"7a05349\" data-element_type=\"widget\" data-widget_type=\"text-editor.default\">\n\t\t\t\t<div class=\"elementor-widget-container\">\n\t\t\t<style>\/*! elementor - v3.23.0 - 05-08-2024 *\/\n.elementor-widget-text-editor.elementor-drop-cap-view-stacked .elementor-drop-cap{background-color:#69727d;color:#fff}.elementor-widget-text-editor.elementor-drop-cap-view-framed .elementor-drop-cap{color:#69727d;border:3px solid;background-color:transparent}.elementor-widget-text-editor:not(.elementor-drop-cap-view-default) .elementor-drop-cap{margin-top:8px}.elementor-widget-text-editor:not(.elementor-drop-cap-view-default) .elementor-drop-cap-letter{width:1em;height:1em}.elementor-widget-text-editor .elementor-drop-cap{float:left;text-align:center;line-height:1;font-size:50px}.elementor-widget-text-editor .elementor-drop-cap-letter{display:inline-block}<\/style>\t\t\t\t<p data-start=\"441\" data-end=\"808\"><span style=\"color: #000000;\">El Presupuesto Federal de Canad\u00e1 para <strong data-start=\"483\" data-end=\"503\">2025<\/strong>, publicado el <strong data-start=\"483\" data-end=\"503\">4 de noviembre<\/strong>, ha introducido cambios radicales en la estrategia de inmigraci\u00f3n del pa\u00eds. Aunque el gobierno enmarca estas medidas como &#8220;sostenibles&#8221; y &#8220;equilibradas&#8221;, la realidad es que muchos reci\u00e9n llegados y solicitantes pueden enfrentarse a mayores dificultades, tiempos de tramitaci\u00f3n m\u00e1s largos y menos oportunidades de establecerse permanentemente en Canad\u00e1.<\/span><\/p>\n<p data-start=\"810\" data-end=\"1154\"><span style=\"color: #000000;\">El presupuesto marca un cambio decisivo de la expansi\u00f3n a la consolidaci\u00f3n: reducci\u00f3n de los objetivos globales de inmigraci\u00f3n, endurecimiento de las admisiones de residentes temporales y reorientaci\u00f3n de la atenci\u00f3n hacia los inmigrantes de clase econ\u00f3mica. Para los futuros inmigrantes y los que ya est\u00e1n en Canad\u00e1, estos cambios pueden traducirse en una mayor competencia y una mayor incertidumbre.<\/span><\/p>\n\t\t\t\t\t\t<\/div>\n\t\t\t\t<\/div>\n\t\t\t\t\t<\/div>\n\t\t<\/div>\n\t\t\t\t\t<\/div>\n\t\t<\/section>\n\t\t<div data-particle_enable=\"false\" data-particle-mobile-disabled=\"false\" class=\"elementor-element elementor-element-9aa7d7f e-flex e-con-boxed e-con e-parent\" data-id=\"9aa7d7f\" data-element_type=\"container\">\n\t\t\t\t\t<div class=\"e-con-inner\">\n\t\t\t\t<div class=\"elementor-element elementor-element-4ad12f4 elementor-widget elementor-widget-heading\" data-id=\"4ad12f4\" data-element_type=\"widget\" data-widget_type=\"heading.default\">\n\t\t\t\t<div class=\"elementor-widget-container\">\n\t\t\t<style>\/*! elementor - v3.23.0 - 05-08-2024 *\/\n.elementor-heading-title{padding:0;margin:0;line-height:1}.elementor-widget-heading .elementor-heading-title[class*=elementor-size-]>a{color:inherit;font-size:inherit;line-height:inherit}.elementor-widget-heading .elementor-heading-title.elementor-size-small{font-size:15px}.elementor-widget-heading .elementor-heading-title.elementor-size-medium{font-size:19px}.elementor-widget-heading .elementor-heading-title.elementor-size-large{font-size:29px}.elementor-widget-heading .elementor-heading-title.elementor-size-xl{font-size:39px}.elementor-widget-heading .elementor-heading-title.elementor-size-xxl{font-size:59px}<\/style><h2 class=\"elementor-heading-title elementor-size-default\"><span data-start=\"1161\" data-end=\"1218\" style=\"white-space: normal; caret-color: rgb(0, 0, 0); color: rgb(0, 0, 0);\">Elementos clave de preocupaci\u00f3n en la inmigraci\u00f3n<\/span><\/h2>\t\t<\/div>\n\t\t\t\t<\/div>\n\t\t\t\t\t<\/div>\n\t\t\t\t<\/div>\n\t\t<div data-particle_enable=\"false\" data-particle-mobile-disabled=\"false\" class=\"elementor-element elementor-element-93f62a2 e-grid e-con-boxed e-con e-parent\" data-id=\"93f62a2\" data-element_type=\"container\">\n\t\t\t\t\t<div class=\"e-con-inner\">\n\t\t\t\t<div class=\"elementor-element elementor-element-9336a86 elementor-widget elementor-widget-image\" data-id=\"9336a86\" data-element_type=\"widget\" data-widget_type=\"image.default\">\n\t\t\t\t<div class=\"elementor-widget-container\">\n\t\t\t<style>\/*! elementor - v3.23.0 - 05-08-2024 *\/\n.elementor-widget-image{text-align:center}.elementor-widget-image a{display:inline-block}.elementor-widget-image a img[src$=\".svg\"]{width:48px}.elementor-widget-image img{vertical-align:middle;display:inline-block}<\/style>\t\t\t\t\t\t\t\t\t\t<img fetchpriority=\"high\" decoding=\"async\" width=\"800\" height=\"450\" src=\"https:\/\/www.titanlaw.ca\/wp-content\/uploads\/2025\/11\/Canadas-2025-Federal-Budget-How-the-New-Immigration-Targets-Could-Negatively-Impact-Immigrants-1024x576.avif\" class=\"attachment-large size-large wp-image-35589\" alt=\"\" srcset=\"https:\/\/www.titanlaw.ca\/wp-content\/uploads\/2025\/11\/Canadas-2025-Federal-Budget-How-the-New-Immigration-Targets-Could-Negatively-Impact-Immigrants-1024x576.avif 1024w, https:\/\/www.titanlaw.ca\/wp-content\/uploads\/2025\/11\/Canadas-2025-Federal-Budget-How-the-New-Immigration-Targets-Could-Negatively-Impact-Immigrants-300x169.avif 300w, https:\/\/www.titanlaw.ca\/wp-content\/uploads\/2025\/11\/Canadas-2025-Federal-Budget-How-the-New-Immigration-Targets-Could-Negatively-Impact-Immigrants-768x432.avif 768w, https:\/\/www.titanlaw.ca\/wp-content\/uploads\/2025\/11\/Canadas-2025-Federal-Budget-How-the-New-Immigration-Targets-Could-Negatively-Impact-Immigrants-1536x864.avif 1536w, https:\/\/www.titanlaw.ca\/wp-content\/uploads\/2025\/11\/Canadas-2025-Federal-Budget-How-the-New-Immigration-Targets-Could-Negatively-Impact-Immigrants-2048x1152.avif 2048w\" sizes=\"(max-width: 800px) 100vw, 800px\" \/>\t\t\t\t\t\t\t\t\t\t\t\t\t<\/div>\n\t\t\t\t<\/div>\n\t\t\t\t<div class=\"elementor-element elementor-element-f807659 elementor-widget elementor-widget-text-editor\" data-id=\"f807659\" data-element_type=\"widget\" data-widget_type=\"text-editor.default\">\n\t\t\t\t<div class=\"elementor-widget-container\">\n\t\t\t\t\t\t\t<h4 data-start=\"1002\" data-end=\"1050\"><span style=\"color: #000000;\">1. Objetivos reducidos de Residentes Permanentes (RP)<\/span><\/h4>\n<p data-start=\"1051\" data-end=\"1204\"><span style=\"color: #000000;\">Las admisiones anuales de RRPP en Canad\u00e1 tendr\u00e1n <strong data-start=\"1089\" data-end=\"1136\">un l\u00edmite de 380.000 al a\u00f1o de 2026 a 2028<\/strong> (dentro de un margen flexible de 350.000 a 420.000).<\/span><br data-start=\"1185\" data-end=\"1188\"><span style=\"color: #000000;\">En comparaci\u00f3n:<\/span><\/p>\n<ul data-start=\"1205\" data-end=\"1303\">\n<li data-start=\"1205\" data-end=\"1236\">\n<p data-start=\"1207\" data-end=\"1236\"><span style=\"color: #000000;\"><strong data-start=\"1207\" data-end=\"1226\">Objetivo de relaciones p\u00fablicas para 2025:<\/strong> 395.000<\/span><\/p>\n<\/li>\n<li data-start=\"1237\" data-end=\"1303\">\n<p data-start=\"1239\" data-end=\"1303\"><span style=\"color: #000000;\"><strong data-start=\"1239\" data-end=\"1293\">Objetivo previsto anteriormente para 2025 en planes anteriores:<\/strong> 500,000<\/span><\/p>\n<\/li>\n<\/ul>\n<p data-start=\"1305\" data-end=\"1515\"><span style=\"color: #000000;\"><strong data-start=\"1305\" data-end=\"1316\">Impacto:<\/strong><\/span><br data-start=\"1316\" data-end=\"1319\"><span style=\"color: #000000;\">Menos puestos de relaciones p\u00fablicas significan <strong data-start=\"1339\" data-end=\"1361\">mayor competencia<\/strong>. Muchos solicitantes que se preparaban con la expectativa de un aumento del n\u00famero de inmigrantes pueden enfrentarse ahora a requisitos m\u00e1s estrictos y a menores posibilidades de aprobaci\u00f3n.<\/span><\/p>\n\t\t\t\t\t\t<\/div>\n\t\t\t\t<\/div>\n\t\t\t\t\t<\/div>\n\t\t\t\t<\/div>\n\t\t<div data-particle_enable=\"false\" data-particle-mobile-disabled=\"false\" class=\"elementor-element elementor-element-b8fa286 e-flex e-con-boxed e-con e-parent\" data-id=\"b8fa286\" data-element_type=\"container\">\n\t\t\t\t\t<div class=\"e-con-inner\">\n\t\t\t\t<div class=\"elementor-element elementor-element-0c1c84d elementor-widget elementor-widget-text-editor\" data-id=\"0c1c84d\" data-element_type=\"widget\" data-widget_type=\"text-editor.default\">\n\t\t\t\t<div class=\"elementor-widget-container\">\n\t\t\t\t\t\t\t<h4 data-start=\"1522\" data-end=\"1580\"><span style=\"color: #000000;\">2. Importantes reducciones en las admisiones de residentes temporales<\/span><\/h4>\n<p data-start=\"1581\" data-end=\"1728\"><span style=\"color: #000000;\">Los residentes temporales -incluidos los estudiantes internacionales y los trabajadores extranjeros- se enfrentar\u00e1n a menores oportunidades de entrada, con un total de admisiones fijado en:<\/span><\/p>\n<ul data-start=\"1729\" data-end=\"1813\">\n<li data-start=\"1729\" data-end=\"1766\">\n<p data-start=\"1731\" data-end=\"1766\"><span style=\"color: #000000;\"><strong data-start=\"1731\" data-end=\"1764\">Aproximadamente 385.000 en 2026<\/strong><\/span><\/p>\n<\/li>\n<li data-start=\"1767\" data-end=\"1813\">\n<p data-start=\"1769\" data-end=\"1813\"><span style=\"color: #000000;\"><strong data-start=\"1769\" data-end=\"1811\">Aproximadamente 370.000 en 2027 y 2028<\/strong><\/span><\/p>\n<\/li>\n<\/ul>\n<p data-start=\"1815\" data-end=\"1829\"><span style=\"color: #000000;\">En comparaci\u00f3n con:<\/span><\/p>\n<ul data-start=\"1830\" data-end=\"1888\">\n<li data-start=\"1830\" data-end=\"1888\">\n<p data-start=\"1832\" data-end=\"1888\"><span style=\"color: #000000;\"><strong data-start=\"1832\" data-end=\"1888\">Aproximadamente 673.650 residentes temporales admitidos en 2025<\/strong><\/span><\/p>\n<\/li>\n<\/ul>\n<p data-start=\"1890\" data-end=\"2039\"><span style=\"color: #000000;\"><strong data-start=\"1890\" data-end=\"1901\">Impacto:<\/strong><\/span><br data-start=\"1901\" data-end=\"1904\"><span style=\"color: #000000;\">El estatuto temporal ha sido durante mucho tiempo una <strong data-start=\"1937\" data-end=\"1979\">v\u00eda principal hacia la residencia permanente<\/strong>. Reducir la admisi\u00f3n de residentes temporales en casi un 40% limita:<\/span><\/p>\n<ul data-start=\"2040\" data-end=\"2159\">\n<li data-start=\"2040\" data-end=\"2070\">\n<p data-start=\"2042\" data-end=\"2070\"><span style=\"color: #000000;\">Oportunidades de permisos de estudio<\/span><\/p>\n<\/li>\n<li data-start=\"2071\" data-end=\"2114\">\n<p data-start=\"2073\" data-end=\"2114\"><span style=\"color: #000000;\">Transiciones del permiso de trabajo tras la graduaci\u00f3n<\/span><\/p>\n<\/li>\n<li data-start=\"2115\" data-end=\"2159\">\n<p data-start=\"2117\" data-end=\"2159\"><span style=\"color: #000000;\">Autorizaciones de permisos de trabajo patrocinados por la empresa<\/span><\/p>\n<\/li>\n<\/ul>\n<p data-start=\"2161\" data-end=\"2218\"><span style=\"color: #000000;\">Esto deja a muchas personas sin un camino claro hacia las relaciones p\u00fablicas.<\/span><\/p>\n<h4 data-start=\"2225\" data-end=\"2308\"><span style=\"color: #000000;\">3. Prioridad de la clase econ\u00f3mica, crecimiento limitado de las corrientes familiar y humanitaria<\/span><\/h4>\n<p data-start=\"2309\" data-end=\"2463\"><span style=\"color: #000000;\">Aunque la inmigraci\u00f3n econ\u00f3mica sigue siendo una prioridad del gobierno, <strong data-start=\"2367\" data-end=\"2438\">la reagrupaci\u00f3n familiar y las admisiones humanitarias no aumentan<\/strong> en proporci\u00f3n a las necesidades.<\/span><\/p>\n<p data-start=\"2465\" data-end=\"2495\"><span style=\"color: #000000;\">Admisiones anuales previstas:<\/span><\/p>\n<ul data-start=\"2496\" data-end=\"2646\">\n<li data-start=\"2496\" data-end=\"2558\">\n<p data-start=\"2498\" data-end=\"2558\"><span style=\"color: #000000;\"><strong data-start=\"2498\" data-end=\"2515\">Clase Familiar:<\/strong> 84.000 en 2026 \u2192 81.000 en 2027 y 2028<\/span><\/p>\n<\/li>\n<li data-start=\"2559\" data-end=\"2646\">\n<p data-start=\"2561\" data-end=\"2646\"><span style=\"color: #000000;\"><strong data-start=\"2561\" data-end=\"2601\">Categor\u00edas de refugiados y humanitarios:<\/strong> 56.200 en 2026 \u2192 54.300 en los a\u00f1os siguientes<\/span><\/p>\n<\/li>\n<\/ul>\n<p data-start=\"2648\" data-end=\"2661\"><span style=\"color: #000000;\"><strong data-start=\"2648\" data-end=\"2659\">Impacto:<\/strong><\/span><\/p>\n<ul data-start=\"2662\" data-end=\"2945\">\n<li data-start=\"2662\" data-end=\"2724\">\n<p data-start=\"2664\" data-end=\"2724\"><span style=\"color: #000000;\">Esperas m\u00e1s largas para la reagrupaci\u00f3n de c\u00f3nyuges, padres e hijos<\/span><\/p>\n<\/li>\n<li data-start=\"2725\" data-end=\"2796\">\n<p data-start=\"2727\" data-end=\"2796\"><span style=\"color: #000000;\">Los solicitantes vulnerables pueden permanecer en la inseguridad jur\u00eddica y emocional<\/span><\/p>\n<\/li>\n<li data-start=\"2797\" data-end=\"2945\">\n<p data-start=\"2799\" data-end=\"2945\"><span style=\"color: #000000;\">El sistema favorece cada vez m\u00e1s a las personas con un alto nivel educativo, resultados ling\u00fc\u00edsticos y experiencia laboral, por encima de las circunstancias personales o humanitarias<\/span><\/p>\n<\/li>\n<\/ul>\n<h4 data-start=\"2952\" data-end=\"2994\"><span style=\"color: #000000;\">4. Retrasos operativos y de procesamiento<\/span><\/h4>\n<p data-start=\"2995\" data-end=\"3145\"><span style=\"color: #000000;\">Se prev\u00e9 que la plantilla del Servicio de Inmigraci\u00f3n, Refugiados y Ciudadan\u00eda de Canad\u00e1 (IRCC) <strong data-start=\"3072\" data-end=\"3084\">disminuya<\/strong> de <strong data-start=\"3090\" data-end=\"3142\">12.689 empleados en 2025-26 a 11.257 en 2027-28<\/strong>.<\/span><\/p>\n<p data-start=\"3147\" data-end=\"3160\"><span style=\"color: #000000;\"><strong data-start=\"3147\" data-end=\"3158\">Impacto:<\/strong><\/span><\/p>\n<ul data-start=\"3161\" data-end=\"3310\">\n<li data-start=\"3161\" data-end=\"3194\">\n<p data-start=\"3163\" data-end=\"3194\"><span style=\"color: #000000;\">Procesamiento m\u00e1s lento de las solicitudes<\/span><\/p>\n<\/li>\n<li data-start=\"3195\" data-end=\"3233\">\n<p data-start=\"3197\" data-end=\"3233\"><span style=\"color: #000000;\">Mayores retrasos y demoras continuas<\/span><\/p>\n<\/li>\n<li data-start=\"3234\" data-end=\"3310\">\n<p data-start=\"3236\" data-end=\"3310\"><span style=\"color: #000000;\">Mayor riesgo de permisos caducados y complicaciones de estatus durante la espera<\/span><\/p>\n<\/li>\n<\/ul>\n<h4 data-start=\"3317\" data-end=\"3344\"><span style=\"color: #000000;\">Resumen de los cambios<\/span><\/h4>\n<div class=\"_tableContainer_1rjym_1\">\n<div class=\"group _tableWrapper_1rjym_13 flex w-fit flex-col-reverse\" tabindex=\"-1\">\n<table class=\"w-fit min-w-(--thread-content-width)\" data-start=\"3346\" data-end=\"3777\">\n<thead data-start=\"3346\" data-end=\"3414\">\n<tr data-start=\"3346\" data-end=\"3414\">\n<th data-start=\"3346\" data-end=\"3361\" data-col-size=\"sm\"><span style=\"color: #000000;\"><strong data-start=\"3348\" data-end=\"3360\">Categor\u00eda<\/strong><\/span><\/th>\n<th data-start=\"3361\" data-end=\"3379\" data-col-size=\"sm\"><span style=\"color: #000000;\"><strong data-start=\"3363\" data-end=\"3378\">Objetivo 2025<\/strong><\/span><\/th>\n<th data-start=\"3379\" data-end=\"3400\" data-col-size=\"sm\"><span style=\"color: #000000;\"><strong data-start=\"3381\" data-end=\"3399\">Objetivo 2026-28<\/strong><\/span><\/th>\n<th data-start=\"3400\" data-end=\"3414\" data-col-size=\"md\"><span style=\"color: #000000;\"><strong data-start=\"3402\" data-end=\"3412\">Efecto<\/strong><\/span><\/th>\n<\/tr>\n<\/thead>\n<tbody data-start=\"3484\" data-end=\"3777\">\n<tr data-start=\"3484\" data-end=\"3576\">\n<td data-start=\"3484\" data-end=\"3506\" data-col-size=\"sm\"><span style=\"color: #000000;\">Residentes permanentes<\/span><\/td>\n<td data-col-size=\"sm\" data-start=\"3506\" data-end=\"3516\"><span style=\"color: #000000;\">395,000<\/span><\/td>\n<td data-col-size=\"sm\" data-start=\"3516\" data-end=\"3535\"><span style=\"color: #000000;\">380.000 al a\u00f1o<\/span><\/td>\n<td data-col-size=\"md\" data-start=\"3535\" data-end=\"3576\"><span style=\"color: #000000;\">Menos oportunidades, m\u00e1s competencia<\/span><\/td>\n<\/tr>\n<tr data-start=\"3577\" data-end=\"3673\">\n<td data-start=\"3577\" data-end=\"3599\" data-col-size=\"sm\"><span style=\"color: #000000;\">Residentes temporales<\/span><\/td>\n<td data-col-size=\"sm\" data-start=\"3599\" data-end=\"3610\"><span style=\"color: #000000;\">~673,650<\/span><\/td>\n<td data-col-size=\"sm\" data-start=\"3610\" data-end=\"3628\"><span style=\"color: #000000;\">385,000-370,000<\/span><\/td>\n<td data-col-size=\"md\" data-start=\"3628\" data-end=\"3673\"><span style=\"color: #000000;\">V\u00edas reducidas para estudiantes y trabajadores<\/span><\/td>\n<\/tr>\n<tr data-start=\"3674\" data-end=\"3777\">\n<td data-start=\"3674\" data-end=\"3698\" data-col-size=\"sm\"><span style=\"color: #000000;\">Familia y humanitario<\/span><\/td>\n<td data-col-size=\"sm\" data-start=\"3698\" data-end=\"3715\"><span style=\"color: #000000;\">Crecimiento m\u00ednimo<\/span><\/td>\n<td data-col-size=\"sm\" data-start=\"3715\" data-end=\"3733\"><span style=\"color: #000000;\">Sigue siendo limitado<\/span><\/td>\n<td data-col-size=\"md\" data-start=\"3733\" data-end=\"3777\"><span style=\"color: #000000;\">Mayores retrasos en la reunificaci\u00f3n y la tramitaci\u00f3n<\/span><\/td>\n<\/tr>\n<\/tbody>\n<\/table>\n<\/div>\n<\/div>\n\t\t\t\t\t\t<\/div>\n\t\t\t\t<\/div>\n\t\t\t\t\t<\/div>\n\t\t\t\t<\/div>\n\t\t<div data-particle_enable=\"false\" data-particle-mobile-disabled=\"false\" class=\"elementor-element elementor-element-c692f60 e-flex e-con-boxed e-con e-parent\" data-id=\"c692f60\" data-element_type=\"container\">\n\t\t\t\t\t<div class=\"e-con-inner\">\n\t\t\t\t<div class=\"elementor-element elementor-element-ffa6c37 elementor-widget elementor-widget-text-editor\" data-id=\"ffa6c37\" data-element_type=\"widget\" data-widget_type=\"text-editor.default\">\n\t\t\t\t<div class=\"elementor-widget-container\">\n\t\t\t\t\t\t\t<h2 data-start=\"4102\" data-end=\"4153\"><span style=\"color: #000000;\">C\u00f3mo afectan negativamente estos cambios a los inmigrantes<\/span><\/h2>\n<h5 data-start=\"4155\" data-end=\"4201\"><span style=\"color: #000000;\">1. Menos oportunidades y m\u00e1s retrasos<\/span><\/h5>\n<p data-start=\"4202\" data-end=\"4377\"><span style=\"color: #000000;\">Con unos topes de admisi\u00f3n reducidos, los solicitantes se enfrentan a una mayor competencia y a unos plazos de tramitaci\u00f3n m\u00e1s largos. Los que no tengan un perfil de Entrada Expr\u00e9s con una puntuaci\u00f3n alta pueden tener dificultades para cumplir los requisitos.<\/span><\/p>\n<h5 data-start=\"4379\" data-end=\"4425\"><span style=\"color: #000000;\">2. Normas m\u00e1s estrictas para los residentes temporales<\/span><\/h5>\n<p data-start=\"4426\" data-end=\"4597\"><span style=\"color: #000000;\">Los recortes en los permisos temporales significan menos oportunidades para que los estudiantes internacionales y los trabajadores extranjeros adquieran experiencia canadiense, uno de los factores clave para poder optar a una futura RP.<\/span><\/p>\n<h5 data-start=\"4599\" data-end=\"4634\"><span style=\"color: #000000;\">3. Sesgo econ\u00f3mico en la selecci\u00f3n<\/span><\/h5>\n<p data-start=\"4635\" data-end=\"4783\"><span style=\"color: #000000;\">Los solicitantes que no pertenezcan a la &#8220;clase econ\u00f3mica&#8221; -en particular las familias, los cuidadores y los casos humanitarios- experimentar\u00e1n esperas m\u00e1s largas o menos aprobaciones.<\/span><\/p>\n<h5 data-start=\"4785\" data-end=\"4820\"><span style=\"color: #000000;\">4. Cuellos de botella administrativos<\/span><\/h5>\n<p data-start=\"4821\" data-end=\"4969\"><span style=\"color: #000000;\">La reducci\u00f3n de personal podr\u00eda ralentizar todas las fases de la tramitaci\u00f3n, desde los datos biom\u00e9tricos hasta la aprobaci\u00f3n de las relaciones p\u00fablicas, aumentando el estr\u00e9s y la inseguridad jur\u00eddica de los solicitantes.<\/span><\/p>\n<h5 data-start=\"4971\" data-end=\"5025\"><span style=\"color: #000000;\">5. Barreras a\u00f1adidas para los solicitantes menos privilegiados<\/span><\/h5>\n<p data-start=\"5026\" data-end=\"5238\"><span style=\"color: #000000;\">Los solicitantes procedentes de entornos con rentas m\u00e1s bajas o de pa\u00edses con sistemas limitados de reconocimiento de credenciales podr\u00edan verse desproporcionadamente afectados, ya que el sistema premia cada vez m\u00e1s a los que tienen estudios superiores e ingresos.<\/span><\/p>\n<h3 data-start=\"5245\" data-end=\"5294\"><span style=\"color: #000000;\">Qu\u00e9 significa esto para los reci\u00e9n llegados y los solicitantes<\/span><\/h3>\n<p data-start=\"5295\" data-end=\"5508\"><span style=\"color: #000000;\">El mensaje del Presupuesto 2025 es claro: <strong data-start=\"5338\" data-end=\"5407\">inmigrar a Canad\u00e1 es cada vez m\u00e1s competitivo y selectivo.<\/strong> Para tener \u00e9xito, los solicitantes necesitan una preparaci\u00f3n m\u00e1s s\u00f3lida, orientaci\u00f3n actualizada y expectativas realistas.<\/span><\/p>\n<p data-start=\"5510\" data-end=\"5576\"><span style=\"color: #000000;\">Los abogados y asesores desempe\u00f1an un papel vital en la ayuda a los solicitantes:<\/span><\/p>\n<ul data-start=\"5577\" data-end=\"5807\">\n<li data-start=\"5577\" data-end=\"5629\">\n<p data-start=\"5579\" data-end=\"5629\"><span style=\"color: #000000;\">Identificar las v\u00edas de inmigraci\u00f3n m\u00e1s prometedoras<\/span><\/p>\n<\/li>\n<li data-start=\"5630\" data-end=\"5682\">\n<p data-start=\"5632\" data-end=\"5682\"><span style=\"color: #000000;\">Reforzar la documentaci\u00f3n sobre idiomas y credenciales<\/span><\/p>\n<\/li>\n<li data-start=\"5683\" data-end=\"5739\">\n<p data-start=\"5685\" data-end=\"5739\"><span style=\"color: #000000;\">Prep\u00e1rate para la evoluci\u00f3n de los criterios de elegibilidad y las cuotas<\/span><\/p>\n<\/li>\n<li data-start=\"5740\" data-end=\"5807\">\n<p data-start=\"5742\" data-end=\"5807\"><span style=\"color: #000000;\">Evita errores costosos que podr\u00edan retrasar o desbaratar una solicitud<\/span><\/p>\n<\/li>\n<\/ul>\n<h3 data-start=\"5814\" data-end=\"5862\"><span style=\"color: #000000;\">Conclusi\u00f3n: Ahora es esencial planificar con antelaci\u00f3n<\/span><\/h3>\n<p data-start=\"5863\" data-end=\"6194\"><span style=\"color: #000000;\">Aunque el gobierno federal enmarca estas medidas como responsables y sostenibles, el nuevo marco de inmigraci\u00f3n <strong data-start=\"5988\" data-end=\"6045\">dificulta a los reci\u00e9n llegados el acceso, la estancia y la integraci\u00f3n.<\/strong> La reducci\u00f3n del n\u00famero de admisiones, la lentitud de la tramitaci\u00f3n y la priorizaci\u00f3n econ\u00f3mica crean un entorno que exige una planificaci\u00f3n profesional y una actuaci\u00f3n oportuna.<\/span><\/p>\n\t\t\t\t\t\t<\/div>\n\t\t\t\t<\/div>\n\t\t\t\t\t<\/div>\n\t\t\t\t<\/div>\n\t\t<div data-particle_enable=\"false\" data-particle-mobile-disabled=\"false\" class=\"elementor-element elementor-element-4794701 e-flex e-con-boxed e-con e-parent\" data-id=\"4794701\" data-element_type=\"container\">\n\t\t\t\t\t<div class=\"e-con-inner\">\n\t\t\t\t<div class=\"elementor-element elementor-element-fabf033 elementor-align-center elementor-widget elementor-widget-button\" data-id=\"fabf033\" data-element_type=\"widget\" data-widget_type=\"button.default\">\n\t\t\t\t<div class=\"elementor-widget-container\">\n\t\t\t\t\t<div class=\"elementor-button-wrapper\">\n\t\t\t<a class=\"elementor-button elementor-button-link elementor-size-sm\" href=\"https:\/\/www.titanlaw.ca\/es\/concertar-una-consulta\/\">\n\t\t\t\t\t\t<span class=\"elementor-button-content-wrapper\">\n\t\t\t\t\t\t\t\t\t<span class=\"elementor-button-text\">Reserva una evaluaci\u00f3n<\/span>\n\t\t\t\t\t<\/span>\n\t\t\t\t\t<\/a>\n\t\t<\/div>\n\t\t\t\t<\/div>\n\t\t\t\t<\/div>\n\t\t\t\t\t<\/div>\n\t\t\t\t<\/div>\n\t\t<div data-particle_enable=\"false\" data-particle-mobile-disabled=\"false\" class=\"elementor-element elementor-element-2a655bc e-flex e-con-boxed e-con e-parent\" data-id=\"2a655bc\" data-element_type=\"container\">\n\t\t\t\t\t<div class=\"e-con-inner\">\n\t\t\t\t<div class=\"elementor-element elementor-element-c4c393f elementor-widget elementor-widget-text-editor\" data-id=\"c4c393f\" data-element_type=\"widget\" data-widget_type=\"text-editor.default\">\n\t\t\t\t<div class=\"elementor-widget-container\">\n\t\t\t\t\t\t\t<p data-start=\"107\" data-end=\"372\"><span style=\"color: #000000;\">Los cambios introducidos en el Presupuesto Federal de 2025 han creado un panorama de inmigraci\u00f3n m\u00e1s complejo y competitivo. Tomar decisiones informadas, seleccionar la v\u00eda m\u00e1s estrat\u00e9gica y preparar una solicitud s\u00f3lida y completa es ahora m\u00e1s importante que nunca.<\/span><\/p>\n<p data-start=\"374\" data-end=\"474\"><span style=\"color: #000000;\">En Titan Law, nuestros abogados de inmigraci\u00f3n ofrecen orientaci\u00f3n jur\u00eddica personalizada y estrat\u00e9gica. Podemos hacerlo:<\/span><\/p>\n<ul data-start=\"475\" data-end=\"839\">\n<li data-start=\"475\" data-end=\"569\">\n<p data-start=\"477\" data-end=\"569\"><span style=\"color: #000000;\">Eval\u00faa tu elegibilidad y tus perspectivas de inmigraci\u00f3n seg\u00fan el marco pol\u00edtico actualizado<\/span><\/p>\n<\/li>\n<li data-start=\"570\" data-end=\"723\">\n<p data-start=\"572\" data-end=\"723\"><span style=\"color: #000000;\">Identificar el programa de inmigraci\u00f3n o la v\u00eda de residencia permanente m\u00e1s adecuados en funci\u00f3n de tus antecedentes profesionales, educativos y personales<\/span><\/p>\n<\/li>\n<li data-start=\"724\" data-end=\"839\">\n<p data-start=\"726\" data-end=\"839\"><span style=\"color: #000000;\">Desarrolla una estrategia global para reforzar tu solicitud y minimizar el riesgo de retrasos o denegaciones<\/span><\/p>\n<\/li>\n<\/ul>\n<p data-start=\"841\" data-end=\"1022\"><span style=\"color: #000000;\">Te invitamos a programar una consulta con uno de nuestros profesionales de inmigraci\u00f3n para hablar de tus circunstancias y crear un plan claro y factible adaptado a tus objetivos.<\/span><\/p>\n<p data-start=\"1024\" data-end=\"1195\" data-is-last-node=\"\" data-is-only-node=\"\"><span style=\"color: #000000;\">Tu futuro en Canad\u00e1 justifica una planificaci\u00f3n cuidadosa y una toma de decisiones informada. Titan Law est\u00e1 aqu\u00ed para ayudarte a navegar por estos cambios con confianza y claridad.<\/span><\/p>\n\t\t\t\t\t\t<\/div>\n\t\t\t\t<\/div>\n\t\t\t\t\t<\/div>\n\t\t\t\t<\/div>\n\t\t\t\t<section data-particle_enable=\"false\" data-particle-mobile-disabled=\"false\" class=\"elementor-section elementor-top-section elementor-element elementor-element-c2e63ac elementor-section-boxed elementor-section-height-default elementor-section-height-default\" data-id=\"c2e63ac\" data-element_type=\"section\">\n\t\t\t\t\t\t<div class=\"elementor-container elementor-column-gap-default\">\n\t\t\t\t\t<div class=\"elementor-column elementor-col-100 elementor-top-column elementor-element elementor-element-a961d80\" data-id=\"a961d80\" data-element_type=\"column\">\n\t\t\t<div class=\"elementor-widget-wrap elementor-element-populated\">\n\t\t\t\t\t\t<div class=\"elementor-element elementor-element-3423ade elementor-widget elementor-widget-accordion\" data-id=\"3423ade\" data-element_type=\"widget\" data-widget_type=\"accordion.default\">\n\t\t\t\t<div class=\"elementor-widget-container\">\n\t\t\t<style>\/*! elementor - v3.23.0 - 05-08-2024 *\/\n.elementor-accordion{text-align:start}.elementor-accordion .elementor-accordion-item{border:1px solid #d5d8dc}.elementor-accordion .elementor-accordion-item+.elementor-accordion-item{border-top:none}.elementor-accordion .elementor-tab-title{margin:0;padding:15px 20px;font-weight:700;line-height:1;cursor:pointer;outline:none}.elementor-accordion .elementor-tab-title .elementor-accordion-icon{display:inline-block;width:1.5em}.elementor-accordion .elementor-tab-title .elementor-accordion-icon svg{width:1em;height:1em}.elementor-accordion .elementor-tab-title .elementor-accordion-icon.elementor-accordion-icon-right{float:right;text-align:right}.elementor-accordion .elementor-tab-title .elementor-accordion-icon.elementor-accordion-icon-left{float:left;text-align:left}.elementor-accordion .elementor-tab-title .elementor-accordion-icon .elementor-accordion-icon-closed{display:block}.elementor-accordion .elementor-tab-title .elementor-accordion-icon .elementor-accordion-icon-opened,.elementor-accordion .elementor-tab-title.elementor-active .elementor-accordion-icon-closed{display:none}.elementor-accordion .elementor-tab-title.elementor-active .elementor-accordion-icon-opened{display:block}.elementor-accordion .elementor-tab-content{display:none;padding:15px 20px;border-top:1px solid #d5d8dc}@media (max-width:767px){.elementor-accordion .elementor-tab-title{padding:12px 15px}.elementor-accordion .elementor-tab-title .elementor-accordion-icon{width:1.2em}.elementor-accordion .elementor-tab-content{padding:7px 15px}}.e-con-inner>.elementor-widget-accordion,.e-con>.elementor-widget-accordion{width:var(--container-widget-width);--flex-grow:var(--container-widget-flex-grow)}<\/style>\t\t<div class=\"elementor-accordion\">\n\t\t\t\t\t\t\t<div class=\"elementor-accordion-item\">\n\t\t\t\t\t<div id=\"elementor-tab-title-5461\" class=\"elementor-tab-title\" data-tab=\"1\" role=\"button\" aria-controls=\"elementor-tab-content-5461\" aria-expanded=\"false\">\n\t\t\t\t\t\t\t\t\t\t\t\t\t<span class=\"elementor-accordion-icon elementor-accordion-icon-left\" aria-hidden=\"true\">\n\t\t\t\t\t\t\t\t\t\t\t\t\t\t\t<span class=\"elementor-accordion-icon-closed\"><i class=\"fas fa-plus\"><\/i><\/span>\n\t\t\t\t\t\t\t\t<span class=\"elementor-accordion-icon-opened\"><i class=\"fas fa-minus\"><\/i><\/span>\n\t\t\t\t\t\t\t\t\t\t\t\t\t\t<\/span>\n\t\t\t\t\t\t\t\t\t\t\t\t<a class=\"elementor-accordion-title\" tabindex=\"0\">\u00bfC\u00f3mo afecta el Presupuesto Federal 2025 a los solicitantes de residencia permanente?<\/a>\n\t\t\t\t\t<\/div>\n\t\t\t\t\t<div id=\"elementor-tab-content-5461\" class=\"elementor-tab-content elementor-clearfix\" data-tab=\"1\" role=\"region\" aria-labelledby=\"elementor-tab-title-5461\"><p>El Presupuesto 2025 reduce el objetivo anual de residentes permanentes a 380.000 para 2026-2028. Esto significa menos plazas disponibles y requisitos de solicitud m\u00e1s competitivos, por lo que es esencial una s\u00f3lida planificaci\u00f3n estrat\u00e9gica y de elegibilidad.<\/p>\n<\/div>\n\t\t\t\t<\/div>\n\t\t\t\t\t\t\t<div class=\"elementor-accordion-item\">\n\t\t\t\t\t<div id=\"elementor-tab-title-5462\" class=\"elementor-tab-title\" data-tab=\"2\" role=\"button\" aria-controls=\"elementor-tab-content-5462\" aria-expanded=\"false\">\n\t\t\t\t\t\t\t\t\t\t\t\t\t<span class=\"elementor-accordion-icon elementor-accordion-icon-left\" aria-hidden=\"true\">\n\t\t\t\t\t\t\t\t\t\t\t\t\t\t\t<span class=\"elementor-accordion-icon-closed\"><i class=\"fas fa-plus\"><\/i><\/span>\n\t\t\t\t\t\t\t\t<span class=\"elementor-accordion-icon-opened\"><i class=\"fas fa-minus\"><\/i><\/span>\n\t\t\t\t\t\t\t\t\t\t\t\t\t\t<\/span>\n\t\t\t\t\t\t\t\t\t\t\t\t<a class=\"elementor-accordion-title\" tabindex=\"0\">\u00bfSer\u00e1 m\u00e1s dif\u00edcil conseguir un permiso de estudios o de trabajo?<\/a>\n\t\t\t\t\t<\/div>\n\t\t\t\t\t<div id=\"elementor-tab-content-5462\" class=\"elementor-tab-content elementor-clearfix\" data-tab=\"2\" role=\"region\" aria-labelledby=\"elementor-tab-title-5462\"><p>S\u00ed. Las admisiones de residentes temporales se reducir\u00e1n significativamente a partir de 2026. Esto incluye menos permisos de estudio y de trabajo, lo que podr\u00eda limitar el acceso a las v\u00edas tradicionalmente utilizadas para la transici\u00f3n a la residencia permanente.<\/p>\n<\/div>\n\t\t\t\t<\/div>\n\t\t\t\t\t\t\t<div class=\"elementor-accordion-item\">\n\t\t\t\t\t<div id=\"elementor-tab-title-5463\" class=\"elementor-tab-title\" data-tab=\"3\" role=\"button\" aria-controls=\"elementor-tab-content-5463\" aria-expanded=\"false\">\n\t\t\t\t\t\t\t\t\t\t\t\t\t<span class=\"elementor-accordion-icon elementor-accordion-icon-left\" aria-hidden=\"true\">\n\t\t\t\t\t\t\t\t\t\t\t\t\t\t\t<span class=\"elementor-accordion-icon-closed\"><i class=\"fas fa-plus\"><\/i><\/span>\n\t\t\t\t\t\t\t\t<span class=\"elementor-accordion-icon-opened\"><i class=\"fas fa-minus\"><\/i><\/span>\n\t\t\t\t\t\t\t\t\t\t\t\t\t\t<\/span>\n\t\t\t\t\t\t\t\t\t\t\t\t<a class=\"elementor-accordion-title\" tabindex=\"0\">\u00bfInfluye el presupuesto en las solicitudes de apadrinamiento familiar?<\/a>\n\t\t\t\t\t<\/div>\n\t\t\t\t\t<div id=\"elementor-tab-content-5463\" class=\"elementor-tab-content elementor-clearfix\" data-tab=\"3\" role=\"region\" aria-labelledby=\"elementor-tab-title-5463\"><p>Las cifras de apadrinamiento familiar no est\u00e1n aumentando y se prev\u00e9 que disminuyan ligeramente en los pr\u00f3ximos a\u00f1os. Como consecuencia, los solicitantes pueden experimentar plazos de tramitaci\u00f3n m\u00e1s largos y mayores periodos de espera para la reagrupaci\u00f3n familiar.<\/p>\n<\/div>\n\t\t\t\t<\/div>\n\t\t\t\t\t\t\t<div class=\"elementor-accordion-item\">\n\t\t\t\t\t<div id=\"elementor-tab-title-5464\" class=\"elementor-tab-title\" data-tab=\"4\" role=\"button\" aria-controls=\"elementor-tab-content-5464\" aria-expanded=\"false\">\n\t\t\t\t\t\t\t\t\t\t\t\t\t<span class=\"elementor-accordion-icon elementor-accordion-icon-left\" aria-hidden=\"true\">\n\t\t\t\t\t\t\t\t\t\t\t\t\t\t\t<span class=\"elementor-accordion-icon-closed\"><i class=\"fas fa-plus\"><\/i><\/span>\n\t\t\t\t\t\t\t\t<span class=\"elementor-accordion-icon-opened\"><i class=\"fas fa-minus\"><\/i><\/span>\n\t\t\t\t\t\t\t\t\t\t\t\t\t\t<\/span>\n\t\t\t\t\t\t\t\t\t\t\t\t<a class=\"elementor-accordion-title\" tabindex=\"0\">\u00bfSe ven afectadas las v\u00edas humanitarias y de refugiados?<\/a>\n\t\t\t\t\t<\/div>\n\t\t\t\t\t<div id=\"elementor-tab-content-5464\" class=\"elementor-tab-content elementor-clearfix\" data-tab=\"4\" role=\"region\" aria-labelledby=\"elementor-tab-title-5464\"><p>Las admisiones humanitarias y de refugiados se mantienen relativamente estables, pero no aumentan. Con el aumento de los desplazamientos globales, la mayor demanda puede provocar tiempos de espera m\u00e1s largos y presiones para establecer prioridades.<\/p>\n<\/div>\n\t\t\t\t<\/div>\n\t\t\t\t\t\t\t<div class=\"elementor-accordion-item\">\n\t\t\t\t\t<div id=\"elementor-tab-title-5465\" class=\"elementor-tab-title\" data-tab=\"5\" role=\"button\" aria-controls=\"elementor-tab-content-5465\" aria-expanded=\"false\">\n\t\t\t\t\t\t\t\t\t\t\t\t\t<span class=\"elementor-accordion-icon elementor-accordion-icon-left\" aria-hidden=\"true\">\n\t\t\t\t\t\t\t\t\t\t\t\t\t\t\t<span class=\"elementor-accordion-icon-closed\"><i class=\"fas fa-plus\"><\/i><\/span>\n\t\t\t\t\t\t\t\t<span class=\"elementor-accordion-icon-opened\"><i class=\"fas fa-minus\"><\/i><\/span>\n\t\t\t\t\t\t\t\t\t\t\t\t\t\t<\/span>\n\t\t\t\t\t\t\t\t\t\t\t\t<a class=\"elementor-accordion-title\" tabindex=\"0\">\u00bfCu\u00e1l es la diferencia entre residencia temporal y residencia permanente?<\/a>\n\t\t\t\t\t<\/div>\n\t\t\t\t\t<div id=\"elementor-tab-content-5465\" class=\"elementor-tab-content elementor-clearfix\" data-tab=\"5\" role=\"region\" aria-labelledby=\"elementor-tab-title-5465\"><p style=\"font-weight: 400;\">La residencia temporal permite a las personas estudiar, trabajar o visitar Canad\u00e1 durante un tiempo limitado, mientras que la residencia permanente proporciona un estatus a largo plazo y una v\u00eda hacia la ciudadan\u00eda. Tradicionalmente, muchos residentes temporales pasaban a la residencia permanente, pero esta v\u00eda puede ser ahora m\u00e1s limitada.<\/p>\n<p style=\"font-weight: 400;\">\n<\/div>\n\t\t\t\t<\/div>\n\t\t\t\t\t\t\t\t<\/div>\n\t\t\t\t<\/div>\n\t\t\t\t<\/div>\n\t\t\t\t\t<\/div>\n\t\t<\/div>\n\t\t\t\t\t<\/div>\n\t\t<\/section>\n\t\t\t\t<\/div>\n\t\t","protected":false},"excerpt":{"rendered":"<p>El Presupuesto Federal de Canad\u00e1 para 2025, publicado el 4 de noviembre, ha introducido cambios radicales en la estrategia de inmigraci\u00f3n del pa\u00eds. Aunque el gobierno enmarca estas medidas como &#8220;sostenibles&#8221; y &#8220;equilibradas&#8221;, la realidad es que muchos reci\u00e9n llegados y solicitantes pueden enfrentarse a mayores dificultades, tiempos de tramitaci\u00f3n m\u00e1s largos y menos oportunidades [&hellip;]<\/p>\n","protected":false},"author":1,"featured_media":35589,"comment_status":"closed","ping_status":"closed","sticky":false,"template":"","format":"standard","meta":{"content-type":"","om_disable_all_campaigns":false,"inline_featured_image":false,"_monsterinsights_skip_tracking":false,"_monsterinsights_sitenote_active":false,"_monsterinsights_sitenote_note":"","_monsterinsights_sitenote_category":0,"_uf_show_specific_survey":0,"_uf_disable_surveys":false,"footnotes":""},"categories":[43],"tags":[],"class_list":["post-35572","post","type-post","status-publish","format-standard","has-post-thumbnail","hentry","category-sin-categorizar"],"_links":{"self":[{"href":"https:\/\/www.titanlaw.ca\/es\/wp-json\/wp\/v2\/posts\/35572"}],"collection":[{"href":"https:\/\/www.titanlaw.ca\/es\/wp-json\/wp\/v2\/posts"}],"about":[{"href":"https:\/\/www.titanlaw.ca\/es\/wp-json\/wp\/v2\/types\/post"}],"author":[{"embeddable":true,"href":"https:\/\/www.titanlaw.ca\/es\/wp-json\/wp\/v2\/users\/1"}],"replies":[{"embeddable":true,"href":"https:\/\/www.titanlaw.ca\/es\/wp-json\/wp\/v2\/comments?post=35572"}],"version-history":[{"count":10,"href":"https:\/\/www.titanlaw.ca\/es\/wp-json\/wp\/v2\/posts\/35572\/revisions"}],"predecessor-version":[{"id":38039,"href":"https:\/\/www.titanlaw.ca\/es\/wp-json\/wp\/v2\/posts\/35572\/revisions\/38039"}],"wp:featuredmedia":[{"embeddable":true,"href":"https:\/\/www.titanlaw.ca\/es\/wp-json\/wp\/v2\/media\/35589"}],"wp:attachment":[{"href":"https:\/\/www.titanlaw.ca\/es\/wp-json\/wp\/v2\/media?parent=35572"}],"wp:term":[{"taxonomy":"category","embeddable":true,"href":"https:\/\/www.titanlaw.ca\/es\/wp-json\/wp\/v2\/categories?post=35572"},{"taxonomy":"post_tag","embeddable":true,"href":"https:\/\/www.titanlaw.ca\/es\/wp-json\/wp\/v2\/tags?post=35572"}],"curies":[{"name":"wp","href":"https:\/\/api.w.org\/{rel}","templated":true}]}}