{"id":17586,"date":"2022-05-22T14:15:56","date_gmt":"2022-05-22T21:15:56","guid":{"rendered":"https:\/\/www.titanlaw.ca\/la-cour-federale-canadienne-decide-dannuler-laccord-sur-les-refugies-conclu-avec-les-etats-unis\/"},"modified":"2025-08-01T23:16:30","modified_gmt":"2025-08-02T06:16:30","slug":"la-cour-federale-canadienne-decide-dannuler-laccord-sur-les-refugies-conclu-avec-les-etats-unis","status":"publish","type":"post","link":"https:\/\/www.titanlaw.ca\/fr\/la-cour-federale-canadienne-decide-dannuler-laccord-sur-les-refugies-conclu-avec-les-etats-unis\/","title":{"rendered":"La Cour f\u00e9d\u00e9rale canadienne d\u00e9cide d&#8217;annuler l&#8217;accord sur les r\u00e9fugi\u00e9s conclu avec les \u00c9tats-Unis"},"content":{"rendered":"\t\t<div data-elementor-type=\"wp-post\" data-elementor-id=\"17586\" class=\"elementor elementor-17586 elementor-394\" data-elementor-post-type=\"post\">\n\t\t\t\t\t\t<section data-particle_enable=\"false\" data-particle-mobile-disabled=\"false\" class=\"elementor-section elementor-top-section elementor-element elementor-element-44d24971 elementor-section-boxed elementor-section-height-default elementor-section-height-default\" data-id=\"44d24971\" data-element_type=\"section\">\n\t\t\t\t\t\t<div class=\"elementor-container elementor-column-gap-default\">\n\t\t\t\t\t<div class=\"elementor-column elementor-col-100 elementor-top-column elementor-element elementor-element-9eb675c\" data-id=\"9eb675c\" data-element_type=\"column\">\n\t\t\t<div class=\"elementor-widget-wrap elementor-element-populated\">\n\t\t\t\t\t\t<div class=\"elementor-element elementor-element-10dcd6d2 elementor-widget elementor-widget-text-editor\" data-id=\"10dcd6d2\" data-element_type=\"widget\" data-widget_type=\"text-editor.default\">\n\t\t\t\t<div class=\"elementor-widget-container\">\n\t\t\t<style>\/*! elementor - v3.23.0 - 05-08-2024 *\/\n.elementor-widget-text-editor.elementor-drop-cap-view-stacked .elementor-drop-cap{background-color:#69727d;color:#fff}.elementor-widget-text-editor.elementor-drop-cap-view-framed .elementor-drop-cap{color:#69727d;border:3px solid;background-color:transparent}.elementor-widget-text-editor:not(.elementor-drop-cap-view-default) .elementor-drop-cap{margin-top:8px}.elementor-widget-text-editor:not(.elementor-drop-cap-view-default) .elementor-drop-cap-letter{width:1em;height:1em}.elementor-widget-text-editor .elementor-drop-cap{float:left;text-align:center;line-height:1;font-size:50px}.elementor-widget-text-editor .elementor-drop-cap-letter{display:inline-block}<\/style>\t\t\t\t<p><span style=\"color: #333333;\"><a style=\"color: #333333;\" href=\"https:\/\/www.titanlaw.ca\/fr\/blog\/\">Tous les postes<\/a><\/span><\/p>\n\t\t\t\t\t\t<\/div>\n\t\t\t\t<\/div>\n\t\t\t\t\t<\/div>\n\t\t<\/div>\n\t\t\t\t\t<\/div>\n\t\t<\/section>\n\t\t\t\t<section data-particle_enable=\"false\" data-particle-mobile-disabled=\"false\" class=\"elementor-section elementor-top-section elementor-element elementor-element-61bb83e elementor-section-boxed elementor-section-height-default elementor-section-height-default\" data-id=\"61bb83e\" data-element_type=\"section\">\n\t\t\t\t\t\t<div class=\"elementor-container elementor-column-gap-default\">\n\t\t\t\t\t<div class=\"elementor-column elementor-col-100 elementor-top-column elementor-element elementor-element-6412dd6d\" data-id=\"6412dd6d\" data-element_type=\"column\">\n\t\t\t<div class=\"elementor-widget-wrap elementor-element-populated\">\n\t\t\t\t\t\t<div class=\"elementor-element elementor-element-3e6b7bac elementor-widget elementor-widget-heading\" data-id=\"3e6b7bac\" data-element_type=\"widget\" data-widget_type=\"heading.default\">\n\t\t\t\t<div class=\"elementor-widget-container\">\n\t\t\t<style>\/*! elementor - v3.23.0 - 05-08-2024 *\/\n.elementor-heading-title{padding:0;margin:0;line-height:1}.elementor-widget-heading .elementor-heading-title[class*=elementor-size-]>a{color:inherit;font-size:inherit;line-height:inherit}.elementor-widget-heading .elementor-heading-title.elementor-size-small{font-size:15px}.elementor-widget-heading .elementor-heading-title.elementor-size-medium{font-size:19px}.elementor-widget-heading .elementor-heading-title.elementor-size-large{font-size:29px}.elementor-widget-heading .elementor-heading-title.elementor-size-xl{font-size:39px}.elementor-widget-heading .elementor-heading-title.elementor-size-xxl{font-size:59px}<\/style><h1 class=\"elementor-heading-title elementor-size-default\">La Cour f\u00e9d\u00e9rale canadienne d\u00e9cide d&#8217;annuler l&#8217;accord sur les r\u00e9fugi\u00e9s conclu avec les \u00c9tats-Unis<\/h1>\t\t<\/div>\n\t\t\t\t<\/div>\n\t\t\t\t<div class=\"elementor-element elementor-element-573e0edb elementor-widget elementor-widget-text-editor\" data-id=\"573e0edb\" data-element_type=\"widget\" data-widget_type=\"text-editor.default\">\n\t\t\t\t<div class=\"elementor-widget-container\">\n\t\t\t\t\t\t\t<figure class=\"wp-block-image size-full\"><img fetchpriority=\"high\" decoding=\"async\" class=\"alignnone wp-image-395\" title=\"Un tribunal canadien annule l'accord sur le statut de r\u00e9fugi\u00e9 avec les \u00c9tats-Unis\" src=\"https:\/\/www.titanlaw.ca\/wp-content\/uploads\/2022\/05\/leaf-from-a-tree.webp\" alt=\"Un tribunal canadien annule l'accord sur le statut de r\u00e9fugi\u00e9 avec les \u00c9tats-Unis\" width=\"740\" height=\"493\" srcset=\"https:\/\/www.titanlaw.ca\/wp-content\/uploads\/2022\/05\/leaf-from-a-tree.webp 740w, https:\/\/www.titanlaw.ca\/wp-content\/uploads\/2022\/05\/leaf-from-a-tree-300x200.webp 300w\" sizes=\"(max-width: 740px) 100vw, 740px\" \/><\/figure>\n<p id=\"viewer-fb04s\">Dans un r\u00e9cent arr\u00eat, la Cour f\u00e9d\u00e9rale canadienne a d\u00e9clar\u00e9 qu&#8217;elle mettrait fin \u00e0 l&#8217;accord conjoint sur les r\u00e9fugi\u00e9s conclu avec les \u00c9tats-Unis. Cette nouvelle d\u00e9cision entrera en vigueur \u00e0 Ottawa dans six mois, ce qui donnera au gouvernement le temps de se pr\u00e9parer.<\/p>\n<p id=\"viewer-55onp\">Le Canada et les \u00c9tats-Unis ont tous deux particip\u00e9 \u00e0 un accord conclu en 2004, l&#8217;accord sur les tiers pays s\u00fbrs. Cet accord permettait \u00e0 la fronti\u00e8re canadienne de refouler les r\u00e9fugi\u00e9s en provenance des \u00c9tats-Unis, afin qu&#8217;ils puissent s&#8217;efforcer d&#8217;obtenir le statut de r\u00e9fugi\u00e9 aux \u00c9tats-Unis.<\/p>\n<p id=\"viewer-8b00g\">Depuis cet accord, de nombreuses personnes se sont oppos\u00e9es \u00e0 ces proc\u00e9dures, car elles ont \u00e9t\u00e9 victimes de traitements injustes et cruels de la part des agents frontaliers et des lois am\u00e9ricaines. Ils ont \u00e9galement affirm\u00e9 que les \u00c9tats-Unis n&#8217;\u00e9taient pas vraiment un pays s\u00fbr pour les r\u00e9fugi\u00e9s, car ils sont souvent pers\u00e9cut\u00e9s et trait\u00e9s de mani\u00e8re contraire \u00e0 l&#8217;\u00e9thique.<\/p>\n<p id=\"viewer-feqgm\">Plusieurs r\u00e9fugi\u00e9s ainsi que la Commission canadienne des r\u00e9fugi\u00e9s et Amnesty International ont saisi la justice pour contester cet accord. Ils ont fait valoir que le fait de refouler des r\u00e9fugi\u00e9s \u00e0 la fronti\u00e8re les mettait en position de subir des pers\u00e9cutions et de se retrouver en d\u00e9tention ou en prison.<\/p>\n<p id=\"viewer-ebqcj\">Les demandeurs d&#8217;asile ont fait part de leurs propres difficult\u00e9s apr\u00e8s avoir \u00e9t\u00e9 refoul\u00e9s \u00e0 la fronti\u00e8re et ont expliqu\u00e9 que les \u00c9tats-Unis n&#8217;avaient pas cherch\u00e9 \u00e0 r\u00e9pondre \u00e0 leurs besoins en tant que r\u00e9fugi\u00e9s et qu&#8217;ils avaient m\u00eame agi contre eux en violant leurs droits.<\/p>\n<p id=\"viewer-19s78\">Le tribunal a d\u00e9cid\u00e9 de rompre cet accord et, dans un d\u00e9lai de six mois, de ne plus refuser les r\u00e9fugi\u00e9s venant des \u00c9tats-Unis. Cette d\u00e9cision ouvrira, esp\u00e9rons-le, de nombreuses possibilit\u00e9s aux demandeurs d&#8217;asile \u00e0 la recherche d&#8217;une vie nouvelle et s\u00fbre.<\/p>\n<hr \/>\n<p id=\"viewer-e202b\">Le contenu ci-dessus est fourni \u00e0 titre d&#8217;information g\u00e9n\u00e9rale uniquement et ne constitue pas un conseil juridique ou professionnel, ni une opinion de quelque nature que ce soit. Il est conseill\u00e9 aux lecteurs de ce site web de demander un avis juridique sp\u00e9cifique en contactant les membres de Titan Law Corporation (ou leur propre conseiller juridique) concernant toute question juridique sp\u00e9cifique. Titan Law Corporation ne garantit pas la qualit\u00e9, l&#8217;exactitude ou l&#8217;exhaustivit\u00e9 des informations contenues dans ce site web. Les articles publi\u00e9s sur ce site sont \u00e0 jour \u00e0 la date de leur publication initiale, mais ne doivent pas \u00eatre consid\u00e9r\u00e9s comme exacts, opportuns ou adapt\u00e9s \u00e0 un usage particulier. Ce site web ne cr\u00e9e pas de relation avocat-client.<\/p>\t\t\t\t\t\t<\/div>\n\t\t\t\t<\/div>\n\t\t\t\t\t<\/div>\n\t\t<\/div>\n\t\t\t\t\t<\/div>\n\t\t<\/section>\n\t\t\t\t<section data-particle_enable=\"false\" data-particle-mobile-disabled=\"false\" class=\"elementor-section elementor-top-section elementor-element elementor-element-322b442d elementor-section-boxed elementor-section-height-default elementor-section-height-default\" data-id=\"322b442d\" data-element_type=\"section\">\n\t\t\t\t\t\t<div class=\"elementor-container elementor-column-gap-default\">\n\t\t\t\t\t<div class=\"elementor-column elementor-col-100 elementor-top-column elementor-element elementor-element-29346688\" data-id=\"29346688\" data-element_type=\"column\">\n\t\t\t<div class=\"elementor-widget-wrap elementor-element-populated\">\n\t\t\t\t\t\t<div class=\"elementor-element elementor-element-433294d3 elementor-widget elementor-widget-heading\" data-id=\"433294d3\" data-element_type=\"widget\" data-widget_type=\"heading.default\">\n\t\t\t\t<div class=\"elementor-widget-container\">\n\t\t\t<h2 class=\"elementor-heading-title elementor-size-default\">Messages r\u00e9cents<\/h2>\t\t<\/div>\n\t\t\t\t<\/div>\n\t\t\t\t<div class=\"elementor-element elementor-element-53548357 elementor-widget elementor-widget-shortcode\" data-id=\"53548357\" data-element_type=\"widget\" data-widget_type=\"shortcode.default\">\n\t\t\t\t<div class=\"elementor-widget-container\">\n\t\t\t\t\t<div class=\"elementor-shortcode\">\t\t<div class=\"wppsac-wrap wppsac-slick-carousel-wrp wppsac-clearfix \" data-conf=\"{&quot;slides_to_show&quot;:3,&quot;slides_to_scroll&quot;:1,&quot;dots&quot;:&quot;true&quot;,&quot;arrows&quot;:&quot;true&quot;,&quot;autoplay&quot;:&quot;true&quot;,&quot;autoplay_interval&quot;:3000,&quot;speed&quot;:500,&quot;rtl&quot;:&quot;false&quot;,&quot;lazyload&quot;:&quot;&quot;}\">\r\n\t\t\t<div id=\"wppsac-post-carousel-1\" class=\"wppsac-post-slider-init wppsac-post-carousel design-1\">\r\n\t\t\t\t<div class=\"wppsac-carousel-slides\">\r\n\t\t<div class=\"wppsac-post-image-bg\">\r\n\t\t<a href=\"https:\/\/www.titanlaw.ca\/fr\/10-ans-dexistence-celebrez-avec-nous-et-offrez-une-heure-de-consultation-juridique-gratuite-a-vos-amis-et-a-votre-famille\/\">\r\n\t\t\t<img decoding=\"async\" class=\"wppsac-post-image\"  src=\"https:\/\/www.titanlaw.ca\/wp-content\/uploads\/2026\/04\/Vignette-Youtube-Entrainement-Moderne-Bleu-et-Blanc.png\" alt=\"10 ans d&#8217;existence : C\u00e9l\u00e9brez avec nous et offrez une heure de consultation juridique gratuite \u00e0 vos amis et \u00e0 votre famille.\" \/>\r\n\t\t<\/a>\r\n\t<\/div>\r\n\t\r\n\t<div class=\"wppsac-post-content-position\">\r\n\t\t\t\t<div class=\"wppsac-post-categories\"><ul class=\"wppsac-post-categories-list\"><li><a href=\"https:\/\/www.titanlaw.ca\/fr\/.\/non-classifiee\/\">Non classifi\u00e9(e)<\/a><\/li><\/ul><\/div>\r\n\t\t\r\n\t\t<h2 class=\"wppsac-post-title\">\r\n\t\t\t<a href=\"https:\/\/www.titanlaw.ca\/fr\/10-ans-dexistence-celebrez-avec-nous-et-offrez-une-heure-de-consultation-juridique-gratuite-a-vos-amis-et-a-votre-famille\/\">10 ans d&#8217;existence : C\u00e9l\u00e9brez avec nous et offrez une heure de consultation juridique gratuite \u00e0 vos amis et \u00e0 votre famille.<\/a>\r\n\t\t<\/h2>\r\n\r\n\t\t\t\t<div class=\"wppsac-post-date\">\r\n\t\t\t\t\t\t<span>By admins<\/span>\r\n\t\t\t \/ 28.04.2026\t\t<\/div>\r\n\t\t\t\t<div class=\"wppsac-post-content\">\r\n\t\t\t<div class=\"wppsac-sub-content\">Cette ann\u00e9e marque une \u00e9tape importante pour nous tous \u00e0 Titan Law - notre dixi\u00e8me anniversaire. Au cours de la...<\/div>\r\n\r\n\t\t\t\t\t\t<a class=\"wppsac-readmorebtn\" href=\"https:\/\/www.titanlaw.ca\/fr\/10-ans-dexistence-celebrez-avec-nous-et-offrez-une-heure-de-consultation-juridique-gratuite-a-vos-amis-et-a-votre-famille\/\">Read More<\/a>\r\n\t\t\t\t\t<\/div>\r\n\t\t\t<\/div>\r\n<\/div><div class=\"wppsac-carousel-slides\">\r\n\t\t<div class=\"wppsac-post-image-bg\">\r\n\t\t<a href=\"https:\/\/www.titanlaw.ca\/fr\/vous-avez-paye-pour-un-emploi-au-canada-qui-ne-sest-jamais-concretise-vous-avez-peut-etre-des-options-juridiques\/\">\r\n\t\t\t<img decoding=\"async\" class=\"wppsac-post-image\"  src=\"https:\/\/www.titanlaw.ca\/wp-content\/uploads\/2025\/11\/DSC05666-scaled-e1763680889268.jpeg\" alt=\"Vous avez pay\u00e9 pour un emploi au Canada qui ne s&#8217;est jamais concr\u00e9tis\u00e9 ? Vous avez peut-\u00eatre des options juridiques\" \/>\r\n\t\t<\/a>\r\n\t<\/div>\r\n\t\r\n\t<div class=\"wppsac-post-content-position\">\r\n\t\t\t\t<div class=\"wppsac-post-categories\"><ul class=\"wppsac-post-categories-list\"><li><a href=\"https:\/\/www.titanlaw.ca\/fr\/.\/non-classifiee\/\">Non classifi\u00e9(e)<\/a><\/li><\/ul><\/div>\r\n\t\t\r\n\t\t<h2 class=\"wppsac-post-title\">\r\n\t\t\t<a href=\"https:\/\/www.titanlaw.ca\/fr\/vous-avez-paye-pour-un-emploi-au-canada-qui-ne-sest-jamais-concretise-vous-avez-peut-etre-des-options-juridiques\/\">Vous avez pay\u00e9 pour un emploi au Canada qui ne s&#8217;est jamais concr\u00e9tis\u00e9 ? Vous avez peut-\u00eatre des options juridiques<\/a>\r\n\t\t<\/h2>\r\n\r\n\t\t\t\t<div class=\"wppsac-post-date\">\r\n\t\t\t\t\t\t<span>By admins<\/span>\r\n\t\t\t \/ 09.04.2026\t\t<\/div>\r\n\t\t\t\t<div class=\"wppsac-post-content\">\r\n\t\t\t<div class=\"wppsac-sub-content\">Pour de nombreux travailleurs \u00e9trangers, le Canada repr\u00e9sente une opportunit\u00e9, une stabilit\u00e9 et un avenir meilleur. Malheureusement, certaines personnes sont...<\/div>\r\n\r\n\t\t\t\t\t\t<a class=\"wppsac-readmorebtn\" href=\"https:\/\/www.titanlaw.ca\/fr\/vous-avez-paye-pour-un-emploi-au-canada-qui-ne-sest-jamais-concretise-vous-avez-peut-etre-des-options-juridiques\/\">Read More<\/a>\r\n\t\t\t\t\t<\/div>\r\n\t\t\t<\/div>\r\n<\/div><div class=\"wppsac-carousel-slides\">\r\n\t\t<div class=\"wppsac-post-image-bg\">\r\n\t\t<a href=\"https:\/\/www.titanlaw.ca\/fr\/avez-vous-encore-le-droit-de-travailler-au-canada-apres-ladoption-du-projet-de-loi-c-12\/\">\r\n\t\t\t<img decoding=\"async\" class=\"wppsac-post-image\"  src=\"https:\/\/www.titanlaw.ca\/wp-content\/uploads\/2026\/03\/hero1.jpg\" alt=\"Avez-vous encore le droit de travailler au Canada apr\u00e8s l&#8217;adoption du projet de loi C-12 ?\" \/>\r\n\t\t<\/a>\r\n\t<\/div>\r\n\t\r\n\t<div class=\"wppsac-post-content-position\">\r\n\t\t\t\t<div class=\"wppsac-post-categories\"><ul class=\"wppsac-post-categories-list\"><li><a href=\"https:\/\/www.titanlaw.ca\/fr\/.\/non-classifiee\/\">Non classifi\u00e9(e)<\/a><\/li><\/ul><\/div>\r\n\t\t\r\n\t\t<h2 class=\"wppsac-post-title\">\r\n\t\t\t<a href=\"https:\/\/www.titanlaw.ca\/fr\/avez-vous-encore-le-droit-de-travailler-au-canada-apres-ladoption-du-projet-de-loi-c-12\/\">Avez-vous encore le droit de travailler au Canada apr\u00e8s l&#8217;adoption du projet de loi C-12 ?<\/a>\r\n\t\t<\/h2>\r\n\r\n\t\t\t\t<div class=\"wppsac-post-date\">\r\n\t\t\t\t\t\t<span>By admins<\/span>\r\n\t\t\t \/ 01.04.2026\t\t<\/div>\r\n\t\t\t\t<div class=\"wppsac-post-content\">\r\n\t\t\t<div class=\"wppsac-sub-content\">Le paysage de l'immigration au Canada \u00e9volue rapidement et, pour de nombreux demandeurs d'asile, ces changements pourraient signifier la perte...<\/div>\r\n\r\n\t\t\t\t\t\t<a class=\"wppsac-readmorebtn\" href=\"https:\/\/www.titanlaw.ca\/fr\/avez-vous-encore-le-droit-de-travailler-au-canada-apres-ladoption-du-projet-de-loi-c-12\/\">Read More<\/a>\r\n\t\t\t\t\t<\/div>\r\n\t\t\t<\/div>\r\n<\/div><div class=\"wppsac-carousel-slides\">\r\n\t\t<div class=\"wppsac-post-image-bg\">\r\n\t\t<a href=\"https:\/\/www.titanlaw.ca\/fr\/nouvelle-loi-sur-les-refugies-au-canada-des-milliers-de-personnes-pourraient-desormais-ne-pas-etre-eligibles-etes-vous-concerne\/\">\r\n\t\t\t<img decoding=\"async\" class=\"wppsac-post-image\"  src=\"https:\/\/www.titanlaw.ca\/wp-content\/uploads\/2026\/03\/New-Refugee-Law-in-Canada-scaled-e1774643508401.jpg\" alt=\"Nouvelle loi sur les r\u00e9fugi\u00e9s au Canada : Des milliers de personnes pourraient d\u00e9sormais ne pas \u00eatre \u00e9ligibles &#8211; \u00cates-vous concern\u00e9 ?\" \/>\r\n\t\t<\/a>\r\n\t<\/div>\r\n\t\r\n\t<div class=\"wppsac-post-content-position\">\r\n\t\t\t\t<div class=\"wppsac-post-categories\"><ul class=\"wppsac-post-categories-list\"><li><a href=\"https:\/\/www.titanlaw.ca\/fr\/.\/non-classifiee\/\">Non classifi\u00e9(e)<\/a><\/li><\/ul><\/div>\r\n\t\t\r\n\t\t<h2 class=\"wppsac-post-title\">\r\n\t\t\t<a href=\"https:\/\/www.titanlaw.ca\/fr\/nouvelle-loi-sur-les-refugies-au-canada-des-milliers-de-personnes-pourraient-desormais-ne-pas-etre-eligibles-etes-vous-concerne\/\">Nouvelle loi sur les r\u00e9fugi\u00e9s au Canada : Des milliers de personnes pourraient d\u00e9sormais ne pas \u00eatre \u00e9ligibles &#8211; \u00cates-vous concern\u00e9 ?<\/a>\r\n\t\t<\/h2>\r\n\r\n\t\t\t\t<div class=\"wppsac-post-date\">\r\n\t\t\t\t\t\t<span>By admins<\/span>\r\n\t\t\t \/ 27.03.2026\t\t<\/div>\r\n\t\t\t\t<div class=\"wppsac-post-content\">\r\n\t\t\t<div class=\"wppsac-sub-content\">Le syst\u00e8me d'immigration et d'asile du Canada a subi un changement majeur. Avec l'adoption r\u00e9cente du projet de loi C-12...<\/div>\r\n\r\n\t\t\t\t\t\t<a class=\"wppsac-readmorebtn\" href=\"https:\/\/www.titanlaw.ca\/fr\/nouvelle-loi-sur-les-refugies-au-canada-des-milliers-de-personnes-pourraient-desormais-ne-pas-etre-eligibles-etes-vous-concerne\/\">Read More<\/a>\r\n\t\t\t\t\t<\/div>\r\n\t\t\t<\/div>\r\n<\/div><div class=\"wppsac-carousel-slides\">\r\n\t\t<div class=\"wppsac-post-image-bg\">\r\n\t\t<a href=\"https:\/\/www.titanlaw.ca\/fr\/le-canada-lance-une-nouvelle-filiere-tr-pr-33-000-places-sont-disponibles-pour-les-travailleurs-temporaires-souhaitant-obtenir-la-residence-permanente\/\">\r\n\t\t\t<img decoding=\"async\" class=\"wppsac-post-image\"  src=\"https:\/\/www.titanlaw.ca\/wp-content\/uploads\/2025\/06\/how-to-immigrate-to-Canada-scaled.jpeg\" alt=\"Le Canada lance une nouvelle fili\u00e8re TR-PR : 33 000 places sont disponibles pour les travailleurs temporaires souhaitant obtenir la r\u00e9sidence permanente.\" \/>\r\n\t\t<\/a>\r\n\t<\/div>\r\n\t\r\n\t<div class=\"wppsac-post-content-position\">\r\n\t\t\t\t<div class=\"wppsac-post-categories\"><ul class=\"wppsac-post-categories-list\"><li><a href=\"https:\/\/www.titanlaw.ca\/fr\/.\/non-classifiee\/\">Non classifi\u00e9(e)<\/a><\/li><\/ul><\/div>\r\n\t\t\r\n\t\t<h2 class=\"wppsac-post-title\">\r\n\t\t\t<a href=\"https:\/\/www.titanlaw.ca\/fr\/le-canada-lance-une-nouvelle-filiere-tr-pr-33-000-places-sont-disponibles-pour-les-travailleurs-temporaires-souhaitant-obtenir-la-residence-permanente\/\">Le Canada lance une nouvelle fili\u00e8re TR-PR : 33 000 places sont disponibles pour les travailleurs temporaires souhaitant obtenir la r\u00e9sidence permanente.<\/a>\r\n\t\t<\/h2>\r\n\r\n\t\t\t\t<div class=\"wppsac-post-date\">\r\n\t\t\t\t\t\t<span>By admins<\/span>\r\n\t\t\t \/ 06.03.2026\t\t<\/div>\r\n\t\t\t\t<div class=\"wppsac-post-content\">\r\n\t\t\t<div class=\"wppsac-sub-content\">Le Canada a officiellement lanc\u00e9 un nouveau parcours de r\u00e9sident temporaire \u00e0 r\u00e9sident permanent (TR \u00e0 PR), cr\u00e9ant une rare...<\/div>\r\n\r\n\t\t\t\t\t\t<a class=\"wppsac-readmorebtn\" href=\"https:\/\/www.titanlaw.ca\/fr\/le-canada-lance-une-nouvelle-filiere-tr-pr-33-000-places-sont-disponibles-pour-les-travailleurs-temporaires-souhaitant-obtenir-la-residence-permanente\/\">Read More<\/a>\r\n\t\t\t\t\t<\/div>\r\n\t\t\t<\/div>\r\n<\/div><div class=\"wppsac-carousel-slides\">\r\n\t\t<div class=\"wppsac-post-image-bg\">\r\n\t\t<a href=\"https:\/\/www.titanlaw.ca\/fr\/modifications-de-la-loi-canadienne-sur-les-refugies-en-2026-ce-que-les-demandeurs-dasile-doivent-savoir\/\">\r\n\t\t\t<img decoding=\"async\" class=\"wppsac-post-image\"  src=\"https:\/\/www.titanlaw.ca\/wp-content\/uploads\/2026\/02\/LXY03723-scaled-e1771368161855.jpg\" alt=\"Modifications de la loi canadienne sur les r\u00e9fugi\u00e9s en 2026 : ce que les demandeurs d&#8217;asile doivent savoir\" \/>\r\n\t\t<\/a>\r\n\t<\/div>\r\n\t\r\n\t<div class=\"wppsac-post-content-position\">\r\n\t\t\t\t<div class=\"wppsac-post-categories\"><ul class=\"wppsac-post-categories-list\"><li><a href=\"https:\/\/www.titanlaw.ca\/fr\/.\/non-classifiee\/\">Non classifi\u00e9(e)<\/a><\/li><\/ul><\/div>\r\n\t\t\r\n\t\t<h2 class=\"wppsac-post-title\">\r\n\t\t\t<a href=\"https:\/\/www.titanlaw.ca\/fr\/modifications-de-la-loi-canadienne-sur-les-refugies-en-2026-ce-que-les-demandeurs-dasile-doivent-savoir\/\">Modifications de la loi canadienne sur les r\u00e9fugi\u00e9s en 2026 : ce que les demandeurs d&#8217;asile doivent savoir<\/a>\r\n\t\t<\/h2>\r\n\r\n\t\t\t\t<div class=\"wppsac-post-date\">\r\n\t\t\t\t\t\t<span>By admins<\/span>\r\n\t\t\t \/ 17.02.2026\t\t<\/div>\r\n\t\t\t\t<div class=\"wppsac-post-content\">\r\n\t\t\t<div class=\"wppsac-sub-content\">Le syst\u00e8me canadien d'asile et d'immigration est sur le point de faire l'objet d'une r\u00e9forme majeure. La Loi renfor\u00e7ant le...<\/div>\r\n\r\n\t\t\t\t\t\t<a class=\"wppsac-readmorebtn\" href=\"https:\/\/www.titanlaw.ca\/fr\/modifications-de-la-loi-canadienne-sur-les-refugies-en-2026-ce-que-les-demandeurs-dasile-doivent-savoir\/\">Read More<\/a>\r\n\t\t\t\t\t<\/div>\r\n\t\t\t<\/div>\r\n<\/div><div class=\"wppsac-carousel-slides\">\r\n\t\t<div class=\"wppsac-post-image-bg\">\r\n\t\t<a href=\"https:\/\/www.titanlaw.ca\/fr\/avocat-de-vancouver-specialise-dans-limmigration-et-les-refugies-karen-jantzen-avocate-et-avocate-conseil\/\">\r\n\t\t\t<img decoding=\"async\" class=\"wppsac-post-image\"  src=\"https:\/\/www.titanlaw.ca\/wp-content\/uploads\/2026\/02\/8DCF4FA8-30d8D-4E00-856A-4A83FE0B6E4F_1_105_c-e1770327689309.jpg\" alt=\"Avocat de Vancouver sp\u00e9cialis\u00e9 dans l&#8217;immigration et les r\u00e9fugi\u00e9s : Karen Jantzen, avocate et avocate-conseil\" \/>\r\n\t\t<\/a>\r\n\t<\/div>\r\n\t\r\n\t<div class=\"wppsac-post-content-position\">\r\n\t\t\t\t<div class=\"wppsac-post-categories\"><ul class=\"wppsac-post-categories-list\"><li><a href=\"https:\/\/www.titanlaw.ca\/fr\/.\/non-classifiee\/\">Non classifi\u00e9(e)<\/a><\/li><\/ul><\/div>\r\n\t\t\r\n\t\t<h2 class=\"wppsac-post-title\">\r\n\t\t\t<a href=\"https:\/\/www.titanlaw.ca\/fr\/avocat-de-vancouver-specialise-dans-limmigration-et-les-refugies-karen-jantzen-avocate-et-avocate-conseil\/\">Avocat de Vancouver sp\u00e9cialis\u00e9 dans l&#8217;immigration et les r\u00e9fugi\u00e9s : Karen Jantzen, avocate et avocate-conseil<\/a>\r\n\t\t<\/h2>\r\n\r\n\t\t\t\t<div class=\"wppsac-post-date\">\r\n\t\t\t\t\t\t<span>By admins<\/span>\r\n\t\t\t \/ 05.02.2026\t\t<\/div>\r\n\t\t\t\t<div class=\"wppsac-post-content\">\r\n\t\t\t<div class=\"wppsac-sub-content\">Lorsque votre capacit\u00e9 \u00e0 rester au Canada est li\u00e9e \u00e0 votre s\u00e9curit\u00e9, \u00e0 votre sant\u00e9 ou \u00e0 vos moyens de...<\/div>\r\n\r\n\t\t\t\t\t\t<a class=\"wppsac-readmorebtn\" href=\"https:\/\/www.titanlaw.ca\/fr\/avocat-de-vancouver-specialise-dans-limmigration-et-les-refugies-karen-jantzen-avocate-et-avocate-conseil\/\">Read More<\/a>\r\n\t\t\t\t\t<\/div>\r\n\t\t\t<\/div>\r\n<\/div><div class=\"wppsac-carousel-slides\">\r\n\t\t<div class=\"wppsac-post-image-bg\">\r\n\t\t<a href=\"https:\/\/www.titanlaw.ca\/fr\/la-nouvelle-loi-canadienne-sur-la-citoyennete-est-desormais-en-vigueur-des-milliers-de-personnes-nees-a-letranger-peuvent-enfin-y-pretendre\/\">\r\n\t\t\t<img decoding=\"async\" class=\"wppsac-post-image\"  src=\"https:\/\/www.titanlaw.ca\/wp-content\/uploads\/2025\/07\/13-e1752188251617.png\" alt=\"La nouvelle loi canadienne sur la citoyennet\u00e9 est d\u00e9sormais en vigueur &#8211; Des milliers de personnes n\u00e9es \u00e0 l&#8217;\u00e9tranger peuvent enfin y pr\u00e9tendre\" \/>\r\n\t\t<\/a>\r\n\t<\/div>\r\n\t\r\n\t<div class=\"wppsac-post-content-position\">\r\n\t\t\t\t<div class=\"wppsac-post-categories\"><ul class=\"wppsac-post-categories-list\"><li><a href=\"https:\/\/www.titanlaw.ca\/fr\/.\/non-classifiee\/\">Non classifi\u00e9(e)<\/a><\/li><\/ul><\/div>\r\n\t\t\r\n\t\t<h2 class=\"wppsac-post-title\">\r\n\t\t\t<a href=\"https:\/\/www.titanlaw.ca\/fr\/la-nouvelle-loi-canadienne-sur-la-citoyennete-est-desormais-en-vigueur-des-milliers-de-personnes-nees-a-letranger-peuvent-enfin-y-pretendre\/\">La nouvelle loi canadienne sur la citoyennet\u00e9 est d\u00e9sormais en vigueur &#8211; Des milliers de personnes n\u00e9es \u00e0 l&#8217;\u00e9tranger peuvent enfin y pr\u00e9tendre<\/a>\r\n\t\t<\/h2>\r\n\r\n\t\t\t\t<div class=\"wppsac-post-date\">\r\n\t\t\t\t\t\t<span>By admins<\/span>\r\n\t\t\t \/ 17.12.2025\t\t<\/div>\r\n\t\t\t\t<div class=\"wppsac-post-content\">\r\n\t\t\t<div class=\"wppsac-sub-content\">15 d\u00e9cembre 2025 - Ottawa : D'importants changements \u00e0 la l\u00e9gislation sur la citoyennet\u00e9 canadienne sont maintenant en vigueur et...<\/div>\r\n\r\n\t\t\t\t\t\t<a class=\"wppsac-readmorebtn\" href=\"https:\/\/www.titanlaw.ca\/fr\/la-nouvelle-loi-canadienne-sur-la-citoyennete-est-desormais-en-vigueur-des-milliers-de-personnes-nees-a-letranger-peuvent-enfin-y-pretendre\/\">Read More<\/a>\r\n\t\t\t\t\t<\/div>\r\n\t\t\t<\/div>\r\n<\/div><div class=\"wppsac-carousel-slides\">\r\n\t\t<div class=\"wppsac-post-image-bg\">\r\n\t\t<a href=\"https:\/\/www.titanlaw.ca\/fr\/le-projet-de-loi-c-12-pourrait-annuler-des-milliers-de-demandes-de-visa-dincubateur-pour-jeunes-entreprises-ce-que-les-entrepreneurs-doivent-savoir-maintenant\/\">\r\n\t\t\t<img decoding=\"async\" class=\"wppsac-post-image\"  src=\"https:\/\/www.titanlaw.ca\/wp-content\/uploads\/2025\/12\/Starting-a-Business-in-Canada-scaled-e1764874321952.jpeg\" alt=\"Le projet de loi C-12 pourrait annuler des milliers de demandes de visa d&#8217;incubateur pour jeunes entreprises : Ce que les entrepreneurs doivent savoir maintenant\" \/>\r\n\t\t<\/a>\r\n\t<\/div>\r\n\t\r\n\t<div class=\"wppsac-post-content-position\">\r\n\t\t\t\t<div class=\"wppsac-post-categories\"><ul class=\"wppsac-post-categories-list\"><li><a href=\"https:\/\/www.titanlaw.ca\/fr\/.\/non-classifiee\/\">Non classifi\u00e9(e)<\/a><\/li><\/ul><\/div>\r\n\t\t\r\n\t\t<h2 class=\"wppsac-post-title\">\r\n\t\t\t<a href=\"https:\/\/www.titanlaw.ca\/fr\/le-projet-de-loi-c-12-pourrait-annuler-des-milliers-de-demandes-de-visa-dincubateur-pour-jeunes-entreprises-ce-que-les-entrepreneurs-doivent-savoir-maintenant\/\">Le projet de loi C-12 pourrait annuler des milliers de demandes de visa d&#8217;incubateur pour jeunes entreprises : Ce que les entrepreneurs doivent savoir maintenant<\/a>\r\n\t\t<\/h2>\r\n\r\n\t\t\t\t<div class=\"wppsac-post-date\">\r\n\t\t\t\t\t\t<span>By admins<\/span>\r\n\t\t\t \/ 04.12.2025\t\t<\/div>\r\n\t\t\t\t<div class=\"wppsac-post-content\">\r\n\t\t\t<div class=\"wppsac-sub-content\">Un tournant d\u00e9cisif pour l'immigration des gens d'affaires au Canada Le projet de loi C-12, officiellement connu sous le nom...<\/div>\r\n\r\n\t\t\t\t\t\t<a class=\"wppsac-readmorebtn\" href=\"https:\/\/www.titanlaw.ca\/fr\/le-projet-de-loi-c-12-pourrait-annuler-des-milliers-de-demandes-de-visa-dincubateur-pour-jeunes-entreprises-ce-que-les-entrepreneurs-doivent-savoir-maintenant\/\">Read More<\/a>\r\n\t\t\t\t\t<\/div>\r\n\t\t\t<\/div>\r\n<\/div><div class=\"wppsac-carousel-slides\">\r\n\t\t<div class=\"wppsac-post-image-bg\">\r\n\t\t<a href=\"https:\/\/www.titanlaw.ca\/fr\/les-societes-au-canada-comprendre-les-actionnaires-les-administrateurs-et-les-dirigeants\/\">\r\n\t\t\t<img decoding=\"async\" class=\"wppsac-post-image\"  src=\"https:\/\/www.titanlaw.ca\/wp-content\/uploads\/2025\/12\/DSC05798-scaled.jpeg\" alt=\"Les soci\u00e9t\u00e9s au Canada : Comprendre les actionnaires, les administrateurs et les dirigeants\" \/>\r\n\t\t<\/a>\r\n\t<\/div>\r\n\t\r\n\t<div class=\"wppsac-post-content-position\">\r\n\t\t\t\t<div class=\"wppsac-post-categories\"><ul class=\"wppsac-post-categories-list\"><li><a href=\"https:\/\/www.titanlaw.ca\/fr\/.\/non-classifiee\/\">Non classifi\u00e9(e)<\/a><\/li><\/ul><\/div>\r\n\t\t\r\n\t\t<h2 class=\"wppsac-post-title\">\r\n\t\t\t<a href=\"https:\/\/www.titanlaw.ca\/fr\/les-societes-au-canada-comprendre-les-actionnaires-les-administrateurs-et-les-dirigeants\/\">Les soci\u00e9t\u00e9s au Canada : Comprendre les actionnaires, les administrateurs et les dirigeants<\/a>\r\n\t\t<\/h2>\r\n\r\n\t\t\t\t<div class=\"wppsac-post-date\">\r\n\t\t\t\t\t\t<span>By admins<\/span>\r\n\t\t\t \/ 02.12.2025\t\t<\/div>\r\n\t\t\t\t<div class=\"wppsac-post-content\">\r\n\t\t\t<div class=\"wppsac-sub-content\">La constitution d'une entreprise au Canada - que ce soit au niveau provincial ou f\u00e9d\u00e9ral - cr\u00e9e une entit\u00e9 juridique...<\/div>\r\n\r\n\t\t\t\t\t\t<a class=\"wppsac-readmorebtn\" href=\"https:\/\/www.titanlaw.ca\/fr\/les-societes-au-canada-comprendre-les-actionnaires-les-administrateurs-et-les-dirigeants\/\">Read More<\/a>\r\n\t\t\t\t\t<\/div>\r\n\t\t\t<\/div>\r\n<\/div>\t\t\t<\/div>\r\n\t\t<\/div>\r\n\t<\/div>\n\t\t\t\t<\/div>\n\t\t\t\t<\/div>\n\t\t\t\t\t<\/div>\n\t\t<\/div>\n\t\t\t\t\t<\/div>\n\t\t<\/section>\n\t\t\t\t<\/div>\n\t\t","protected":false},"excerpt":{"rendered":"<p>Tous les postes Dans un r\u00e9cent arr\u00eat, la Cour f\u00e9d\u00e9rale canadienne a d\u00e9clar\u00e9 qu&#8217;elle mettrait fin \u00e0 l&#8217;accord conjoint sur les r\u00e9fugi\u00e9s conclu avec les \u00c9tats-Unis. Cette nouvelle d\u00e9cision entrera en vigueur \u00e0 Ottawa dans six mois, ce qui donnera au gouvernement le temps de se pr\u00e9parer. Le Canada et les \u00c9tats-Unis ont tous deux [&hellip;]<\/p>\n","protected":false},"author":1,"featured_media":16324,"comment_status":"closed","ping_status":"closed","sticky":false,"template":"","format":"standard","meta":{"content-type":"","om_disable_all_campaigns":false,"inline_featured_image":false,"_monsterinsights_skip_tracking":false,"_monsterinsights_sitenote_active":false,"_monsterinsights_sitenote_note":"","_monsterinsights_sitenote_category":0,"_uf_show_specific_survey":0,"_uf_disable_surveys":false,"footnotes":""},"categories":[1,69],"tags":[],"class_list":["post-17586","post","type-post","status-publish","format-standard","has-post-thumbnail","hentry","category-blog","category-non-classifiee"],"_links":{"self":[{"href":"https:\/\/www.titanlaw.ca\/fr\/wp-json\/wp\/v2\/posts\/17586"}],"collection":[{"href":"https:\/\/www.titanlaw.ca\/fr\/wp-json\/wp\/v2\/posts"}],"about":[{"href":"https:\/\/www.titanlaw.ca\/fr\/wp-json\/wp\/v2\/types\/post"}],"author":[{"embeddable":true,"href":"https:\/\/www.titanlaw.ca\/fr\/wp-json\/wp\/v2\/users\/1"}],"replies":[{"embeddable":true,"href":"https:\/\/www.titanlaw.ca\/fr\/wp-json\/wp\/v2\/comments?post=17586"}],"version-history":[{"count":19,"href":"https:\/\/www.titanlaw.ca\/fr\/wp-json\/wp\/v2\/posts\/17586\/revisions"}],"predecessor-version":[{"id":33207,"href":"https:\/\/www.titanlaw.ca\/fr\/wp-json\/wp\/v2\/posts\/17586\/revisions\/33207"}],"wp:featuredmedia":[{"embeddable":true,"href":"https:\/\/www.titanlaw.ca\/fr\/wp-json\/wp\/v2\/media\/16324"}],"wp:attachment":[{"href":"https:\/\/www.titanlaw.ca\/fr\/wp-json\/wp\/v2\/media?parent=17586"}],"wp:term":[{"taxonomy":"category","embeddable":true,"href":"https:\/\/www.titanlaw.ca\/fr\/wp-json\/wp\/v2\/categories?post=17586"},{"taxonomy":"post_tag","embeddable":true,"href":"https:\/\/www.titanlaw.ca\/fr\/wp-json\/wp\/v2\/tags?post=17586"}],"curies":[{"name":"wp","href":"https:\/\/api.w.org\/{rel}","templated":true}]}}