{"id":17825,"date":"2023-03-21T15:38:01","date_gmt":"2023-03-21T22:38:01","guid":{"rendered":"https:\/\/www.titanlaw.ca\/programme-de-transfert-intra-entreprise-ict-liberer-les-opportunites-de-mobilite-des-talents-au-niveau-mondial\/"},"modified":"2025-08-01T23:07:45","modified_gmt":"2025-08-02T06:07:45","slug":"programme-de-transfert-intra-entreprise-ict-liberer-les-opportunites-de-mobilite-des-talents-au-niveau-mondial","status":"publish","type":"post","link":"https:\/\/www.titanlaw.ca\/fr\/programme-de-transfert-intra-entreprise-ict-liberer-les-opportunites-de-mobilite-des-talents-au-niveau-mondial\/","title":{"rendered":"Programme de transfert intra-entreprise (ICT) : Lib\u00e9rer les opportunit\u00e9s de mobilit\u00e9 des talents au niveau mondial"},"content":{"rendered":"\t\t<div data-elementor-type=\"wp-post\" data-elementor-id=\"17825\" class=\"elementor elementor-17825 elementor-5502\" data-elementor-post-type=\"post\">\n\t\t\t\t\t\t<section data-particle_enable=\"false\" data-particle-mobile-disabled=\"false\" class=\"elementor-section elementor-top-section elementor-element elementor-element-6c1dac2 elementor-section-boxed elementor-section-height-default elementor-section-height-default\" data-id=\"6c1dac2\" data-element_type=\"section\">\n\t\t\t\t\t\t<div class=\"elementor-container elementor-column-gap-default\">\n\t\t\t\t\t<div class=\"elementor-column elementor-col-100 elementor-top-column elementor-element elementor-element-2805237\" data-id=\"2805237\" data-element_type=\"column\">\n\t\t\t<div class=\"elementor-widget-wrap elementor-element-populated\">\n\t\t\t\t\t\t<div class=\"elementor-element elementor-element-a1f567e elementor-widget elementor-widget-text-editor\" data-id=\"a1f567e\" data-element_type=\"widget\" data-widget_type=\"text-editor.default\">\n\t\t\t\t<div class=\"elementor-widget-container\">\n\t\t\t<style>\/*! elementor - v3.23.0 - 05-08-2024 *\/\n.elementor-widget-text-editor.elementor-drop-cap-view-stacked .elementor-drop-cap{background-color:#69727d;color:#fff}.elementor-widget-text-editor.elementor-drop-cap-view-framed .elementor-drop-cap{color:#69727d;border:3px solid;background-color:transparent}.elementor-widget-text-editor:not(.elementor-drop-cap-view-default) .elementor-drop-cap{margin-top:8px}.elementor-widget-text-editor:not(.elementor-drop-cap-view-default) .elementor-drop-cap-letter{width:1em;height:1em}.elementor-widget-text-editor .elementor-drop-cap{float:left;text-align:center;line-height:1;font-size:50px}.elementor-widget-text-editor .elementor-drop-cap-letter{display:inline-block}<\/style>\t\t\t\t<h2><span style=\"color: #000000;\">Comment se qualifier, poser sa candidature et r\u00e9ussir dans le cadre du programme de transfert intra-entreprise ?<\/span><\/h2>\n<p><span style=\"color: #000000;\"><a href=\"https:\/\/www.titanlaw.ca\/fr\/programme-de-transfert-intra-entreprise\/\">Le programme de transfert intra-entreprise (ICT)<\/a> est une opportunit\u00e9 unique pour les employ\u00e9s de soci\u00e9t\u00e9s multinationales d&#8217;\u00eatre transf\u00e9r\u00e9s dans une filiale, une succursale ou une soci\u00e9t\u00e9 affili\u00e9e de la m\u00eame soci\u00e9t\u00e9 dans un pays diff\u00e9rent. Ce programme est con\u00e7u pour faciliter la mobilit\u00e9 des talents au niveau mondial et permettre aux entreprises de combler les lacunes en mati\u00e8re de comp\u00e9tences gr\u00e2ce \u00e0 un personnel exp\u00e9riment\u00e9 et qualifi\u00e9. <\/span><\/p>\n<p><span style=\"color: #000000;\">Dans ce blog, nous explorerons les avantages, les exigences et les d\u00e9fis du programme TIC, et nous fournirons des conseils pratiques sur la mani\u00e8re de se qualifier, de poser sa candidature et de r\u00e9ussir cette opportunit\u00e9 passionnante.<\/span><\/p>\n\t\t\t\t\t\t<\/div>\n\t\t\t\t<\/div>\n\t\t\t\t\t<\/div>\n\t\t<\/div>\n\t\t\t\t\t<\/div>\n\t\t<\/section>\n\t\t\t\t<section data-particle_enable=\"false\" data-particle-mobile-disabled=\"false\" class=\"elementor-section elementor-top-section elementor-element elementor-element-08abec8 elementor-section-boxed elementor-section-height-default elementor-section-height-default\" data-id=\"08abec8\" data-element_type=\"section\">\n\t\t\t\t\t\t<div class=\"elementor-container elementor-column-gap-default\">\n\t\t\t\t\t<div class=\"elementor-column elementor-col-100 elementor-top-column elementor-element elementor-element-57cd40d\" data-id=\"57cd40d\" data-element_type=\"column\">\n\t\t\t<div class=\"elementor-widget-wrap elementor-element-populated\">\n\t\t\t\t\t\t<div class=\"elementor-element elementor-element-ac9c1d6 elementor-widget elementor-widget-image\" data-id=\"ac9c1d6\" data-element_type=\"widget\" data-widget_type=\"image.default\">\n\t\t\t\t<div class=\"elementor-widget-container\">\n\t\t\t<style>\/*! elementor - v3.23.0 - 05-08-2024 *\/\n.elementor-widget-image{text-align:center}.elementor-widget-image a{display:inline-block}.elementor-widget-image a img[src$=\".svg\"]{width:48px}.elementor-widget-image img{vertical-align:middle;display:inline-block}<\/style>\t\t\t\t\t\t\t\t\t\t<img fetchpriority=\"high\" decoding=\"async\" width=\"800\" height=\"534\" src=\"https:\/\/www.titanlaw.ca\/wp-content\/uploads\/2023\/03\/Intra-Company-Transferee-ICT-Program-1024x683.png\" class=\"attachment-large size-large wp-image-16624\" alt=\"Programme de transfert intra-entreprise (ICT)\" srcset=\"https:\/\/www.titanlaw.ca\/wp-content\/uploads\/2023\/03\/Intra-Company-Transferee-ICT-Program.png 1024w, https:\/\/www.titanlaw.ca\/wp-content\/uploads\/2023\/03\/Intra-Company-Transferee-ICT-Program-300x200.png 300w, https:\/\/www.titanlaw.ca\/wp-content\/uploads\/2023\/03\/Intra-Company-Transferee-ICT-Program-768x512.png 768w\" sizes=\"(max-width: 800px) 100vw, 800px\" \/>\t\t\t\t\t\t\t\t\t\t\t\t\t<\/div>\n\t\t\t\t<\/div>\n\t\t\t\t\t<\/div>\n\t\t<\/div>\n\t\t\t\t\t<\/div>\n\t\t<\/section>\n\t\t\t\t<section data-particle_enable=\"false\" data-particle-mobile-disabled=\"false\" class=\"elementor-section elementor-top-section elementor-element elementor-element-c2e63ac elementor-section-boxed elementor-section-height-default elementor-section-height-default\" data-id=\"c2e63ac\" data-element_type=\"section\">\n\t\t\t\t\t\t<div class=\"elementor-container elementor-column-gap-default\">\n\t\t\t\t\t<div class=\"elementor-column elementor-col-100 elementor-top-column elementor-element elementor-element-a961d80\" data-id=\"a961d80\" data-element_type=\"column\">\n\t\t\t<div class=\"elementor-widget-wrap elementor-element-populated\">\n\t\t\t\t\t\t<div class=\"elementor-element elementor-element-2bbcc93 elementor-widget elementor-widget-text-editor\" data-id=\"2bbcc93\" data-element_type=\"widget\" data-widget_type=\"text-editor.default\">\n\t\t\t\t<div class=\"elementor-widget-container\">\n\t\t\t\t\t\t\t<h2><span style=\"color: #000000;\">Avantages du programme TIC<\/span><\/h2>\n<ol>\n<li>\n<h5><span style=\"color: #000000;\">Augmentation de la productivit\u00e9<\/span><\/h5>\n<\/li>\n<\/ol>\n<p><span style=\"color: #000000;\">L&#8217;objectif premier d&#8217;un programme TIC est de doter les individus des comp\u00e9tences et des connaissances n\u00e9cessaires pour utiliser efficacement la technologie afin d&#8217;am\u00e9liorer la productivit\u00e9. Avec les bonnes comp\u00e9tences, les individus peuvent accomplir des t\u00e2ches plus rapidement et avec moins d&#8217;erreurs. Les comp\u00e9tences en TIC, telles que le traitement de texte, la gestion des feuilles de calcul et les logiciels de pr\u00e9sentation, peuvent accro\u00eetre de mani\u00e8re significative la productivit\u00e9, permettant aux individus d&#8217;accomplir plus de travail en moins de temps.  &nbsp;<\/span><span style=\"font-size: 1rem;\">Titan Law aide ses clients \u00e0 surmonter l&#8217;<a href=\"https:\/\/www.titanlaw.ca\/immigration-inadmissibility\/\">inadmissibilit\u00e9 \u00e0 l&#8217;immigration au Canada<\/a>, en leur proposant des strat\u00e9gies juridiques expertes pour un parcours d&#8217;immigration r\u00e9ussi.&nbsp;<\/span><\/p>\n<ol start=\"2\">\n<li>\n<h5><span style=\"color: #000000;\">Am\u00e9lioration de la communication<\/span><\/h5>\n<\/li>\n<\/ol>\n<p><span style=\"color: #000000;\">La communication est un aspect vital de toute organisation. Un programme TIC peut aider les individus \u00e0 am\u00e9liorer leurs comp\u00e9tences en mati\u00e8re de communication, ce qui les rend plus efficaces dans leurs interactions avec leurs coll\u00e8gues, leurs clients et leurs consommateurs. Les comp\u00e9tences en mati\u00e8re de TIC, telles que la gestion du courrier \u00e9lectronique, la vid\u00e9oconf\u00e9rence et la messagerie instantan\u00e9e, peuvent am\u00e9liorer la communication, la rendant plus efficace et plus pratique.  <\/span><\/p>\n<ol start=\"3\">\n<li>\n<h5><span style=\"color: #000000;\">Possibilit\u00e9s d&#8217;emploi accrues<\/span><\/h5>\n<\/li>\n<\/ol>\n<p><span style=\"color: #000000;\">Dans le monde num\u00e9rique d&#8217;aujourd&#8217;hui, les employeurs recherchent des personnes poss\u00e9dant des comp\u00e9tences avanc\u00e9es en mati\u00e8re de TIC. Le fait de poss\u00e9der une qualification en TIC peut augmenter consid\u00e9rablement les chances d&#8217;un individu de trouver un emploi. Les employeurs recherchent des personnes capables d&#8217;utiliser efficacement la technologie pour r\u00e9soudre des probl\u00e8mes, communiquer et accomplir des t\u00e2ches avec efficacit\u00e9. Un programme en TIC peut permettre aux individus d&#8217;acqu\u00e9rir les comp\u00e9tences et les connaissances n\u00e9cessaires pour r\u00e9pondre \u00e0 ces exigences.   <\/span><\/p>\n<ol start=\"4\">\n<li>\n<h5><span style=\"color: #000000;\">Gestion am\u00e9lior\u00e9e des donn\u00e9es<\/span><\/h5>\n<\/li>\n<\/ol>\n<p><span style=\"color: #000000;\">Les donn\u00e9es sont un aspect essentiel de toute organisation. Un programme TIC peut aider les individus \u00e0 d\u00e9velopper des comp\u00e9tences en mati\u00e8re de gestion des donn\u00e9es, y compris l&#8217;analyse, l&#8217;interpr\u00e9tation et la visualisation des donn\u00e9es. Gr\u00e2ce \u00e0 ces comp\u00e9tences, les individus peuvent g\u00e9rer efficacement les donn\u00e9es, les rendant plus accessibles et plus utiles \u00e0 l&#8217;organisation. La capacit\u00e9 \u00e0 g\u00e9rer efficacement les donn\u00e9es peut aider les organisations \u00e0 prendre de meilleures d\u00e9cisions, ce qui se traduit par de meilleurs r\u00e9sultats.   <\/span><\/p>\n<ol start=\"5\">\n<li>\n<h5><span style=\"color: #000000;\">Am\u00e9lioration de l&#8217;efficacit\u00e9 des entreprises<\/span><\/h5>\n<\/li>\n<\/ol>\n<p><span style=\"color: #000000;\">Les comp\u00e9tences en TIC telles que la gestion de projet, les logiciels de comptabilit\u00e9 et les logiciels de gestion de la relation client (CRM) peuvent am\u00e9liorer de mani\u00e8re significative l&#8217;efficacit\u00e9 des entreprises. Gr\u00e2ce \u00e0 ces comp\u00e9tences, les individus peuvent g\u00e9rer des projets plus efficacement, suivre les d\u00e9penses avec plus de pr\u00e9cision et g\u00e9rer les relations avec les clients plus efficacement. Ces comp\u00e9tences peuvent permettre d&#8217;am\u00e9liorer les processus d&#8217;entreprise, ce qui se traduit par une rentabilit\u00e9 et une croissance accrues.  <\/span><\/p>\n<ol start=\"6\">\n<li>\n<h5><span style=\"color: #000000;\">Innovation accrue<\/span><\/h5>\n<\/li>\n<\/ol>\n<p><span style=\"color: #000000;\">Les programmes de TIC peuvent fournir aux individus les comp\u00e9tences et les connaissances n\u00e9cessaires pour d\u00e9velopper des technologies nouvelles et innovantes. Gr\u00e2ce \u00e0 ces comp\u00e9tences, les individus peuvent contribuer au d\u00e9veloppement de nouveaux produits et services, ce qui se traduit par une comp\u00e9titivit\u00e9 et une croissance accrues. L&#8217;innovation est essentielle pour que les organisations restent comp\u00e9titives dans le monde num\u00e9rique d&#8217;aujourd&#8217;hui, qui \u00e9volue rapidement.  <\/span><\/p>\n<ol start=\"7\">\n<li>\n<h5><span style=\"color: #000000;\">Am\u00e9lioration de la cybers\u00e9curit\u00e9<\/span><\/h5>\n<\/li>\n<\/ol>\n<p><span style=\"color: #000000;\">La cybers\u00e9curit\u00e9 est une pr\u00e9occupation croissante pour les individus et les organisations du monde entier. Un programme TIC peut aider les individus \u00e0 acqu\u00e9rir des comp\u00e9tences en mati\u00e8re de cybers\u00e9curit\u00e9, notamment en ce qui concerne l&#8217;identification des cybermenaces, la mise en \u0153uvre de mesures de s\u00e9curit\u00e9 et la r\u00e9ponse aux incidents de s\u00e9curit\u00e9. Gr\u00e2ce \u00e0 ces comp\u00e9tences, les individus peuvent contribuer \u00e0 prot\u00e9ger les actifs de leur organisation contre les cybermenaces, r\u00e9duisant ainsi le risque de violation de donn\u00e9es et d&#8217;autres incidents de cybers\u00e9curit\u00e9.  <\/span><\/p>\n<h2><span style=\"color: #000000;\">Se qualifier pour le programme TIC<\/span><\/h2>\n<p><span style=\"color: #000000;\">Pour b\u00e9n\u00e9ficier du programme ICT, les candidats doivent r\u00e9pondre \u00e0 certains crit\u00e8res d&#8217;\u00e9ligibilit\u00e9, notamment<\/span><\/p>\n<ul>\n<li><span style=\"color: #000000;\">Ils doivent avoir \u00e9t\u00e9 employ\u00e9s par la m\u00eame entreprise pendant au moins un an avant le transfert.<\/span><\/li>\n<li><span style=\"color: #000000;\">Ils doivent avoir des connaissances, des comp\u00e9tences ou une exp\u00e9rience sp\u00e9cialis\u00e9es qui sont essentielles pour l&#8217;entreprise.<\/span><\/li>\n<li><span style=\"color: #000000;\">Ils doivent \u00eatre transf\u00e9r\u00e9s vers une filiale, une succursale ou une soci\u00e9t\u00e9 affili\u00e9e de la m\u00eame entreprise dans un autre pays.<\/span><\/li>\n<li><span style=\"color: #000000;\">Ils doivent avoir une offre d&#8217;emploi valide de l&#8217;entit\u00e9 d&#8217;accueil.<\/span><\/li>\n<\/ul>\n<p><span style=\"color: #000000;\">En outre, les demandeurs doivent satisfaire aux exigences du pays de destination en mati\u00e8re d&#8217;immigration, comme l&#8217;obtention d&#8217;un visa de travail ou d&#8217;un permis de s\u00e9jour.<\/span><\/p>\n<h2><span style=\"color: #000000;\">Candidature au programme TIC<\/span><\/h2>\n<p><span style=\"color: #000000;\">Le processus de candidature au programme TIC peut \u00eatre complexe et prendre du temps, mais avec une pr\u00e9paration et des conseils appropri\u00e9s, il peut se d\u00e9rouler sans heurts et avec succ\u00e8s. Vous trouverez ci-dessous les \u00e9tapes \u00e0 suivre pour poser votre candidature au programme TIC : <\/span><\/p>\n<h5><span style=\"color: #000000;\">\u00c9tape 1 : D\u00e9terminer l&#8217;\u00e9ligibilit\u00e9 et rassembler la documentation<\/span><\/h5>\n<p><span style=\"color: #000000;\">Avant de postuler au programme TIC, les candidats doivent s&#8217;assurer qu&#8217;ils r\u00e9pondent aux crit\u00e8res d&#8217;\u00e9ligibilit\u00e9 et rassembler tous les documents n\u00e9cessaires, tels que les contrats de travail, les preuves de connaissances sp\u00e9cialis\u00e9es et les dipl\u00f4mes. Ils doivent \u00e9galement se renseigner sur les conditions d&#8217;immigration du pays de destination et s&#8217;assurer qu&#8217;ils remplissent tous les crit\u00e8res n\u00e9cessaires \u00e0 l&#8217;obtention d&#8217;un visa de travail ou d&#8217;un permis de s\u00e9jour. <\/span><\/p>\n<h5><span style=\"color: #000000;\">\u00c9tape 2 : Soumettre la demande<\/span><\/h5>\n<p><span style=\"color: #000000;\">Une fois que les conditions d&#8217;\u00e9ligibilit\u00e9 et les documents requis ont \u00e9t\u00e9 remplis, les candidats doivent soumettre leur demande aux autorit\u00e9s comp\u00e9tentes en mati\u00e8re d&#8217;immigration. La demande doit comprendre tous les documents n\u00e9cessaires, tels que la lettre d&#8217;offre d&#8217;emploi, les contrats de travail et la preuve des connaissances sp\u00e9cialis\u00e9es. <\/span><\/p>\n<h5><span style=\"color: #000000;\">\u00c9tape 3 : Attendre le traitement de la demande<\/span><\/h5>\n<p><span style=\"color: #000000;\">Le d\u00e9lai de traitement des demandes au titre du programme TIC varie en fonction du pays de destination et de la complexit\u00e9 du dossier. Les candidats doivent se pr\u00e9parer \u00e0 une attente potentiellement longue et doivent planifier en cons\u00e9quence. &nbsp;<\/span><span style=\"font-size: 1rem;\">Vous \u00eates confront\u00e9 \u00e0 <a href=\"https:\/\/www.titanlaw.ca\/misrepresentation-2\/\">une fausse d\u00e9claration dans votre demande d&#8217;immigration canadienne<\/a>? Titan Law vous offre un soutien juridique expert pour vous aider \u00e0 r\u00e9soudre ce probl\u00e8me grave. <\/span><\/p>\n<h5><span style=\"color: #000000;\">\u00c9tape 4 : Recevoir l&#8217;approbation et pr\u00e9parer le transfert<\/span><\/h5>\n<p><span style=\"color: #000000;\">Si la demande est approuv\u00e9e, le demandeur peut commencer \u00e0 pr\u00e9parer son transfert. Il peut s&#8217;agir d&#8217;obtenir un visa de travail ou un permis de s\u00e9jour, d&#8217;organiser le logement et le transport, et de se familiariser avec la culture et les coutumes du pays de destination. <\/span><\/p>\n<h2><span style=\"color: #000000;\">D\u00e9fis du programme TIC<\/span><\/h2>\n<p><span style=\"color: #000000;\">Si le programme TIC offre de nombreux avantages, il pr\u00e9sente \u00e9galement certains d\u00e9fis que les candidats doivent conna\u00eetre. Ces d\u00e9fis sont les suivants : <\/span><\/p>\n<ul>\n<li><span style=\"color: #000000;\">Diff\u00e9rences culturelles : Les employ\u00e9s peuvent subir un choc culturel et avoir des difficult\u00e9s \u00e0 s&#8217;adapter \u00e0 un nouvel environnement de travail et \u00e0 un nouveau mode de vie.<\/span><\/li>\n<li><span style=\"color: #000000;\">Barri\u00e8res linguistiques : Les employ\u00e9s peuvent \u00eatre confront\u00e9s \u00e0 des barri\u00e8res linguistiques, en particulier s&#8217;ils ne parlent pas couramment la langue locale.<\/span><\/li>\n<li><span style=\"color: #000000;\">Consid\u00e9rations familiales : Les salari\u00e9s ayant une famille peuvent avoir des difficult\u00e9s \u00e0 trouver un logement, des \u00e9coles et des soins de sant\u00e9 appropri\u00e9s dans le pays de destination.<\/span><\/li>\n<li><span style=\"color: #000000;\">Implications juridiques et fiscales : Les employ\u00e9s peuvent avoir \u00e0 se familiariser avec des exigences juridiques et fiscales complexes dans le pays de destination.<\/span><\/li>\n<\/ul>\t\t\t\t\t\t<\/div>\n\t\t\t\t<\/div>\n\t\t\t\t\t<\/div>\n\t\t<\/div>\n\t\t\t\t\t<\/div>\n\t\t<\/section>\n\t\t\t\t<section data-particle_enable=\"false\" data-particle-mobile-disabled=\"false\" class=\"elementor-section elementor-top-section elementor-element elementor-element-a94af3c elementor-section-boxed elementor-section-height-default elementor-section-height-default\" data-id=\"a94af3c\" data-element_type=\"section\">\n\t\t\t\t\t\t<div class=\"elementor-container elementor-column-gap-default\">\n\t\t\t\t\t<div class=\"elementor-column elementor-col-100 elementor-top-column elementor-element elementor-element-f8a8a55\" data-id=\"f8a8a55\" data-element_type=\"column\">\n\t\t\t<div class=\"elementor-widget-wrap elementor-element-populated\">\n\t\t\t\t\t\t<div class=\"elementor-element elementor-element-261cc4a elementor-align-center elementor-widget elementor-widget-button\" data-id=\"261cc4a\" data-element_type=\"widget\" data-widget_type=\"button.default\">\n\t\t\t\t<div class=\"elementor-widget-container\">\n\t\t\t\t\t<div class=\"elementor-button-wrapper\">\n\t\t\t<a class=\"elementor-button elementor-button-link elementor-size-sm\" href=\"https:\/\/www.titanlaw.ca\/fr\/consultation-gratuite\/\">\n\t\t\t\t\t\t<span class=\"elementor-button-content-wrapper\">\n\t\t\t\t\t\t\t\t\t<span class=\"elementor-button-text\">R\u00e9servez une consultation gratuite<\/span>\n\t\t\t\t\t<\/span>\n\t\t\t\t\t<\/a>\n\t\t<\/div>\n\t\t\t\t<\/div>\n\t\t\t\t<\/div>\n\t\t\t\t<div class=\"elementor-element elementor-element-73f92ff elementor-widget elementor-widget-text-editor\" data-id=\"73f92ff\" data-element_type=\"widget\" data-widget_type=\"text-editor.default\">\n\t\t\t\t<div class=\"elementor-widget-container\">\n\t\t\t\t\t\t\t<h2><span style=\"color: #000000;\">Conclusion<\/span><\/h2>\n<p><span style=\"color: #000000;\">En conclusion, un programme de TIC peut offrir aux individus un large \u00e9ventail d&#8217;avantages, notamment une productivit\u00e9 accrue, une meilleure communication, des possibilit\u00e9s d&#8217;emploi accrues, une meilleure gestion des donn\u00e9es, une meilleure efficacit\u00e9 commerciale, une innovation accrue et une cybers\u00e9curit\u00e9 am\u00e9lior\u00e9e. Compte tenu de l&#8217;importance croissante des TIC, il est essentiel que les individus, les entreprises et les \u00e9conomies investissent dans des programmes de TIC pour rester comp\u00e9titifs dans le monde num\u00e9rique d&#8217;aujourd&#8217;hui. <\/span><\/p>\n\t\t\t\t\t\t<\/div>\n\t\t\t\t<\/div>\n\t\t\t\t<div class=\"elementor-element elementor-element-ca73c5f elementor-widget elementor-widget-accordion\" data-id=\"ca73c5f\" data-element_type=\"widget\" data-widget_type=\"accordion.default\">\n\t\t\t\t<div class=\"elementor-widget-container\">\n\t\t\t<style>\/*! elementor - v3.23.0 - 05-08-2024 *\/\n.elementor-accordion{text-align:start}.elementor-accordion .elementor-accordion-item{border:1px solid #d5d8dc}.elementor-accordion .elementor-accordion-item+.elementor-accordion-item{border-top:none}.elementor-accordion .elementor-tab-title{margin:0;padding:15px 20px;font-weight:700;line-height:1;cursor:pointer;outline:none}.elementor-accordion .elementor-tab-title .elementor-accordion-icon{display:inline-block;width:1.5em}.elementor-accordion .elementor-tab-title .elementor-accordion-icon svg{width:1em;height:1em}.elementor-accordion .elementor-tab-title .elementor-accordion-icon.elementor-accordion-icon-right{float:right;text-align:right}.elementor-accordion .elementor-tab-title .elementor-accordion-icon.elementor-accordion-icon-left{float:left;text-align:left}.elementor-accordion .elementor-tab-title .elementor-accordion-icon .elementor-accordion-icon-closed{display:block}.elementor-accordion .elementor-tab-title .elementor-accordion-icon .elementor-accordion-icon-opened,.elementor-accordion .elementor-tab-title.elementor-active .elementor-accordion-icon-closed{display:none}.elementor-accordion .elementor-tab-title.elementor-active .elementor-accordion-icon-opened{display:block}.elementor-accordion .elementor-tab-content{display:none;padding:15px 20px;border-top:1px solid #d5d8dc}@media (max-width:767px){.elementor-accordion .elementor-tab-title{padding:12px 15px}.elementor-accordion .elementor-tab-title .elementor-accordion-icon{width:1.2em}.elementor-accordion .elementor-tab-content{padding:7px 15px}}.e-con-inner>.elementor-widget-accordion,.e-con>.elementor-widget-accordion{width:var(--container-widget-width);--flex-grow:var(--container-widget-flex-grow)}<\/style>\t\t<div class=\"elementor-accordion\">\n\t\t\t\t\t\t\t<div class=\"elementor-accordion-item\">\n\t\t\t\t\t<div id=\"elementor-tab-title-2121\" class=\"elementor-tab-title\" data-tab=\"1\" role=\"button\" aria-controls=\"elementor-tab-content-2121\" aria-expanded=\"false\">\n\t\t\t\t\t\t\t\t\t\t\t\t\t<span class=\"elementor-accordion-icon elementor-accordion-icon-left\" aria-hidden=\"true\">\n\t\t\t\t\t\t\t\t\t\t\t\t\t\t\t<span class=\"elementor-accordion-icon-closed\"><i class=\"fas fa-plus\"><\/i><\/span>\n\t\t\t\t\t\t\t\t<span class=\"elementor-accordion-icon-opened\"><i class=\"fas fa-minus\"><\/i><\/span>\n\t\t\t\t\t\t\t\t\t\t\t\t\t\t<\/span>\n\t\t\t\t\t\t\t\t\t\t\t\t<a class=\"elementor-accordion-title\" tabindex=\"0\">Qui peut b\u00e9n\u00e9ficier d'un PGWP ?<\/a>\n\t\t\t\t\t<\/div>\n\t\t\t\t\t<div id=\"elementor-tab-content-2121\" class=\"elementor-tab-content elementor-clearfix\" data-tab=\"1\" role=\"region\" aria-labelledby=\"elementor-tab-title-2121\"><p>Pour \u00eatre admissible \u00e0 un PGWP, vous devez avoir termin\u00e9 un programme d&#8217;\u00e9tudes \u00e0 temps plein dans un \u00e9tablissement d&#8217;enseignement d\u00e9sign\u00e9 (EED) canadien. Le programme doit avoir dur\u00e9 au moins huit mois et vous devez \u00eatre dipl\u00f4m\u00e9 d&#8217;un \u00e9tablissement postsecondaire public ou priv\u00e9, d&#8217;un \u00e9tablissement priv\u00e9 autoris\u00e9 par une loi provinciale ou territoriale \u00e0 d\u00e9cerner des dipl\u00f4mes, ou d&#8217;un \u00e9tablissement priv\u00e9 canadien qui peut l\u00e9galement d\u00e9cerner des dipl\u00f4mes en vertu de la loi provinciale. <\/p>\n<\/div>\n\t\t\t\t<\/div>\n\t\t\t\t\t\t\t<div class=\"elementor-accordion-item\">\n\t\t\t\t\t<div id=\"elementor-tab-title-2122\" class=\"elementor-tab-title\" data-tab=\"2\" role=\"button\" aria-controls=\"elementor-tab-content-2122\" aria-expanded=\"false\">\n\t\t\t\t\t\t\t\t\t\t\t\t\t<span class=\"elementor-accordion-icon elementor-accordion-icon-left\" aria-hidden=\"true\">\n\t\t\t\t\t\t\t\t\t\t\t\t\t\t\t<span class=\"elementor-accordion-icon-closed\"><i class=\"fas fa-plus\"><\/i><\/span>\n\t\t\t\t\t\t\t\t<span class=\"elementor-accordion-icon-opened\"><i class=\"fas fa-minus\"><\/i><\/span>\n\t\t\t\t\t\t\t\t\t\t\t\t\t\t<\/span>\n\t\t\t\t\t\t\t\t\t\t\t\t<a class=\"elementor-accordion-title\" tabindex=\"0\">  Une PGWP peut-elle \u00eatre prolong\u00e9e ?<\/a>\n\t\t\t\t\t<\/div>\n\t\t\t\t\t<div id=\"elementor-tab-content-2122\" class=\"elementor-tab-content elementor-clearfix\" data-tab=\"2\" role=\"region\" aria-labelledby=\"elementor-tab-title-2122\"><p>Normalement, un PGWP n&#8217;est pas prorogeable. Toutefois, des politiques publiques sp\u00e9ciales ont \u00e9t\u00e9 mises en place pour permettre aux dipl\u00f4m\u00e9s internationaux dont le PGWP arrivait \u00e0 expiration de demander un permis de travail suppl\u00e9mentaire. <\/p>\n<\/div>\n\t\t\t\t<\/div>\n\t\t\t\t\t\t\t<div class=\"elementor-accordion-item\">\n\t\t\t\t\t<div id=\"elementor-tab-title-2123\" class=\"elementor-tab-title\" data-tab=\"3\" role=\"button\" aria-controls=\"elementor-tab-content-2123\" aria-expanded=\"false\">\n\t\t\t\t\t\t\t\t\t\t\t\t\t<span class=\"elementor-accordion-icon elementor-accordion-icon-left\" aria-hidden=\"true\">\n\t\t\t\t\t\t\t\t\t\t\t\t\t\t\t<span class=\"elementor-accordion-icon-closed\"><i class=\"fas fa-plus\"><\/i><\/span>\n\t\t\t\t\t\t\t\t<span class=\"elementor-accordion-icon-opened\"><i class=\"fas fa-minus\"><\/i><\/span>\n\t\t\t\t\t\t\t\t\t\t\t\t\t\t<\/span>\n\t\t\t\t\t\t\t\t\t\t\t\t<a class=\"elementor-accordion-title\" tabindex=\"0\">Quand la nouvelle politique entre-t-elle en vigueur ?<\/a>\n\t\t\t\t\t<\/div>\n\t\t\t\t\t<div id=\"elementor-tab-content-2123\" class=\"elementor-tab-content elementor-clearfix\" data-tab=\"3\" role=\"region\" aria-labelledby=\"elementor-tab-title-2123\"><p>La nouvelle politique entrera en vigueur le 6 avril 2023.<\/p>\n<\/div>\n\t\t\t\t<\/div>\n\t\t\t\t\t\t\t<div class=\"elementor-accordion-item\">\n\t\t\t\t\t<div id=\"elementor-tab-title-2124\" class=\"elementor-tab-title\" data-tab=\"4\" role=\"button\" aria-controls=\"elementor-tab-content-2124\" aria-expanded=\"false\">\n\t\t\t\t\t\t\t\t\t\t\t\t\t<span class=\"elementor-accordion-icon elementor-accordion-icon-left\" aria-hidden=\"true\">\n\t\t\t\t\t\t\t\t\t\t\t\t\t\t\t<span class=\"elementor-accordion-icon-closed\"><i class=\"fas fa-plus\"><\/i><\/span>\n\t\t\t\t\t\t\t\t<span class=\"elementor-accordion-icon-opened\"><i class=\"fas fa-minus\"><\/i><\/span>\n\t\t\t\t\t\t\t\t\t\t\t\t\t\t<\/span>\n\t\t\t\t\t\t\t\t\t\t\t\t<a class=\"elementor-accordion-title\" tabindex=\"0\">Les titulaires de PGWP dont le statut a expir\u00e9 peuvent-ils toujours demander un permis de travail prolong\u00e9 ou suppl\u00e9mentaire ?<\/a>\n\t\t\t\t\t<\/div>\n\t\t\t\t\t<div id=\"elementor-tab-content-2124\" class=\"elementor-tab-content elementor-clearfix\" data-tab=\"4\" role=\"region\" aria-labelledby=\"elementor-tab-title-2124\"><p>Oui, les titulaires de PGWP dont le statut a expir\u00e9 pourront r\u00e9tablir leur statut et demander un permis de travail prolong\u00e9 ou suppl\u00e9mentaire. Ils recevront \u00e9galement une autorisation de travail provisoire en attendant le traitement de leur nouvelle demande de permis de travail. <\/p>\n<\/div>\n\t\t\t\t<\/div>\n\t\t\t\t\t\t\t<div class=\"elementor-accordion-item\">\n\t\t\t\t\t<div id=\"elementor-tab-title-2125\" class=\"elementor-tab-title\" data-tab=\"5\" role=\"button\" aria-controls=\"elementor-tab-content-2125\" aria-expanded=\"false\">\n\t\t\t\t\t\t\t\t\t\t\t\t\t<span class=\"elementor-accordion-icon elementor-accordion-icon-left\" aria-hidden=\"true\">\n\t\t\t\t\t\t\t\t\t\t\t\t\t\t\t<span class=\"elementor-accordion-icon-closed\"><i class=\"fas fa-plus\"><\/i><\/span>\n\t\t\t\t\t\t\t\t<span class=\"elementor-accordion-icon-opened\"><i class=\"fas fa-minus\"><\/i><\/span>\n\t\t\t\t\t\t\t\t\t\t\t\t\t\t<\/span>\n\t\t\t\t\t\t\t\t\t\t\t\t<a class=\"elementor-accordion-title\" tabindex=\"0\">Quelle est l'importance des dipl\u00f4m\u00e9s internationaux pour l'\u00e9conomie canadienne ?<\/a>\n\t\t\t\t\t<\/div>\n\t\t\t\t\t<div id=\"elementor-tab-content-2125\" class=\"elementor-tab-content elementor-clearfix\" data-tab=\"5\" role=\"region\" aria-labelledby=\"elementor-tab-title-2125\"><p>Les dipl\u00f4m\u00e9s internationaux constituent une source importante de futurs r\u00e9sidents permanents et jouent un r\u00f4le essentiel dans la lutte contre la p\u00e9nurie de main-d&#8217;\u0153uvre au Canada. Chaque ann\u00e9e, des dizaines de milliers de dipl\u00f4m\u00e9s internationaux r\u00e9ussissent \u00e0 obtenir la r\u00e9sidence permanente, et la nouvelle politique permettra aux demandeurs admissibles de continuer \u00e0 contribuer \u00e0 l&#8217;\u00e9conomie canadienne tout en acqu\u00e9rant une exp\u00e9rience professionnelle pr\u00e9cieuse. <\/p>\n<\/div>\n\t\t\t\t<\/div>\n\t\t\t\t\t\t\t\t<\/div>\n\t\t\t\t<\/div>\n\t\t\t\t<\/div>\n\t\t\t\t\t<\/div>\n\t\t<\/div>\n\t\t\t\t\t<\/div>\n\t\t<\/section>\n\t\t\t\t<\/div>\n\t\t","protected":false},"excerpt":{"rendered":"<p>Comment se qualifier, poser sa candidature et r\u00e9ussir dans le cadre du programme de transfert intra-entreprise ? Le programme de transfert intra-entreprise (ICT) est une opportunit\u00e9 unique pour les employ\u00e9s de soci\u00e9t\u00e9s multinationales d&#8217;\u00eatre transf\u00e9r\u00e9s dans une filiale, une succursale ou une soci\u00e9t\u00e9 affili\u00e9e de la m\u00eame soci\u00e9t\u00e9 dans un pays diff\u00e9rent. Ce programme est [&hellip;]<\/p>\n","protected":false},"author":1,"featured_media":16624,"comment_status":"closed","ping_status":"closed","sticky":false,"template":"","format":"standard","meta":{"content-type":"","om_disable_all_campaigns":false,"inline_featured_image":false,"_monsterinsights_skip_tracking":false,"_monsterinsights_sitenote_active":false,"_monsterinsights_sitenote_note":"","_monsterinsights_sitenote_category":0,"_uf_show_specific_survey":0,"_uf_disable_surveys":false,"footnotes":""},"categories":[1,69],"tags":[],"class_list":["post-17825","post","type-post","status-publish","format-standard","has-post-thumbnail","hentry","category-blog","category-non-classifiee"],"_links":{"self":[{"href":"https:\/\/www.titanlaw.ca\/fr\/wp-json\/wp\/v2\/posts\/17825"}],"collection":[{"href":"https:\/\/www.titanlaw.ca\/fr\/wp-json\/wp\/v2\/posts"}],"about":[{"href":"https:\/\/www.titanlaw.ca\/fr\/wp-json\/wp\/v2\/types\/post"}],"author":[{"embeddable":true,"href":"https:\/\/www.titanlaw.ca\/fr\/wp-json\/wp\/v2\/users\/1"}],"replies":[{"embeddable":true,"href":"https:\/\/www.titanlaw.ca\/fr\/wp-json\/wp\/v2\/comments?post=17825"}],"version-history":[{"count":10,"href":"https:\/\/www.titanlaw.ca\/fr\/wp-json\/wp\/v2\/posts\/17825\/revisions"}],"predecessor-version":[{"id":33195,"href":"https:\/\/www.titanlaw.ca\/fr\/wp-json\/wp\/v2\/posts\/17825\/revisions\/33195"}],"wp:featuredmedia":[{"embeddable":true,"href":"https:\/\/www.titanlaw.ca\/fr\/wp-json\/wp\/v2\/media\/16624"}],"wp:attachment":[{"href":"https:\/\/www.titanlaw.ca\/fr\/wp-json\/wp\/v2\/media?parent=17825"}],"wp:term":[{"taxonomy":"category","embeddable":true,"href":"https:\/\/www.titanlaw.ca\/fr\/wp-json\/wp\/v2\/categories?post=17825"},{"taxonomy":"post_tag","embeddable":true,"href":"https:\/\/www.titanlaw.ca\/fr\/wp-json\/wp\/v2\/tags?post=17825"}],"curies":[{"name":"wp","href":"https:\/\/api.w.org\/{rel}","templated":true}]}}