{"id":17864,"date":"2023-02-24T11:36:45","date_gmt":"2023-02-24T18:36:45","guid":{"rendered":"https:\/\/www.titanlaw.ca\/de-nouvelles-mesures-pour-faciliter-le-sejour-des-iraniens-au-canada\/"},"modified":"2026-03-28T13:47:19","modified_gmt":"2026-03-28T20:47:19","slug":"de-nouvelles-mesures-pour-faciliter-le-sejour-des-iraniens-au-canada","status":"publish","type":"post","link":"https:\/\/www.titanlaw.ca\/fr\/de-nouvelles-mesures-pour-faciliter-le-sejour-des-iraniens-au-canada\/","title":{"rendered":"De nouvelles mesures pour faciliter le s\u00e9jour des Iraniens au Canada"},"content":{"rendered":"\t\t<div data-elementor-type=\"wp-post\" data-elementor-id=\"17864\" class=\"elementor elementor-17864 elementor-4541\" data-elementor-post-type=\"post\">\n\t\t\t\t\t\t<section data-particle_enable=\"false\" data-particle-mobile-disabled=\"false\" class=\"elementor-section elementor-top-section elementor-element elementor-element-6c1dac2 elementor-section-boxed elementor-section-height-default elementor-section-height-default\" data-id=\"6c1dac2\" data-element_type=\"section\">\n\t\t\t\t\t\t<div class=\"elementor-container elementor-column-gap-default\">\n\t\t\t\t\t<div class=\"elementor-column elementor-col-100 elementor-top-column elementor-element elementor-element-2805237\" data-id=\"2805237\" data-element_type=\"column\">\n\t\t\t<div class=\"elementor-widget-wrap elementor-element-populated\">\n\t\t\t\t\t\t<div class=\"elementor-element elementor-element-a1f567e elementor-widget elementor-widget-text-editor\" data-id=\"a1f567e\" data-element_type=\"widget\" data-widget_type=\"text-editor.default\">\n\t\t\t\t<div class=\"elementor-widget-container\">\n\t\t\t<style>\/*! elementor - v3.23.0 - 05-08-2024 *\/\n.elementor-widget-text-editor.elementor-drop-cap-view-stacked .elementor-drop-cap{background-color:#69727d;color:#fff}.elementor-widget-text-editor.elementor-drop-cap-view-framed .elementor-drop-cap{color:#69727d;border:3px solid;background-color:transparent}.elementor-widget-text-editor:not(.elementor-drop-cap-view-default) .elementor-drop-cap{margin-top:8px}.elementor-widget-text-editor:not(.elementor-drop-cap-view-default) .elementor-drop-cap-letter{width:1em;height:1em}.elementor-widget-text-editor .elementor-drop-cap{float:left;text-align:center;line-height:1;font-size:50px}.elementor-widget-text-editor .elementor-drop-cap-letter{display:inline-block}<\/style>\t\t\t\t<p><span style=\"color: #000000;\">L&#8217;immigration est un aspect important du d\u00e9veloppement du Canada en tant que nation. Pendant des d\u00e9cennies, le Canada a accueilli des immigrants du monde entier et a construit une soci\u00e9t\u00e9 diversifi\u00e9e et inclusive. Ces derni\u00e8res ann\u00e9es, l&#8217;Iran a \u00e9t\u00e9 l&#8217;un des principaux pays d&#8217;origine des immigrants au Canada. Cependant, de nombreux Iraniens qui viennent au Canada en tant que r\u00e9sidents temporaires ont rencontr\u00e9 des difficult\u00e9s pour prolonger leur s\u00e9jour ou passer d&#8217;une cat\u00e9gorie temporaire \u00e0 une autre. Pour rem\u00e9dier \u00e0 ces difficult\u00e9s, le gouvernement canadien s&#8217;appr\u00eate \u00e0 introduire, le 1er mars 2023, de nouvelles mesures qui permettront aux Iraniens d\u00e9j\u00e0 pr\u00e9sents au Canada de prolonger plus facilement leur s\u00e9jour temporaire et de passer d&#8217;une cat\u00e9gorie temporaire \u00e0 l&#8217;autre. Dans ce billet de blog, nous allons explorer les d\u00e9tails de ces nouvelles mesures et leur impact potentiel sur la communaut\u00e9 iranienne au Canada.     <\/span><\/p>\n\t\t\t\t\t\t<\/div>\n\t\t\t\t<\/div>\n\t\t\t\t\t<\/div>\n\t\t<\/div>\n\t\t\t\t\t<\/div>\n\t\t<\/section>\n\t\t\t\t<section data-particle_enable=\"false\" data-particle-mobile-disabled=\"false\" class=\"elementor-section elementor-top-section elementor-element elementor-element-08abec8 elementor-section-boxed elementor-section-height-default elementor-section-height-default\" data-id=\"08abec8\" data-element_type=\"section\">\n\t\t\t\t\t\t<div class=\"elementor-container elementor-column-gap-default\">\n\t\t\t\t\t<div class=\"elementor-column elementor-col-100 elementor-top-column elementor-element elementor-element-57cd40d\" data-id=\"57cd40d\" data-element_type=\"column\">\n\t\t\t<div class=\"elementor-widget-wrap elementor-element-populated\">\n\t\t\t\t\t\t<div class=\"elementor-element elementor-element-0c56b39 elementor-widget elementor-widget-image\" data-id=\"0c56b39\" data-element_type=\"widget\" data-widget_type=\"image.default\">\n\t\t\t\t<div class=\"elementor-widget-container\">\n\t\t\t<style>\/*! elementor - v3.23.0 - 05-08-2024 *\/\n.elementor-widget-image{text-align:center}.elementor-widget-image a{display:inline-block}.elementor-widget-image a img[src$=\".svg\"]{width:48px}.elementor-widget-image img{vertical-align:middle;display:inline-block}<\/style>\t\t\t\t\t\t\t\t\t\t<img fetchpriority=\"high\" decoding=\"async\" width=\"800\" height=\"534\" src=\"https:\/\/www.titanlaw.ca\/wp-content\/uploads\/2023\/02\/New-Measures-to-Make-it-Easier-for-Iranians-to-Stay-in-Canada-1024x683.png\" class=\"attachment-large size-large wp-image-16554\" alt=\"\u0627\u0642\u062f\u0627\u0645\u0627\u062a \u062c\u062f\u06cc\u062f \u0628\u0631\u0627\u06cc \u062a\u0633\u0647\u06cc\u0644 \u0627\u0642\u0627\u0645\u062a \u0627\u06cc\u0631\u0627\u0646\u06cc\u0627\u0646 \u062f\u0631 \u06a9\u0627\u0646\u0627\u062f\u0627\" srcset=\"https:\/\/www.titanlaw.ca\/wp-content\/uploads\/2023\/02\/New-Measures-to-Make-it-Easier-for-Iranians-to-Stay-in-Canada.png 1024w, https:\/\/www.titanlaw.ca\/wp-content\/uploads\/2023\/02\/New-Measures-to-Make-it-Easier-for-Iranians-to-Stay-in-Canada-300x200.png 300w, https:\/\/www.titanlaw.ca\/wp-content\/uploads\/2023\/02\/New-Measures-to-Make-it-Easier-for-Iranians-to-Stay-in-Canada-768x512.png 768w\" sizes=\"(max-width: 800px) 100vw, 800px\" \/>\t\t\t\t\t\t\t\t\t\t\t\t\t<\/div>\n\t\t\t\t<\/div>\n\t\t\t\t\t<\/div>\n\t\t<\/div>\n\t\t\t\t\t<\/div>\n\t\t<\/section>\n\t\t\t\t<section data-particle_enable=\"false\" data-particle-mobile-disabled=\"false\" class=\"elementor-section elementor-top-section elementor-element elementor-element-c2e63ac elementor-section-boxed elementor-section-height-default elementor-section-height-default\" data-id=\"c2e63ac\" data-element_type=\"section\">\n\t\t\t\t\t\t<div class=\"elementor-container elementor-column-gap-default\">\n\t\t\t\t\t<div class=\"elementor-column elementor-col-100 elementor-top-column elementor-element elementor-element-a961d80\" data-id=\"a961d80\" data-element_type=\"column\">\n\t\t\t<div class=\"elementor-widget-wrap elementor-element-populated\">\n\t\t\t\t\t\t<div class=\"elementor-element elementor-element-2bbcc93 elementor-widget elementor-widget-text-editor\" data-id=\"2bbcc93\" data-element_type=\"widget\" data-widget_type=\"text-editor.default\">\n\t\t\t\t<div class=\"elementor-widget-container\">\n\t\t\t\t\t\t\t<h2><span style=\"color: #000000;\">Aper\u00e7u des nouvelles mesures<\/span><\/h2>\n<p><span style=\"color: #000000;\">Les nouvelles mesures qui seront introduites le 1er mars 2023 visent \u00e0 permettre aux Iraniens qui se trouvent d\u00e9j\u00e0 au Canada en tant que r\u00e9sidents temporaires de prolonger plus facilement leur s\u00e9jour et de passer d&#8217;une cat\u00e9gorie temporaire \u00e0 l&#8217;autre. Ces mesures offriront une plus grande flexibilit\u00e9 aux r\u00e9sidents temporaires iraniens, y compris les \u00e9tudiants, les travailleurs et les visiteurs. Elles faciliteront l&#8217;acc\u00e8s aux possibilit\u00e9s de travail et d&#8217;\u00e9tudes, ainsi que la transition entre les diff\u00e9rentes cat\u00e9gories de r\u00e9sidents temporaires.  <\/span><\/p>\n<p><span style=\"color: #000000;\">L&#8217;un des principaux changements introduits est la possibilit\u00e9 pour les r\u00e9sidents temporaires iraniens de demander une prolongation de leur statut temporaire en ligne. Actuellement, les personnes doivent soumettre une demande de prolongation de leur statut sur papier, ce qui peut s&#8217;av\u00e9rer long et compliqu\u00e9. En introduisant une proc\u00e9dure de demande en ligne, le gouvernement canadien esp\u00e8re simplifier le processus et le rendre plus efficace pour les r\u00e9sidents temporaires iraniens.  <\/span><\/p>\n<p><span style=\"color: #000000;\">Un autre changement sera introduit : les r\u00e9sidents temporaires iraniens pourront demander un changement de statut depuis le Canada. Actuellement, les personnes doivent quitter le Canada et demander un changement de statut depuis l&#8217;ext\u00e9rieur du pays. Cela peut constituer un obstacle important pour de nombreux Iraniens qui se trouvent d\u00e9j\u00e0 au Canada et qui souhaitent passer d&#8217;un statut temporaire \u00e0 l&#8217;autre. En autorisant les demandes de changement de statut au Canada, le gouvernement canadien esp\u00e8re r\u00e9duire le fardeau des r\u00e9sidents temporaires iraniens et rendre le processus plus accessible.   &nbsp;<\/span><span style=\"font-size: 1rem;\">Titan Law offre des conseils juridiques d&#8217;experts pour le <a href=\"https:\/\/www.titanlaw.ca\/fr\/programme-pour-les-travailleurs-independants-2\/\">programme des travailleurs ind\u00e9pendants<\/a>, vous aidant ainsi \u00e0 mener \u00e0 bien votre processus d&#8217;immigration au Canada.<\/span><\/p>\n<h2><span style=\"color: #000000;\">Impact sur les r\u00e9sidents temporaires iraniens<\/span><\/h2>\n<p><span style=\"color: #000000;\">Les nouvelles mesures qui seront introduites le 1er mars 2023 devraient avoir un impact significatif sur les r\u00e9sidents temporaires iraniens au Canada. En offrant plus de flexibilit\u00e9 et de soutien, le gouvernement canadien esp\u00e8re rendre la vie des r\u00e9sidents temporaires iraniens plus facile et plus confortable. <\/span><\/p>\n<p><span style=\"color: #000000;\">Pour les \u00e9tudiants iraniens, les nouvelles mesures offriront une plus grande flexibilit\u00e9 en termes d&#8217;\u00e9tudes. Actuellement, les \u00e9tudiants qui souhaitent prolonger leur s\u00e9jour au Canada doivent soumettre une demande sur papier, dont le traitement peut prendre plusieurs mois. En introduisant un processus de demande en ligne, le gouvernement canadien esp\u00e8re r\u00e9duire le temps de traitement et permettre aux \u00e9tudiants iraniens de prolonger plus facilement leur s\u00e9jour.  <\/span><\/p>\n<p><span style=\"color: #000000;\">Pour les travailleurs iraniens, les nouvelles mesures offriront une plus grande flexibilit\u00e9 en termes d&#8217;emploi. Actuellement, les travailleurs qui souhaitent changer d&#8217;employeur ou passer d&#8217;un statut temporaire \u00e0 un autre doivent soumettre une demande sur papier et attendre son approbation. En introduisant un processus de demande en ligne et en autorisant les demandes de changement de statut au Canada, le gouvernement canadien esp\u00e8re r\u00e9duire la charge qui p\u00e8se sur les travailleurs iraniens et rendre le processus plus accessible.  <\/span><\/p>\n<p><span style=\"color: #000000;\">Pour les visiteurs iraniens, les nouvelles mesures offriront une plus grande flexibilit\u00e9 en termes de voyage. Actuellement, les visiteurs qui souhaitent prolonger leur s\u00e9jour au Canada doivent soumettre une demande sur papier et attendre l&#8217;approbation. En introduisant un processus de demande en ligne, le gouvernement canadien esp\u00e8re r\u00e9duire le temps de traitement et permettre aux visiteurs iraniens de prolonger plus facilement leur s\u00e9jour.  <\/span><\/p>\n<p><span style=\"color: #000000;\">Dans l&#8217;ensemble, les nouvelles mesures devraient apporter plus de soutien et de flexibilit\u00e9 aux r\u00e9sidents temporaires iraniens au Canada. En simplifiant le processus de demande et en r\u00e9duisant les d\u00e9lais de traitement, le gouvernement canadien esp\u00e8re rendre la vie des r\u00e9sidents temporaires iraniens plus facile et plus confortable. <\/span><\/p>\t\t\t\t\t\t<\/div>\n\t\t\t\t<\/div>\n\t\t\t\t\t<\/div>\n\t\t<\/div>\n\t\t\t\t\t<\/div>\n\t\t<\/section>\n\t\t\t\t<section data-particle_enable=\"false\" data-particle-mobile-disabled=\"false\" class=\"elementor-section elementor-top-section elementor-element elementor-element-3b3bd8fd elementor-section-boxed elementor-section-height-default elementor-section-height-default\" data-id=\"3b3bd8fd\" data-element_type=\"section\">\n\t\t\t\t\t\t<div class=\"elementor-container elementor-column-gap-default\">\n\t\t\t\t\t<div class=\"elementor-column elementor-col-100 elementor-top-column elementor-element elementor-element-1637c548\" data-id=\"1637c548\" data-element_type=\"column\">\n\t\t\t<div class=\"elementor-widget-wrap elementor-element-populated\">\n\t\t\t\t\t\t<div class=\"elementor-element elementor-element-ac9c1d6 elementor-widget elementor-widget-image\" data-id=\"ac9c1d6\" data-element_type=\"widget\" data-widget_type=\"image.default\">\n\t\t\t\t<div class=\"elementor-widget-container\">\n\t\t\t\t\t\t\t\t\t\t\t\t\t<img decoding=\"async\" width=\"800\" height=\"534\" src=\"https:\/\/www.titanlaw.ca\/wp-content\/uploads\/2023\/02\/Iranians-to-Stay-in-Canada-1024x683.png\" class=\"attachment-large size-large wp-image-16556\" alt=\"\u0627\u0642\u0627\u0645\u062a \u0627\u06cc\u0631\u0627\u0646\u06cc\u0627\u0646 \u062f\u0631 \u06a9\u0627\u0646\u0627\u062f\u0627\" srcset=\"https:\/\/www.titanlaw.ca\/wp-content\/uploads\/2023\/02\/Iranians-to-Stay-in-Canada.png 1024w, https:\/\/www.titanlaw.ca\/wp-content\/uploads\/2023\/02\/Iranians-to-Stay-in-Canada-300x200.png 300w, https:\/\/www.titanlaw.ca\/wp-content\/uploads\/2023\/02\/Iranians-to-Stay-in-Canada-768x512.png 768w\" sizes=\"(max-width: 800px) 100vw, 800px\" \/>\t\t\t\t\t\t\t\t\t\t\t\t\t<\/div>\n\t\t\t\t<\/div>\n\t\t\t\t<div class=\"elementor-element elementor-element-53bd9e79 elementor-widget elementor-widget-text-editor\" data-id=\"53bd9e79\" data-element_type=\"widget\" data-widget_type=\"text-editor.default\">\n\t\t\t\t<div class=\"elementor-widget-container\">\n\t\t\t\t\t\t\t<h2>Comment les avocats de Titan peuvent vous aider<\/h2>\n<p>Si vous \u00eates un r\u00e9sident temporaire iranien au Canada et que vous avez besoin d&#8217;aide dans le processus de demande de prolongation de votre s\u00e9jour ou de modification de votre statut, vous pouvez envisager de demander l&#8217;aide d&#8217;un <a href=\"https:\/\/www.titanlaw.ca\/fr\/rencontrez-lequipe\/\">avocat qualifi\u00e9 en droit<\/a> de l&#8217;immigration. Titan Law est un cabinet d&#8217;avocats canadien sp\u00e9cialis\u00e9 dans le droit de l&#8217;immigration qui peut vous fournir les services suivants pour vous aider dans votre demande : <\/p>\n<ol>\n<li>\n<p><strong>\u00c9valuation de l&#8217;\u00e9ligibilit\u00e9 :<\/strong> Un avocat de Titan Law peut examiner votre situation personnelle et vous conseiller sur votre \u00e9ligibilit\u00e9 \u00e0 une prolongation de s\u00e9jour ou \u00e0 un changement de statut.<\/p>\n<\/li>\n<li>\n<p><strong>Pr\u00e9paration de la demande :<\/strong> Un avocat de Titan Law peut vous aider \u00e0 pr\u00e9parer votre demande, notamment en vous aidant \u00e0 rassembler les documents requis, en remplissant les formulaires de demande et en veillant \u00e0 ce que votre demande soit compl\u00e8te et exacte.<\/p>\n<\/li>\n<li>\n<p><strong>Soumission de la demande :<\/strong> Un avocat de Titan Law peut soumettre votre demande en votre nom et suivre sa progression dans le syst\u00e8me IRCC.<\/p>\n<\/li>\n<li>\n<p><strong>Repr\u00e9sentation :<\/strong> Si votre demande est refus\u00e9e ou retard\u00e9e, un avocat de Titan Law peut vous repr\u00e9senter en cas d&#8217;appel ou d&#8217;audience.<\/p>\n<\/li>\n<li>\n<p><strong>Conseils sur les nouvelles mesures :<\/strong> Lorsque les nouvelles mesures visant \u00e0 faciliter la prolongation du s\u00e9jour des Iraniens et leur passage d&#8217;une cat\u00e9gorie \u00e0 l&#8217;autre entreront en vigueur le 1er mars 2023, un avocat de Titan Law pourra vous conseiller sur la mani\u00e8re de tirer parti de ces mesures et sur les changements \u00e0 apporter \u00e0 la proc\u00e9dure de demande d&#8217;asile.<\/p>\n<\/li>\n<\/ol>\n<p>En outre, un avocat de Titan Law peut vous fournir des conseils et un soutien personnalis\u00e9s tout au long de la proc\u00e9dure de demande, en vous aidant \u00e0 comprendre vos droits et responsabilit\u00e9s en tant que r\u00e9sident temporaire au Canada et en veillant \u00e0 ce que votre demande soit trait\u00e9e de mani\u00e8re efficace et efficiente.<\/p>\n\t\t\t\t\t\t<\/div>\n\t\t\t\t<\/div>\n\t\t\t\t<div class=\"elementor-element elementor-element-7c69b6a elementor--h-position-center elementor--v-position-middle elementor-arrows-position-inside elementor-pagination-position-inside elementor-widget elementor-widget-slides\" data-id=\"7c69b6a\" data-element_type=\"widget\" data-settings=\"{&quot;navigation&quot;:&quot;both&quot;,&quot;autoplay&quot;:&quot;yes&quot;,&quot;pause_on_hover&quot;:&quot;yes&quot;,&quot;pause_on_interaction&quot;:&quot;yes&quot;,&quot;autoplay_speed&quot;:5000,&quot;infinite&quot;:&quot;yes&quot;,&quot;transition&quot;:&quot;slide&quot;,&quot;transition_speed&quot;:500}\" data-widget_type=\"slides.default\">\n\t\t\t\t<div class=\"elementor-widget-container\">\n\t\t\t<style>\/*! elementor-pro - v3.23.0 - 05-08-2024 *\/\n.elementor-slides .swiper-slide-bg{background-size:cover;background-position:50%;background-repeat:no-repeat;min-width:100%;min-height:100%}.elementor-slides .swiper-slide-inner{background-repeat:no-repeat;background-position:50%;position:absolute;top:0;left:0;bottom:0;right:0;padding:50px;margin:auto}.elementor-slides .swiper-slide-inner,.elementor-slides .swiper-slide-inner:hover{color:#fff;display:flex}.elementor-slides .swiper-slide-inner .elementor-background-overlay{position:absolute;z-index:0;top:0;bottom:0;left:0;right:0}.elementor-slides .swiper-slide-inner .elementor-slide-content{position:relative;z-index:1;width:100%}.elementor-slides .swiper-slide-inner .elementor-slide-heading{font-size:35px;font-weight:700;line-height:1}.elementor-slides .swiper-slide-inner .elementor-slide-description{font-size:17px;line-height:1.4}.elementor-slides .swiper-slide-inner .elementor-slide-description:not(:last-child),.elementor-slides .swiper-slide-inner .elementor-slide-heading:not(:last-child){margin-bottom:30px}.elementor-slides .swiper-slide-inner .elementor-slide-button{border:2px solid #fff;color:#fff;background:transparent;display:inline-block}.elementor-slides .swiper-slide-inner .elementor-slide-button,.elementor-slides .swiper-slide-inner .elementor-slide-button:hover{background:transparent;color:inherit;text-decoration:none}.elementor--v-position-top .swiper-slide-inner{align-items:flex-start}.elementor--v-position-bottom .swiper-slide-inner{align-items:flex-end}.elementor--v-position-middle .swiper-slide-inner{align-items:center}.elementor--h-position-left .swiper-slide-inner{justify-content:flex-start}.elementor--h-position-right .swiper-slide-inner{justify-content:flex-end}.elementor--h-position-center .swiper-slide-inner{justify-content:center}body.rtl .elementor-widget-slides .elementor-swiper-button-next{left:10px;right:auto}body.rtl .elementor-widget-slides .elementor-swiper-button-prev{right:10px;left:auto}.elementor-slides-wrapper div:not(.swiper-slide)>.swiper-slide-inner{display:none}@media (max-width:767px){.elementor-slides .swiper-slide-inner{padding:30px}.elementor-slides .swiper-slide-inner .elementor-slide-heading{font-size:23px;line-height:1;margin-bottom:15px}.elementor-slides .swiper-slide-inner .elementor-slide-description{font-size:13px;line-height:1.4;margin-bottom:15px}}<\/style>\t\t<div class=\"elementor-swiper\">\n\t\t\t<div class=\"elementor-slides-wrapper elementor-main-swiper swiper\" dir=\"ltr\" data-animation=\"fadeInUp\">\n\t\t\t\t<div class=\"swiper-wrapper elementor-slides\">\n\t\t\t\t\t\t\t\t\t\t<div class=\"elementor-repeater-item-bfcf179 swiper-slide\"><div class=\"swiper-slide-bg\" role=\"img\"><\/div><div class=\"elementor-background-overlay\"><\/div><a class=\"swiper-slide-inner\" href=\"https:\/\/www.titanlaw.ca\/fr\/reserver-une-consultation\/\"><div class=\"swiper-slide-contents\"><div class=\"elementor-slide-heading\">Besoin de l'aide de nos avocats ?<\/div><div  class=\"elementor-button elementor-slide-button elementor-size-sm\">Prenez rendez-vous pour une consultation<\/div><\/div><\/a><\/div>\t\t\t\t<\/div>\n\t\t\t\t\t\t\t<\/div>\n\t\t<\/div>\n\t\t\t\t<\/div>\n\t\t\t\t<\/div>\n\t\t\t\t<div class=\"elementor-element elementor-element-d1f218e elementor-widget elementor-widget-text-editor\" data-id=\"d1f218e\" data-element_type=\"widget\" data-widget_type=\"text-editor.default\">\n\t\t\t\t<div class=\"elementor-widget-container\">\n\t\t\t\t\t\t\t<h2><span style=\"color: #000000;\">Conclusion<\/span><\/h2>\n<div class=\"w-full border-b border-black\/10 dark:border-gray-900\/50 text-gray-800 dark:text-gray-100 group bg-gray-50 dark:bg-[#444654]\">\n<div class=\"text-base gap-4 md:gap-6 m-auto md:max-w-2xl lg:max-w-2xl xl:max-w-3xl p-4 md:py-6 flex lg:px-0\">\n<div class=\"relative flex w-[calc(100%-50px)] flex-col gap-1 md:gap-3 lg:w-[calc(100%-115px)]\">\n<div class=\"flex flex-grow flex-col gap-3\">\n<div class=\"min-h-[20px] flex flex-col items-start gap-4 whitespace-pre-wrap\">\n<div class=\"markdown prose w-full break-words dark:prose-invert light\">\n<p><span style=\"color: #000000;\">\u00c0 compter du 1er mars 2023, de nouvelles mesures permettront aux Iraniens qui se trouvent d\u00e9j\u00e0 au Canada de prolonger plus facilement leur s\u00e9jour temporaire et de passer d&#8217;une cat\u00e9gorie \u00e0 l&#8217;autre. Ces changements auront un impact significatif sur la communaut\u00e9 iranienne au Canada, leur permettant de conserver plus facilement leur statut l\u00e9gal et de poursuivre leurs objectifs au Canada. <\/span><\/p>\n<p><span style=\"color: #000000;\">Bien que ces changements puissent soulever des difficult\u00e9s et des inqui\u00e9tudes, il est important de reconna\u00eetre les nombreux avantages qu&#8217;ils offrent. En rationalisant le processus de demande et en r\u00e9duisant les d\u00e9lais d&#8217;attente, les nouvelles mesures contribueront \u00e0 garantir que les Iraniens au Canada puissent acc\u00e9der au soutien et aux ressources dont ils ont besoin pour s&#8217;\u00e9panouir et r\u00e9ussir. <\/span><\/p>\n<p><span style=\"color: #000000;\">Si vous \u00eates un r\u00e9sident temporaire iranien au Canada, il est important de vous tenir inform\u00e9 de ces changements et de travailler avec des professionnels qualifi\u00e9s, tels que les avocats en droit de l&#8217;immigration de Titan Law, qui peuvent vous fournir des conseils et un soutien personnalis\u00e9s pour vous aider \u00e0 naviguer dans le processus de demande et \u00e0 atteindre vos objectifs au Canada.<\/span><\/p>\n<p><span style=\"color: #000000;\">Dans l&#8217;ensemble, les nouvelles mesures repr\u00e9sentent une avanc\u00e9e importante dans la promotion de la diversit\u00e9, de l&#8217;inclusion et des opportunit\u00e9s au Canada, et elles d\u00e9montrent l&#8217;engagement du pays \u00e0 accueillir et \u00e0 soutenir les immigrants du monde entier. Elles offrent donc un avenir prometteur aux Iraniens qui vivent d\u00e9j\u00e0 au Canada, ainsi qu&#8217;\u00e0 tous ceux qui souhaitent s&#8217;y installer. <\/span><\/p>\n<\/div>\n<\/div>\n<\/div>\n<div class=\"flex justify-between\">\n<div class=\"text-gray-400 flex self-end lg:self-center justify-center mt-2 gap-3 md:gap-4 lg:gap-1 lg:absolute lg:top-0 lg:translate-x-full lg:right-0 lg:mt-0 lg:pl-2 visible\"> <\/div>\n<\/div>\n<\/div>\n<\/div>\n<\/div>\n\t\t\t\t\t\t<\/div>\n\t\t\t\t<\/div>\n\t\t\t\t\t<\/div>\n\t\t<\/div>\n\t\t\t\t\t<\/div>\n\t\t<\/section>\n\t\t\t\t<section data-particle_enable=\"false\" data-particle-mobile-disabled=\"false\" class=\"elementor-section elementor-top-section elementor-element elementor-element-a94af3c elementor-section-boxed elementor-section-height-default elementor-section-height-default\" data-id=\"a94af3c\" data-element_type=\"section\">\n\t\t\t\t\t\t<div class=\"elementor-container elementor-column-gap-default\">\n\t\t\t\t\t<div class=\"elementor-column elementor-col-100 elementor-top-column elementor-element elementor-element-f8a8a55\" data-id=\"f8a8a55\" data-element_type=\"column\">\n\t\t\t<div class=\"elementor-widget-wrap elementor-element-populated\">\n\t\t\t\t\t\t<div class=\"elementor-element elementor-element-261cc4a elementor-align-center elementor-widget elementor-widget-button\" data-id=\"261cc4a\" data-element_type=\"widget\" data-widget_type=\"button.default\">\n\t\t\t\t<div class=\"elementor-widget-container\">\n\t\t\t\t\t<div class=\"elementor-button-wrapper\">\n\t\t\t<a class=\"elementor-button elementor-button-link elementor-size-sm\" href=\"https:\/\/www.titanlaw.ca\/fr\/reserver-une-consultation\/\">\n\t\t\t\t\t\t<span class=\"elementor-button-content-wrapper\">\n\t\t\t\t\t\t\t\t\t<span class=\"elementor-button-text\">Prenez rendez-vous pour une consultation<\/span>\n\t\t\t\t\t<\/span>\n\t\t\t\t\t<\/a>\n\t\t<\/div>\n\t\t\t\t<\/div>\n\t\t\t\t<\/div>\n\t\t\t\t<div class=\"elementor-element elementor-element-ca73c5f elementor-widget elementor-widget-accordion\" data-id=\"ca73c5f\" data-element_type=\"widget\" data-widget_type=\"accordion.default\">\n\t\t\t\t<div class=\"elementor-widget-container\">\n\t\t\t<style>\/*! elementor - v3.23.0 - 05-08-2024 *\/\n.elementor-accordion{text-align:start}.elementor-accordion .elementor-accordion-item{border:1px solid #d5d8dc}.elementor-accordion .elementor-accordion-item+.elementor-accordion-item{border-top:none}.elementor-accordion .elementor-tab-title{margin:0;padding:15px 20px;font-weight:700;line-height:1;cursor:pointer;outline:none}.elementor-accordion .elementor-tab-title .elementor-accordion-icon{display:inline-block;width:1.5em}.elementor-accordion .elementor-tab-title .elementor-accordion-icon svg{width:1em;height:1em}.elementor-accordion .elementor-tab-title .elementor-accordion-icon.elementor-accordion-icon-right{float:right;text-align:right}.elementor-accordion .elementor-tab-title .elementor-accordion-icon.elementor-accordion-icon-left{float:left;text-align:left}.elementor-accordion .elementor-tab-title .elementor-accordion-icon .elementor-accordion-icon-closed{display:block}.elementor-accordion .elementor-tab-title .elementor-accordion-icon .elementor-accordion-icon-opened,.elementor-accordion .elementor-tab-title.elementor-active .elementor-accordion-icon-closed{display:none}.elementor-accordion .elementor-tab-title.elementor-active .elementor-accordion-icon-opened{display:block}.elementor-accordion .elementor-tab-content{display:none;padding:15px 20px;border-top:1px solid #d5d8dc}@media (max-width:767px){.elementor-accordion .elementor-tab-title{padding:12px 15px}.elementor-accordion .elementor-tab-title .elementor-accordion-icon{width:1.2em}.elementor-accordion .elementor-tab-content{padding:7px 15px}}.e-con-inner>.elementor-widget-accordion,.e-con>.elementor-widget-accordion{width:var(--container-widget-width);--flex-grow:var(--container-widget-flex-grow)}<\/style>\t\t<div class=\"elementor-accordion\">\n\t\t\t\t\t\t\t<div class=\"elementor-accordion-item\">\n\t\t\t\t\t<div id=\"elementor-tab-title-2121\" class=\"elementor-tab-title\" data-tab=\"1\" role=\"button\" aria-controls=\"elementor-tab-content-2121\" aria-expanded=\"false\">\n\t\t\t\t\t\t\t\t\t\t\t\t\t<span class=\"elementor-accordion-icon elementor-accordion-icon-left\" aria-hidden=\"true\">\n\t\t\t\t\t\t\t\t\t\t\t\t\t\t\t<span class=\"elementor-accordion-icon-closed\"><i class=\"fas fa-plus\"><\/i><\/span>\n\t\t\t\t\t\t\t\t<span class=\"elementor-accordion-icon-opened\"><i class=\"fas fa-minus\"><\/i><\/span>\n\t\t\t\t\t\t\t\t\t\t\t\t\t\t<\/span>\n\t\t\t\t\t\t\t\t\t\t\t\t<a class=\"elementor-accordion-title\" tabindex=\"0\">Qu'est-ce qui change le 1er mars 2023 ?<\/a>\n\t\t\t\t\t<\/div>\n\t\t\t\t\t<div id=\"elementor-tab-content-2121\" class=\"elementor-tab-content elementor-clearfix\" data-tab=\"1\" role=\"region\" aria-labelledby=\"elementor-tab-title-2121\"><p>\u00c0 compter du 1er mars 2023, de nouvelles mesures permettront aux Iraniens d\u00e9j\u00e0 pr\u00e9sents au Canada de prolonger plus facilement leur s\u00e9jour temporaire et de passer d&#8217;une cat\u00e9gorie \u00e0 l&#8217;autre.<\/p>\n<\/div>\n\t\t\t\t<\/div>\n\t\t\t\t\t\t\t<div class=\"elementor-accordion-item\">\n\t\t\t\t\t<div id=\"elementor-tab-title-2122\" class=\"elementor-tab-title\" data-tab=\"2\" role=\"button\" aria-controls=\"elementor-tab-content-2122\" aria-expanded=\"false\">\n\t\t\t\t\t\t\t\t\t\t\t\t\t<span class=\"elementor-accordion-icon elementor-accordion-icon-left\" aria-hidden=\"true\">\n\t\t\t\t\t\t\t\t\t\t\t\t\t\t\t<span class=\"elementor-accordion-icon-closed\"><i class=\"fas fa-plus\"><\/i><\/span>\n\t\t\t\t\t\t\t\t<span class=\"elementor-accordion-icon-opened\"><i class=\"fas fa-minus\"><\/i><\/span>\n\t\t\t\t\t\t\t\t\t\t\t\t\t\t<\/span>\n\t\t\t\t\t\t\t\t\t\t\t\t<a class=\"elementor-accordion-title\" tabindex=\"0\">Quels types de flux temporaires les Iraniens peuvent-ils emprunter en vertu des nouvelles mesures ?<\/a>\n\t\t\t\t\t<\/div>\n\t\t\t\t\t<div id=\"elementor-tab-content-2122\" class=\"elementor-tab-content elementor-clearfix\" data-tab=\"2\" role=\"region\" aria-labelledby=\"elementor-tab-title-2122\"><p>Les nouvelles mesures permettront aux Iraniens de passer d&#8217;un statut de visiteur \u00e0 un statut d&#8217;\u00e9tudiant ou de travailleur, ou d&#8217;un statut d&#8217;\u00e9tudiant \u00e0 un statut de travailleur.<\/p>\n<\/div>\n\t\t\t\t<\/div>\n\t\t\t\t\t\t\t<div class=\"elementor-accordion-item\">\n\t\t\t\t\t<div id=\"elementor-tab-title-2123\" class=\"elementor-tab-title\" data-tab=\"3\" role=\"button\" aria-controls=\"elementor-tab-content-2123\" aria-expanded=\"false\">\n\t\t\t\t\t\t\t\t\t\t\t\t\t<span class=\"elementor-accordion-icon elementor-accordion-icon-left\" aria-hidden=\"true\">\n\t\t\t\t\t\t\t\t\t\t\t\t\t\t\t<span class=\"elementor-accordion-icon-closed\"><i class=\"fas fa-plus\"><\/i><\/span>\n\t\t\t\t\t\t\t\t<span class=\"elementor-accordion-icon-opened\"><i class=\"fas fa-minus\"><\/i><\/span>\n\t\t\t\t\t\t\t\t\t\t\t\t\t\t<\/span>\n\t\t\t\t\t\t\t\t\t\t\t\t<a class=\"elementor-accordion-title\" tabindex=\"0\">Les nouvelles mesures s'appliqueront-elles \u00e0 tous les Iraniens au Canada ?<\/a>\n\t\t\t\t\t<\/div>\n\t\t\t\t\t<div id=\"elementor-tab-content-2123\" class=\"elementor-tab-content elementor-clearfix\" data-tab=\"3\" role=\"region\" aria-labelledby=\"elementor-tab-title-2123\"><p>Oui, les nouvelles mesures s&#8217;appliqueront \u00e0 tous les Iraniens qui se trouvent d\u00e9j\u00e0 au Canada en tant que r\u00e9sidents temporaires.<\/p>\n<\/div>\n\t\t\t\t<\/div>\n\t\t\t\t\t\t\t<div class=\"elementor-accordion-item\">\n\t\t\t\t\t<div id=\"elementor-tab-title-2124\" class=\"elementor-tab-title\" data-tab=\"4\" role=\"button\" aria-controls=\"elementor-tab-content-2124\" aria-expanded=\"false\">\n\t\t\t\t\t\t\t\t\t\t\t\t\t<span class=\"elementor-accordion-icon elementor-accordion-icon-left\" aria-hidden=\"true\">\n\t\t\t\t\t\t\t\t\t\t\t\t\t\t\t<span class=\"elementor-accordion-icon-closed\"><i class=\"fas fa-plus\"><\/i><\/span>\n\t\t\t\t\t\t\t\t<span class=\"elementor-accordion-icon-opened\"><i class=\"fas fa-minus\"><\/i><\/span>\n\t\t\t\t\t\t\t\t\t\t\t\t\t\t<\/span>\n\t\t\t\t\t\t\t\t\t\t\t\t<a class=\"elementor-accordion-title\" tabindex=\"0\">Comment puis-je pr\u00e9senter une demande dans le cadre des nouvelles mesures ?<\/a>\n\t\t\t\t\t<\/div>\n\t\t\t\t\t<div id=\"elementor-tab-content-2124\" class=\"elementor-tab-content elementor-clearfix\" data-tab=\"4\" role=\"region\" aria-labelledby=\"elementor-tab-title-2124\"><p>Pour d\u00e9poser une demande au titre des nouvelles mesures, les Iraniens peuvent suivre la m\u00eame proc\u00e9dure qu&#8217;auparavant, mais ils disposeront d\u00e9sormais de plus d&#8217;options pour prolonger leur s\u00e9jour et passer d&#8217;une cat\u00e9gorie temporaire \u00e0 l&#8217;autre. Ils peuvent \u00e9galement demander l&#8217;assistance d&#8217;un avocat qualifi\u00e9 en mati\u00e8re d&#8217;immigration pour les aider dans la proc\u00e9dure de demande. <\/p>\n<\/div>\n\t\t\t\t<\/div>\n\t\t\t\t\t\t\t<div class=\"elementor-accordion-item\">\n\t\t\t\t\t<div id=\"elementor-tab-title-2125\" class=\"elementor-tab-title\" data-tab=\"5\" role=\"button\" aria-controls=\"elementor-tab-content-2125\" aria-expanded=\"false\">\n\t\t\t\t\t\t\t\t\t\t\t\t\t<span class=\"elementor-accordion-icon elementor-accordion-icon-left\" aria-hidden=\"true\">\n\t\t\t\t\t\t\t\t\t\t\t\t\t\t\t<span class=\"elementor-accordion-icon-closed\"><i class=\"fas fa-plus\"><\/i><\/span>\n\t\t\t\t\t\t\t\t<span class=\"elementor-accordion-icon-opened\"><i class=\"fas fa-minus\"><\/i><\/span>\n\t\t\t\t\t\t\t\t\t\t\t\t\t\t<\/span>\n\t\t\t\t\t\t\t\t\t\t\t\t<a class=\"elementor-accordion-title\" tabindex=\"0\">Les nouvelles mesures s'appliqueront-elles aux nouveaux demandeurs ?<\/a>\n\t\t\t\t\t<\/div>\n\t\t\t\t\t<div id=\"elementor-tab-content-2125\" class=\"elementor-tab-content elementor-clearfix\" data-tab=\"5\" role=\"region\" aria-labelledby=\"elementor-tab-title-2125\"><p>Non, les nouvelles mesures ne s&#8217;appliqueront qu&#8217;aux Iraniens qui se trouvent d\u00e9j\u00e0 au Canada en tant que r\u00e9sidents temporaires.<\/p>\n<\/div>\n\t\t\t\t<\/div>\n\t\t\t\t\t\t\t\t<\/div>\n\t\t\t\t<\/div>\n\t\t\t\t<\/div>\n\t\t\t\t\t<\/div>\n\t\t<\/div>\n\t\t\t\t\t<\/div>\n\t\t<\/section>\n\t\t\t\t<\/div>\n\t\t","protected":false},"excerpt":{"rendered":"<p>L&#8217;immigration est un aspect important du d\u00e9veloppement du Canada en tant que nation. Pendant des d\u00e9cennies, le Canada a accueilli des immigrants du monde entier et a construit une soci\u00e9t\u00e9 diversifi\u00e9e et inclusive. Ces derni\u00e8res ann\u00e9es, l&#8217;Iran a \u00e9t\u00e9 l&#8217;un des principaux pays d&#8217;origine des immigrants au Canada. Cependant, de nombreux Iraniens qui viennent au [&hellip;]<\/p>\n","protected":false},"author":1,"featured_media":16554,"comment_status":"closed","ping_status":"closed","sticky":false,"template":"","format":"standard","meta":{"content-type":"","om_disable_all_campaigns":false,"inline_featured_image":false,"_monsterinsights_skip_tracking":false,"_monsterinsights_sitenote_active":false,"_monsterinsights_sitenote_note":"","_monsterinsights_sitenote_category":0,"_uf_show_specific_survey":0,"_uf_disable_surveys":false,"footnotes":""},"categories":[69],"tags":[],"class_list":["post-17864","post","type-post","status-publish","format-standard","has-post-thumbnail","hentry","category-non-classifiee"],"_links":{"self":[{"href":"https:\/\/www.titanlaw.ca\/fr\/wp-json\/wp\/v2\/posts\/17864"}],"collection":[{"href":"https:\/\/www.titanlaw.ca\/fr\/wp-json\/wp\/v2\/posts"}],"about":[{"href":"https:\/\/www.titanlaw.ca\/fr\/wp-json\/wp\/v2\/types\/post"}],"author":[{"embeddable":true,"href":"https:\/\/www.titanlaw.ca\/fr\/wp-json\/wp\/v2\/users\/1"}],"replies":[{"embeddable":true,"href":"https:\/\/www.titanlaw.ca\/fr\/wp-json\/wp\/v2\/comments?post=17864"}],"version-history":[{"count":8,"href":"https:\/\/www.titanlaw.ca\/fr\/wp-json\/wp\/v2\/posts\/17864\/revisions"}],"predecessor-version":[{"id":37992,"href":"https:\/\/www.titanlaw.ca\/fr\/wp-json\/wp\/v2\/posts\/17864\/revisions\/37992"}],"wp:featuredmedia":[{"embeddable":true,"href":"https:\/\/www.titanlaw.ca\/fr\/wp-json\/wp\/v2\/media\/16554"}],"wp:attachment":[{"href":"https:\/\/www.titanlaw.ca\/fr\/wp-json\/wp\/v2\/media?parent=17864"}],"wp:term":[{"taxonomy":"category","embeddable":true,"href":"https:\/\/www.titanlaw.ca\/fr\/wp-json\/wp\/v2\/categories?post=17864"},{"taxonomy":"post_tag","embeddable":true,"href":"https:\/\/www.titanlaw.ca\/fr\/wp-json\/wp\/v2\/tags?post=17864"}],"curies":[{"name":"wp","href":"https:\/\/api.w.org\/{rel}","templated":true}]}}