{"id":17869,"date":"2023-03-17T15:15:00","date_gmt":"2023-03-17T22:15:00","guid":{"rendered":"https:\/\/www.titanlaw.ca\/le-canada-prolonge-les-permis-de-travail-post-diplome-pour-les-personnes-hautement-qualifiees-retenir-les-ressortissants-etrangers-pour-remedier-aux-penuries-de-main-doeuvre\/"},"modified":"2025-07-18T00:09:56","modified_gmt":"2025-07-18T07:09:56","slug":"le-canada-prolonge-les-permis-de-travail-post-diplome-pour-les-personnes-hautement-qualifiees-retenir-les-ressortissants-etrangers-pour-remedier-aux-penuries-de-main-doeuvre","status":"publish","type":"post","link":"https:\/\/www.titanlaw.ca\/fr\/le-canada-prolonge-les-permis-de-travail-post-diplome-pour-les-personnes-hautement-qualifiees-retenir-les-ressortissants-etrangers-pour-remedier-aux-penuries-de-main-doeuvre\/","title":{"rendered":"Le Canada prolonge les permis de travail post-dipl\u00f4me pour les personnes hautement qualifi\u00e9es : Retenir les ressortissants \u00e9trangers pour rem\u00e9dier aux p\u00e9nuries de main-d&#8217;\u0153uvre"},"content":{"rendered":"\t\t<div data-elementor-type=\"wp-post\" data-elementor-id=\"17869\" class=\"elementor elementor-17869 elementor-5288\" data-elementor-post-type=\"post\">\n\t\t\t\t\t\t<section data-particle_enable=\"false\" data-particle-mobile-disabled=\"false\" class=\"elementor-section elementor-top-section elementor-element elementor-element-6c1dac2 elementor-section-boxed elementor-section-height-default elementor-section-height-default\" data-id=\"6c1dac2\" data-element_type=\"section\">\n\t\t\t\t\t\t<div class=\"elementor-container elementor-column-gap-default\">\n\t\t\t\t\t<div class=\"elementor-column elementor-col-100 elementor-top-column elementor-element elementor-element-2805237\" data-id=\"2805237\" data-element_type=\"column\">\n\t\t\t<div class=\"elementor-widget-wrap elementor-element-populated\">\n\t\t\t\t\t\t<div class=\"elementor-element elementor-element-a1f567e elementor-widget elementor-widget-text-editor\" data-id=\"a1f567e\" data-element_type=\"widget\" data-widget_type=\"text-editor.default\">\n\t\t\t\t<div class=\"elementor-widget-container\">\n\t\t\t<style>\/*! elementor - v3.23.0 - 05-08-2024 *\/\n.elementor-widget-text-editor.elementor-drop-cap-view-stacked .elementor-drop-cap{background-color:#69727d;color:#fff}.elementor-widget-text-editor.elementor-drop-cap-view-framed .elementor-drop-cap{color:#69727d;border:3px solid;background-color:transparent}.elementor-widget-text-editor:not(.elementor-drop-cap-view-default) .elementor-drop-cap{margin-top:8px}.elementor-widget-text-editor:not(.elementor-drop-cap-view-default) .elementor-drop-cap-letter{width:1em;height:1em}.elementor-widget-text-editor .elementor-drop-cap{float:left;text-align:center;line-height:1;font-size:50px}.elementor-widget-text-editor .elementor-drop-cap-letter{display:inline-block}<\/style>\t\t\t\t<p><span style=\"color: #000000;\">Alors que le Canada se remet des cons\u00e9quences \u00e9conomiques de la pand\u00e9mie, les employeurs sont confront\u00e9s \u00e0 des difficult\u00e9s sans pr\u00e9c\u00e9dent pour trouver et conserver les travailleurs dont ils ont besoin.<br \/>\nEn r\u00e9ponse \u00e0 cette situation, le gouvernement canadien a annonc\u00e9 la prolongation des permis de travail post-dipl\u00f4me (PTD) pour une dur\u00e9e maximale de 18 mois pour les dipl\u00f4m\u00e9s internationaux dont le permis a expir\u00e9 ou est en voie d&#8217;expiration.<br \/>\nCette mesure permettra au Canada de retenir les talents hautement qualifi\u00e9s, de rem\u00e9dier aux p\u00e9nuries de main-d&#8217;\u0153uvre et de donner aux dipl\u00f4m\u00e9s internationaux plus de temps pour acqu\u00e9rir une exp\u00e9rience professionnelle pr\u00e9cieuse au Canada.  <\/span><\/p>\n<p><span style=\"color: #000000;\">Cette nouvelle politique est une r\u00e9ponse \u00e0 la p\u00e9nurie de main-d&#8217;\u0153uvre qui s\u00e9vit au Canada et qui est exacerb\u00e9e par la pand\u00e9mie.<br \/>\nCette p\u00e9nurie est particuli\u00e8rement aigu\u00eb dans des secteurs tels que la sant\u00e9, la technologie et l&#8217;agriculture, o\u00f9 les travailleurs hautement qualifi\u00e9s se font rares.<br \/>\nAvec cette nouvelle politique, le gouvernement canadien esp\u00e8re permettre aux employeurs de retenir plus facilement les talents dont ils ont besoin et offrir aux dipl\u00f4m\u00e9s internationaux davantage de possibilit\u00e9s d&#8217;acqu\u00e9rir une exp\u00e9rience professionnelle au Canada.  <\/span><\/p>\n\t\t\t\t\t\t<\/div>\n\t\t\t\t<\/div>\n\t\t\t\t\t<\/div>\n\t\t<\/div>\n\t\t\t\t\t<\/div>\n\t\t<\/section>\n\t\t\t\t<section data-particle_enable=\"false\" data-particle-mobile-disabled=\"false\" class=\"elementor-section elementor-top-section elementor-element elementor-element-08abec8 elementor-section-boxed elementor-section-height-default elementor-section-height-default\" data-id=\"08abec8\" data-element_type=\"section\">\n\t\t\t\t\t\t<div class=\"elementor-container elementor-column-gap-default\">\n\t\t\t\t\t<div class=\"elementor-column elementor-col-100 elementor-top-column elementor-element elementor-element-57cd40d\" data-id=\"57cd40d\" data-element_type=\"column\">\n\t\t\t<div class=\"elementor-widget-wrap elementor-element-populated\">\n\t\t\t\t\t\t<div class=\"elementor-element elementor-element-ac9c1d6 elementor-widget elementor-widget-image\" data-id=\"ac9c1d6\" data-element_type=\"widget\" data-widget_type=\"image.default\">\n\t\t\t\t<div class=\"elementor-widget-container\">\n\t\t\t<style>\/*! elementor - v3.23.0 - 05-08-2024 *\/\n.elementor-widget-image{text-align:center}.elementor-widget-image a{display:inline-block}.elementor-widget-image a img[src$=\".svg\"]{width:48px}.elementor-widget-image img{vertical-align:middle;display:inline-block}<\/style>\t\t\t\t\t\t\t\t\t\t<img fetchpriority=\"high\" decoding=\"async\" width=\"800\" height=\"534\" src=\"https:\/\/www.titanlaw.ca\/wp-content\/uploads\/2023\/03\/Canada-Extends-Post-Graduation-Work-Permits--1024x683.png\" class=\"attachment-large size-large wp-image-16622\" alt=\"Le Canada prolonge les permis de travail post-dipl\u00f4me\" srcset=\"https:\/\/www.titanlaw.ca\/wp-content\/uploads\/2023\/03\/Canada-Extends-Post-Graduation-Work-Permits-.png 1024w, https:\/\/www.titanlaw.ca\/wp-content\/uploads\/2023\/03\/Canada-Extends-Post-Graduation-Work-Permits--300x200.png 300w, https:\/\/www.titanlaw.ca\/wp-content\/uploads\/2023\/03\/Canada-Extends-Post-Graduation-Work-Permits--768x512.png 768w\" sizes=\"(max-width: 800px) 100vw, 800px\" \/>\t\t\t\t\t\t\t\t\t\t\t\t\t<\/div>\n\t\t\t\t<\/div>\n\t\t\t\t\t<\/div>\n\t\t<\/div>\n\t\t\t\t\t<\/div>\n\t\t<\/section>\n\t\t\t\t<section data-particle_enable=\"false\" data-particle-mobile-disabled=\"false\" class=\"elementor-section elementor-top-section elementor-element elementor-element-c2e63ac elementor-section-boxed elementor-section-height-default elementor-section-height-default\" data-id=\"c2e63ac\" data-element_type=\"section\">\n\t\t\t\t\t\t<div class=\"elementor-container elementor-column-gap-default\">\n\t\t\t\t\t<div class=\"elementor-column elementor-col-100 elementor-top-column elementor-element elementor-element-a961d80\" data-id=\"a961d80\" data-element_type=\"column\">\n\t\t\t<div class=\"elementor-widget-wrap elementor-element-populated\">\n\t\t\t\t\t\t<div class=\"elementor-element elementor-element-2bbcc93 elementor-widget elementor-widget-text-editor\" data-id=\"2bbcc93\" data-element_type=\"widget\" data-widget_type=\"text-editor.default\">\n\t\t\t\t<div class=\"elementor-widget-container\">\n\t\t\t\t\t\t\t<h2><span style=\"color: #000000;\">Les avantages de la r\u00e9tention des talents hautement qualifi\u00e9s<\/span><\/h2>\n<p><span style=\"color: #000000;\">Les dipl\u00f4m\u00e9s internationaux jouent un r\u00f4le essentiel dans la lutte contre la p\u00e9nurie de main-d&#8217;\u0153uvre au Canada, et ceux qui arrivent au terme de leur PGWP sont d\u00e9j\u00e0 bien int\u00e9gr\u00e9s dans le march\u00e9 du travail canadien.<br \/>\nEn prolongeant leur permis, le Canada peut conserver des personnes hautement qualifi\u00e9es qui peuvent contribuer \u00e0 la croissance et au d\u00e9veloppement \u00e9conomiques du pays.<br \/>\nL&#8217;exp\u00e9rience professionnelle suppl\u00e9mentaire acquise au cours de la p\u00e9riode prolong\u00e9e peut \u00e9galement aider les dipl\u00f4m\u00e9s internationaux \u00e0 se pr\u00e9parer \u00e0 l&#8217;opportunit\u00e9 de demander la r\u00e9sidence permanente au Canada.  <\/span><\/p>\n<h2><span style=\"color: #000000;\">La nouvelle politique : Ce que vous devez savoir<\/span><\/h2>\n<p><span style=\"color: #000000;\">\u00c0 partir du 6 avril 2023, les dipl\u00f4m\u00e9s internationaux dont le PGWP a expir\u00e9 ou arrive \u00e0 \u00e9ch\u00e9ance pourront b\u00e9n\u00e9ficier d&#8217;un permis de travail suppl\u00e9mentaire ou prolong\u00e9 pour s\u00e9journer au Canada pendant une p\u00e9riode pouvant aller jusqu&#8217;\u00e0 18 mois.<br \/>\nLes personnes dont le permis de travail a expir\u00e9 pourront r\u00e9tablir leur statut, m\u00eame si elles ont d\u00e9pass\u00e9 la p\u00e9riode de r\u00e9tablissement de 90 jours, et recevront un permis de travail provisoire en attendant le traitement de leur nouvelle demande de permis de travail. <\/span><\/p>\n<p><span style=\"color: #000000;\">Les titulaires de PGWP qui sont \u00e9ligibles au processus de facilitation recevront bient\u00f4t des messages les invitant \u00e0 se connecter \u00e0 leur compte s\u00e9curis\u00e9 IRCC en ligne pour s&#8217;inscrire et mettre \u00e0 jour leurs principales informations personnelles.<br \/>\nIRCC est conscient des probl\u00e8mes rencontr\u00e9s par certains titulaires de PGWP dans le cadre du processus de facilitation utilis\u00e9 en 2022, et les le\u00e7ons tir\u00e9es de ce processus ont \u00e9t\u00e9 appliqu\u00e9es alors que le Canada met en \u0153uvre un processus similaire.<br \/>\nLa nouvelle politique publique permettra \u00e0 toute personne admissible dans le cadre de l&#8217;initiative 2022 de demander un permis de travail ouvert et de r\u00e9tablir son statut.  <\/span><\/p>\n<p><span style=\"color: #000000;\">Les dipl\u00f4m\u00e9s internationaux sont une source importante de futurs r\u00e9sidents permanents au Canada, des dizaines de milliers d&#8217;entre eux r\u00e9ussissant \u00e0 obtenir la r\u00e9sidence permanente chaque ann\u00e9e.<br \/>\nEn 2021, plus de 157 000 dipl\u00f4m\u00e9s internationaux sont devenus r\u00e9sidents permanents au Canada, un record.<br \/>\nPr\u00e8s de 95 000 ont fait de m\u00eame en 2022, soit le deuxi\u00e8me total le plus \u00e9lev\u00e9 jamais atteint.  <\/span><\/p>\n\t\t\t\t\t\t<\/div>\n\t\t\t\t<\/div>\n\t\t\t\t\t<\/div>\n\t\t<\/div>\n\t\t\t\t\t<\/div>\n\t\t<\/section>\n\t\t\t\t<section data-particle_enable=\"false\" data-particle-mobile-disabled=\"false\" class=\"elementor-section elementor-top-section elementor-element elementor-element-a94af3c elementor-section-boxed elementor-section-height-default elementor-section-height-default\" data-id=\"a94af3c\" data-element_type=\"section\">\n\t\t\t\t\t\t<div class=\"elementor-container elementor-column-gap-default\">\n\t\t\t\t\t<div class=\"elementor-column elementor-col-100 elementor-top-column elementor-element elementor-element-f8a8a55\" data-id=\"f8a8a55\" data-element_type=\"column\">\n\t\t\t<div class=\"elementor-widget-wrap elementor-element-populated\">\n\t\t\t\t\t\t<div class=\"elementor-element elementor-element-261cc4a elementor-align-center elementor-widget elementor-widget-button\" data-id=\"261cc4a\" data-element_type=\"widget\" data-widget_type=\"button.default\">\n\t\t\t\t<div class=\"elementor-widget-container\">\n\t\t\t\t\t<div class=\"elementor-button-wrapper\">\n\t\t\t<a class=\"elementor-button elementor-button-link elementor-size-sm\" href=\"https:\/\/www.titanlaw.ca\/fr\/consultation-gratuite\/\">\n\t\t\t\t\t\t<span class=\"elementor-button-content-wrapper\">\n\t\t\t\t\t\t\t\t\t<span class=\"elementor-button-text\">R\u00e9servez une consultation gratuite<\/span>\n\t\t\t\t\t<\/span>\n\t\t\t\t\t<\/a>\n\t\t<\/div>\n\t\t\t\t<\/div>\n\t\t\t\t<\/div>\n\t\t\t\t<div class=\"elementor-element elementor-element-73f92ff elementor-widget elementor-widget-text-editor\" data-id=\"73f92ff\" data-element_type=\"widget\" data-widget_type=\"text-editor.default\">\n\t\t\t\t<div class=\"elementor-widget-container\">\n\t\t\t\t\t\t\t<h2><span style=\"color: #000000;\">Conclusion<\/span><\/h2>\n<p><span style=\"color: #000000;\">La d\u00e9cision du Canada de prolonger les permis de travail post-dipl\u00f4me jusqu&#8217;\u00e0 18 mois pour les dipl\u00f4m\u00e9s internationaux dont le permis a expir\u00e9 ou est en voie d&#8217;expiration est une bonne nouvelle pour les employeurs et les personnes hautement qualifi\u00e9es.<br \/>\nLa nouvelle politique donnera aux employeurs plus de temps pour conserver les talents dont ils ont besoin et permettra aux dipl\u00f4m\u00e9s internationaux d&#8217;acqu\u00e9rir une exp\u00e9rience professionnelle pr\u00e9cieuse au Canada.<br \/>\nGr\u00e2ce \u00e0 la prolongation de leur permis, les ressortissants \u00e9trangers hautement qualifi\u00e9s seront mieux \u00e9quip\u00e9s pour contribuer \u00e0 la croissance et au d\u00e9veloppement \u00e9conomiques du Canada et se pr\u00e9parer \u00e0 demander la r\u00e9sidence permanente au Canada.<br \/>\nDans l&#8217;ensemble, cette politique est b\u00e9n\u00e9fique pour toutes les parties concern\u00e9es et repr\u00e9sente une avanc\u00e9e positive pour l&#8217;\u00e9conomie et la soci\u00e9t\u00e9 canadiennes.   <\/span><\/p>\n\t\t\t\t\t\t<\/div>\n\t\t\t\t<\/div>\n\t\t\t\t<div class=\"elementor-element elementor-element-ca73c5f elementor-widget elementor-widget-accordion\" data-id=\"ca73c5f\" data-element_type=\"widget\" data-widget_type=\"accordion.default\">\n\t\t\t\t<div class=\"elementor-widget-container\">\n\t\t\t<style>\/*! elementor - v3.23.0 - 05-08-2024 *\/\n.elementor-accordion{text-align:start}.elementor-accordion .elementor-accordion-item{border:1px solid #d5d8dc}.elementor-accordion .elementor-accordion-item+.elementor-accordion-item{border-top:none}.elementor-accordion .elementor-tab-title{margin:0;padding:15px 20px;font-weight:700;line-height:1;cursor:pointer;outline:none}.elementor-accordion .elementor-tab-title .elementor-accordion-icon{display:inline-block;width:1.5em}.elementor-accordion .elementor-tab-title .elementor-accordion-icon svg{width:1em;height:1em}.elementor-accordion .elementor-tab-title .elementor-accordion-icon.elementor-accordion-icon-right{float:right;text-align:right}.elementor-accordion .elementor-tab-title .elementor-accordion-icon.elementor-accordion-icon-left{float:left;text-align:left}.elementor-accordion .elementor-tab-title .elementor-accordion-icon .elementor-accordion-icon-closed{display:block}.elementor-accordion .elementor-tab-title .elementor-accordion-icon .elementor-accordion-icon-opened,.elementor-accordion .elementor-tab-title.elementor-active .elementor-accordion-icon-closed{display:none}.elementor-accordion .elementor-tab-title.elementor-active .elementor-accordion-icon-opened{display:block}.elementor-accordion .elementor-tab-content{display:none;padding:15px 20px;border-top:1px solid #d5d8dc}@media (max-width:767px){.elementor-accordion .elementor-tab-title{padding:12px 15px}.elementor-accordion .elementor-tab-title .elementor-accordion-icon{width:1.2em}.elementor-accordion .elementor-tab-content{padding:7px 15px}}.e-con-inner>.elementor-widget-accordion,.e-con>.elementor-widget-accordion{width:var(--container-widget-width);--flex-grow:var(--container-widget-flex-grow)}<\/style>\t\t<div class=\"elementor-accordion\">\n\t\t\t\t\t\t\t<div class=\"elementor-accordion-item\">\n\t\t\t\t\t<div id=\"elementor-tab-title-2121\" class=\"elementor-tab-title\" data-tab=\"1\" role=\"button\" aria-controls=\"elementor-tab-content-2121\" aria-expanded=\"false\">\n\t\t\t\t\t\t\t\t\t\t\t\t\t<span class=\"elementor-accordion-icon elementor-accordion-icon-left\" aria-hidden=\"true\">\n\t\t\t\t\t\t\t\t\t\t\t\t\t\t\t<span class=\"elementor-accordion-icon-closed\"><i class=\"fas fa-plus\"><\/i><\/span>\n\t\t\t\t\t\t\t\t<span class=\"elementor-accordion-icon-opened\"><i class=\"fas fa-minus\"><\/i><\/span>\n\t\t\t\t\t\t\t\t\t\t\t\t\t\t<\/span>\n\t\t\t\t\t\t\t\t\t\t\t\t<a class=\"elementor-accordion-title\" tabindex=\"0\">Qui peut b\u00e9n\u00e9ficier d'un PGWP ?<\/a>\n\t\t\t\t\t<\/div>\n\t\t\t\t\t<div id=\"elementor-tab-content-2121\" class=\"elementor-tab-content elementor-clearfix\" data-tab=\"1\" role=\"region\" aria-labelledby=\"elementor-tab-title-2121\"><p>Pour \u00eatre admissible \u00e0 un PGWP, vous devez avoir termin\u00e9 un programme d&#8217;\u00e9tudes \u00e0 temps plein dans un \u00e9tablissement d&#8217;enseignement d\u00e9sign\u00e9 (EED) canadien.<br \/>\nLe programme doit avoir dur\u00e9 au moins huit mois et vous devez \u00eatre dipl\u00f4m\u00e9 d&#8217;un \u00e9tablissement postsecondaire public ou priv\u00e9, d&#8217;un \u00e9tablissement priv\u00e9 autoris\u00e9 par une loi provinciale ou territoriale \u00e0 d\u00e9cerner des dipl\u00f4mes, ou d&#8217;un \u00e9tablissement priv\u00e9 canadien qui peut l\u00e9galement d\u00e9cerner des dipl\u00f4mes en vertu de la loi provinciale. <\/p>\n<\/div>\n\t\t\t\t<\/div>\n\t\t\t\t\t\t\t<div class=\"elementor-accordion-item\">\n\t\t\t\t\t<div id=\"elementor-tab-title-2122\" class=\"elementor-tab-title\" data-tab=\"2\" role=\"button\" aria-controls=\"elementor-tab-content-2122\" aria-expanded=\"false\">\n\t\t\t\t\t\t\t\t\t\t\t\t\t<span class=\"elementor-accordion-icon elementor-accordion-icon-left\" aria-hidden=\"true\">\n\t\t\t\t\t\t\t\t\t\t\t\t\t\t\t<span class=\"elementor-accordion-icon-closed\"><i class=\"fas fa-plus\"><\/i><\/span>\n\t\t\t\t\t\t\t\t<span class=\"elementor-accordion-icon-opened\"><i class=\"fas fa-minus\"><\/i><\/span>\n\t\t\t\t\t\t\t\t\t\t\t\t\t\t<\/span>\n\t\t\t\t\t\t\t\t\t\t\t\t<a class=\"elementor-accordion-title\" tabindex=\"0\">  Une PGWP peut-elle \u00eatre prolong\u00e9e ?<\/a>\n\t\t\t\t\t<\/div>\n\t\t\t\t\t<div id=\"elementor-tab-content-2122\" class=\"elementor-tab-content elementor-clearfix\" data-tab=\"2\" role=\"region\" aria-labelledby=\"elementor-tab-title-2122\"><p>Normalement, un PGWP n&#8217;est pas prorogeable.<br \/>\nToutefois, des politiques publiques sp\u00e9ciales ont \u00e9t\u00e9 mises en place pour permettre aux dipl\u00f4m\u00e9s internationaux dont le PGWP arrivait \u00e0 expiration de demander un permis de travail suppl\u00e9mentaire. <\/p>\n<\/div>\n\t\t\t\t<\/div>\n\t\t\t\t\t\t\t<div class=\"elementor-accordion-item\">\n\t\t\t\t\t<div id=\"elementor-tab-title-2123\" class=\"elementor-tab-title\" data-tab=\"3\" role=\"button\" aria-controls=\"elementor-tab-content-2123\" aria-expanded=\"false\">\n\t\t\t\t\t\t\t\t\t\t\t\t\t<span class=\"elementor-accordion-icon elementor-accordion-icon-left\" aria-hidden=\"true\">\n\t\t\t\t\t\t\t\t\t\t\t\t\t\t\t<span class=\"elementor-accordion-icon-closed\"><i class=\"fas fa-plus\"><\/i><\/span>\n\t\t\t\t\t\t\t\t<span class=\"elementor-accordion-icon-opened\"><i class=\"fas fa-minus\"><\/i><\/span>\n\t\t\t\t\t\t\t\t\t\t\t\t\t\t<\/span>\n\t\t\t\t\t\t\t\t\t\t\t\t<a class=\"elementor-accordion-title\" tabindex=\"0\">Quand la nouvelle politique entre-t-elle en vigueur ?<\/a>\n\t\t\t\t\t<\/div>\n\t\t\t\t\t<div id=\"elementor-tab-content-2123\" class=\"elementor-tab-content elementor-clearfix\" data-tab=\"3\" role=\"region\" aria-labelledby=\"elementor-tab-title-2123\"><p>La nouvelle politique entrera en vigueur le 6 avril 2023.<\/p>\n<\/div>\n\t\t\t\t<\/div>\n\t\t\t\t\t\t\t<div class=\"elementor-accordion-item\">\n\t\t\t\t\t<div id=\"elementor-tab-title-2124\" class=\"elementor-tab-title\" data-tab=\"4\" role=\"button\" aria-controls=\"elementor-tab-content-2124\" aria-expanded=\"false\">\n\t\t\t\t\t\t\t\t\t\t\t\t\t<span class=\"elementor-accordion-icon elementor-accordion-icon-left\" aria-hidden=\"true\">\n\t\t\t\t\t\t\t\t\t\t\t\t\t\t\t<span class=\"elementor-accordion-icon-closed\"><i class=\"fas fa-plus\"><\/i><\/span>\n\t\t\t\t\t\t\t\t<span class=\"elementor-accordion-icon-opened\"><i class=\"fas fa-minus\"><\/i><\/span>\n\t\t\t\t\t\t\t\t\t\t\t\t\t\t<\/span>\n\t\t\t\t\t\t\t\t\t\t\t\t<a class=\"elementor-accordion-title\" tabindex=\"0\">Les titulaires de PGWP dont le statut a expir\u00e9 peuvent-ils toujours demander un permis de travail prolong\u00e9 ou suppl\u00e9mentaire ?<\/a>\n\t\t\t\t\t<\/div>\n\t\t\t\t\t<div id=\"elementor-tab-content-2124\" class=\"elementor-tab-content elementor-clearfix\" data-tab=\"4\" role=\"region\" aria-labelledby=\"elementor-tab-title-2124\"><p>Oui, les titulaires de PGWP dont le statut a expir\u00e9 pourront r\u00e9tablir leur statut et demander un permis de travail prolong\u00e9 ou suppl\u00e9mentaire.<br \/>\nIls recevront \u00e9galement une autorisation de travail provisoire en attendant le traitement de leur nouvelle demande de permis de travail. <\/p>\n<\/div>\n\t\t\t\t<\/div>\n\t\t\t\t\t\t\t<div class=\"elementor-accordion-item\">\n\t\t\t\t\t<div id=\"elementor-tab-title-2125\" class=\"elementor-tab-title\" data-tab=\"5\" role=\"button\" aria-controls=\"elementor-tab-content-2125\" aria-expanded=\"false\">\n\t\t\t\t\t\t\t\t\t\t\t\t\t<span class=\"elementor-accordion-icon elementor-accordion-icon-left\" aria-hidden=\"true\">\n\t\t\t\t\t\t\t\t\t\t\t\t\t\t\t<span class=\"elementor-accordion-icon-closed\"><i class=\"fas fa-plus\"><\/i><\/span>\n\t\t\t\t\t\t\t\t<span class=\"elementor-accordion-icon-opened\"><i class=\"fas fa-minus\"><\/i><\/span>\n\t\t\t\t\t\t\t\t\t\t\t\t\t\t<\/span>\n\t\t\t\t\t\t\t\t\t\t\t\t<a class=\"elementor-accordion-title\" tabindex=\"0\">Quelle est l'importance des dipl\u00f4m\u00e9s internationaux pour l'\u00e9conomie canadienne ?<\/a>\n\t\t\t\t\t<\/div>\n\t\t\t\t\t<div id=\"elementor-tab-content-2125\" class=\"elementor-tab-content elementor-clearfix\" data-tab=\"5\" role=\"region\" aria-labelledby=\"elementor-tab-title-2125\"><p>Les dipl\u00f4m\u00e9s internationaux constituent une source importante de futurs r\u00e9sidents permanents et jouent un r\u00f4le essentiel dans la lutte contre la p\u00e9nurie de main-d&#8217;\u0153uvre au Canada.<br \/>\nChaque ann\u00e9e, des dizaines de milliers de dipl\u00f4m\u00e9s internationaux r\u00e9ussissent \u00e0 obtenir la r\u00e9sidence permanente, et la nouvelle politique permettra aux demandeurs admissibles de continuer \u00e0 contribuer \u00e0 l&#8217;\u00e9conomie canadienne tout en acqu\u00e9rant une exp\u00e9rience professionnelle pr\u00e9cieuse. <\/p>\n<\/div>\n\t\t\t\t<\/div>\n\t\t\t\t\t\t\t\t<\/div>\n\t\t\t\t<\/div>\n\t\t\t\t<\/div>\n\t\t\t\t\t<\/div>\n\t\t<\/div>\n\t\t\t\t\t<\/div>\n\t\t<\/section>\n\t\t\t\t<\/div>\n\t\t","protected":false},"excerpt":{"rendered":"<p>Alors que le Canada se remet des cons\u00e9quences \u00e9conomiques de la pand\u00e9mie, les employeurs sont confront\u00e9s \u00e0 des difficult\u00e9s sans pr\u00e9c\u00e9dent pour trouver et conserver les travailleurs dont ils ont besoin. En r\u00e9ponse \u00e0 cette situation, le gouvernement canadien a annonc\u00e9 la prolongation des permis de travail post-dipl\u00f4me (PTD) pour une dur\u00e9e maximale de 18 [&hellip;]<\/p>\n","protected":false},"author":1,"featured_media":16622,"comment_status":"closed","ping_status":"closed","sticky":false,"template":"","format":"standard","meta":{"content-type":"","om_disable_all_campaigns":false,"inline_featured_image":false,"_monsterinsights_skip_tracking":false,"_monsterinsights_sitenote_active":false,"_monsterinsights_sitenote_note":"","_monsterinsights_sitenote_category":0,"_uf_show_specific_survey":0,"_uf_disable_surveys":false,"footnotes":""},"categories":[1,69],"tags":[],"class_list":["post-17869","post","type-post","status-publish","format-standard","has-post-thumbnail","hentry","category-blog","category-non-classifiee"],"_links":{"self":[{"href":"https:\/\/www.titanlaw.ca\/fr\/wp-json\/wp\/v2\/posts\/17869"}],"collection":[{"href":"https:\/\/www.titanlaw.ca\/fr\/wp-json\/wp\/v2\/posts"}],"about":[{"href":"https:\/\/www.titanlaw.ca\/fr\/wp-json\/wp\/v2\/types\/post"}],"author":[{"embeddable":true,"href":"https:\/\/www.titanlaw.ca\/fr\/wp-json\/wp\/v2\/users\/1"}],"replies":[{"embeddable":true,"href":"https:\/\/www.titanlaw.ca\/fr\/wp-json\/wp\/v2\/comments?post=17869"}],"version-history":[{"count":5,"href":"https:\/\/www.titanlaw.ca\/fr\/wp-json\/wp\/v2\/posts\/17869\/revisions"}],"predecessor-version":[{"id":32608,"href":"https:\/\/www.titanlaw.ca\/fr\/wp-json\/wp\/v2\/posts\/17869\/revisions\/32608"}],"wp:featuredmedia":[{"embeddable":true,"href":"https:\/\/www.titanlaw.ca\/fr\/wp-json\/wp\/v2\/media\/16622"}],"wp:attachment":[{"href":"https:\/\/www.titanlaw.ca\/fr\/wp-json\/wp\/v2\/media?parent=17869"}],"wp:term":[{"taxonomy":"category","embeddable":true,"href":"https:\/\/www.titanlaw.ca\/fr\/wp-json\/wp\/v2\/categories?post=17869"},{"taxonomy":"post_tag","embeddable":true,"href":"https:\/\/www.titanlaw.ca\/fr\/wp-json\/wp\/v2\/tags?post=17869"}],"curies":[{"name":"wp","href":"https:\/\/api.w.org\/{rel}","templated":true}]}}