{"id":17878,"date":"2023-04-26T15:31:12","date_gmt":"2023-04-26T22:31:12","guid":{"rendered":"https:\/\/www.titanlaw.ca\/greve-dircc-quel-impact-sur-votre-demande-dimmigration\/"},"modified":"2026-04-02T22:10:16","modified_gmt":"2026-04-03T05:10:16","slug":"greve-dircc-quel-impact-sur-votre-demande-dimmigration","status":"publish","type":"post","link":"https:\/\/www.titanlaw.ca\/fr\/greve-dircc-quel-impact-sur-votre-demande-dimmigration\/","title":{"rendered":"Gr\u00e8ve d&#8217;IRCC : quel impact sur votre demande d&#8217;immigration ?"},"content":{"rendered":"\t\t<div data-elementor-type=\"wp-post\" data-elementor-id=\"17878\" class=\"elementor elementor-17878 elementor-5758\" data-elementor-post-type=\"post\">\n\t\t\t\t\t\t<section data-particle_enable=\"false\" data-particle-mobile-disabled=\"false\" class=\"elementor-section elementor-top-section elementor-element elementor-element-6c1dac2 elementor-section-boxed elementor-section-height-default elementor-section-height-default\" data-id=\"6c1dac2\" data-element_type=\"section\">\n\t\t\t\t\t\t<div class=\"elementor-container elementor-column-gap-default\">\n\t\t\t\t\t<div class=\"elementor-column elementor-col-100 elementor-top-column elementor-element elementor-element-2805237\" data-id=\"2805237\" data-element_type=\"column\">\n\t\t\t<div class=\"elementor-widget-wrap elementor-element-populated\">\n\t\t\t\t\t\t<div class=\"elementor-element elementor-element-a1f567e elementor-widget elementor-widget-text-editor\" data-id=\"a1f567e\" data-element_type=\"widget\" data-widget_type=\"text-editor.default\">\n\t\t\t\t<div class=\"elementor-widget-container\">\n\t\t\t<style>\/*! elementor - v3.23.0 - 05-08-2024 *\/\n.elementor-widget-text-editor.elementor-drop-cap-view-stacked .elementor-drop-cap{background-color:#69727d;color:#fff}.elementor-widget-text-editor.elementor-drop-cap-view-framed .elementor-drop-cap{color:#69727d;border:3px solid;background-color:transparent}.elementor-widget-text-editor:not(.elementor-drop-cap-view-default) .elementor-drop-cap{margin-top:8px}.elementor-widget-text-editor:not(.elementor-drop-cap-view-default) .elementor-drop-cap-letter{width:1em;height:1em}.elementor-widget-text-editor .elementor-drop-cap{float:left;text-align:center;line-height:1;font-size:50px}.elementor-widget-text-editor .elementor-drop-cap-letter{display:inline-block}<\/style>\t\t\t\t<p><span style=\"color: #000000;\">Immigrer au Canada peut \u00eatre une d\u00e9cision qui change la vie et qui n\u00e9cessite une planification et une pr\u00e9paration importantes. Cependant, la gr\u00e8ve en cours \u00e0 Immigration, R\u00e9fugi\u00e9s et Citoyennet\u00e9 Canada (IRCC) a cr\u00e9\u00e9 un important arri\u00e9r\u00e9 de demandes d&#8217;immigration et prolong\u00e9 les d\u00e9lais de traitement.  Alors que les n\u00e9gociations entre le syndicat repr\u00e9sentant les employ\u00e9s d&#8217;IRCC et le gouvernement f\u00e9d\u00e9ral se poursuivent, il est important de comprendre l&#8217;impact que cette gr\u00e8ve peut avoir sur votre demande d&#8217;immigration.  <\/span><\/p>\n<p><span style=\"color: #000000;\">Comprendre la gr\u00e8ve en cours \u00e0 IRCC Depuis le 10 avril 2023, les employ\u00e9s d&#8217;IRCC sont en gr\u00e8ve, r\u00e9clamant de meilleurs salaires, de meilleures conditions de travail et la s\u00e9curit\u00e9 de l&#8217;emploi. Cette gr\u00e8ve a provoqu\u00e9 un important retard dans le traitement des demandes d&#8217;immigration et a prolong\u00e9 les d\u00e9lais de traitement, ce qui a affect\u00e9 des milliers de demandeurs \u00e0 travers le Canada. Les n\u00e9gociations entre le syndicat et le gouvernement f\u00e9d\u00e9ral se poursuivent et il n&#8217;y a pas de calendrier pr\u00e9cis pour la fin de la gr\u00e8ve.  <\/span><\/p>\n\t\t\t\t\t\t<\/div>\n\t\t\t\t<\/div>\n\t\t\t\t\t<\/div>\n\t\t<\/div>\n\t\t\t\t\t<\/div>\n\t\t<\/section>\n\t\t\t\t<section data-particle_enable=\"false\" data-particle-mobile-disabled=\"false\" class=\"elementor-section elementor-top-section elementor-element elementor-element-770a45f elementor-section-boxed elementor-section-height-default elementor-section-height-default\" data-id=\"770a45f\" data-element_type=\"section\">\n\t\t\t\t\t\t<div class=\"elementor-container elementor-column-gap-default\">\n\t\t\t\t\t<div class=\"elementor-column elementor-col-100 elementor-top-column elementor-element elementor-element-cd82162\" data-id=\"cd82162\" data-element_type=\"column\">\n\t\t\t<div class=\"elementor-widget-wrap elementor-element-populated\">\n\t\t\t\t\t\t<div class=\"elementor-element elementor-element-5314e7b elementor-widget elementor-widget-image\" data-id=\"5314e7b\" data-element_type=\"widget\" data-widget_type=\"image.default\">\n\t\t\t\t<div class=\"elementor-widget-container\">\n\t\t\t<style>\/*! elementor - v3.23.0 - 05-08-2024 *\/\n.elementor-widget-image{text-align:center}.elementor-widget-image a{display:inline-block}.elementor-widget-image a img[src$=\".svg\"]{width:48px}.elementor-widget-image img{vertical-align:middle;display:inline-block}<\/style>\t\t\t\t\t\t\t\t\t\t<img fetchpriority=\"high\" decoding=\"async\" width=\"800\" height=\"400\" src=\"https:\/\/www.titanlaw.ca\/wp-content\/uploads\/2023\/04\/Impact-of-labour-strike-in-Canada-on-IRCCs-Immigration-Process.png\" class=\"attachment-large size-large wp-image-16630\" alt=\"Huelga del IRCC\" \/>\t\t\t\t\t\t\t\t\t\t\t\t\t<\/div>\n\t\t\t\t<\/div>\n\t\t\t\t\t<\/div>\n\t\t<\/div>\n\t\t\t\t\t<\/div>\n\t\t<\/section>\n\t\t\t\t<section data-particle_enable=\"false\" data-particle-mobile-disabled=\"false\" class=\"elementor-section elementor-top-section elementor-element elementor-element-c2e63ac elementor-section-boxed elementor-section-height-default elementor-section-height-default\" data-id=\"c2e63ac\" data-element_type=\"section\">\n\t\t\t\t\t\t<div class=\"elementor-container elementor-column-gap-default\">\n\t\t\t\t\t<div class=\"elementor-column elementor-col-100 elementor-top-column elementor-element elementor-element-a961d80\" data-id=\"a961d80\" data-element_type=\"column\">\n\t\t\t<div class=\"elementor-widget-wrap elementor-element-populated\">\n\t\t\t\t\t\t<div class=\"elementor-element elementor-element-2bbcc93 elementor-widget elementor-widget-text-editor\" data-id=\"2bbcc93\" data-element_type=\"widget\" data-widget_type=\"text-editor.default\">\n\t\t\t\t<div class=\"elementor-widget-container\">\n\t\t\t\t\t\t\t<h2><span style=\"color: #000000;\">Qu&#8217;est-ce que la gr\u00e8ve ?<\/span><\/h2>\n<p><span style=\"color: #000000;\">La gr\u00e8ve concerne des employ\u00e9s de divers minist\u00e8res f\u00e9d\u00e9raux, dont Immigration, R\u00e9fugi\u00e9s et Citoyennet\u00e9 Canada (IRCC), l&#8217;Agence des services frontaliers du Canada (ASFC) et Service Canada. Les employ\u00e9s sont repr\u00e9sent\u00e9s par l&#8217;Alliance de la fonction publique du Canada (AFPC) et n\u00e9gocient avec le gouvernement depuis plusieurs mois. Les principaux enjeux sont les augmentations de salaire, la s\u00e9curit\u00e9 de l&#8217;emploi et l&#8217;am\u00e9lioration des conditions de travail.  <\/span><\/p>\n<h2><span style=\"color: #000000;\">Impact sur les services d&#8217;immigration<\/span><\/h2>\n<p><span style=\"color: #000000;\">La gr\u00e8ve aura un impact significatif sur les services d&#8217;immigration au Canada. Voici quelques-unes des cons\u00e9quences : <\/span><\/p>\n<ol>\n<li>\n<p><span style=\"color: #000000;\"><strong>Retards dans le traitement des demandes :<\/strong> La gr\u00e8ve affectant IRCC et l&#8217;ASFC, il est probable que le traitement des demandes de r\u00e9sidence permanente, de permis de travail et de citoyennet\u00e9 sera retard\u00e9.<\/span><\/p>\n<\/li>\n<li>\n<p><span style=\"color: #000000;\"><strong>Acc\u00e8s limit\u00e9 \u00e0 l&#8217;information :<\/strong> Pendant la gr\u00e8ve, le nombre d&#8217;employ\u00e9s disponibles pour r\u00e9pondre aux demandes de renseignements sera r\u00e9duit, ce qui limitera l&#8217;acc\u00e8s \u00e0 l&#8217;information sur les programmes d&#8217;immigration.<\/span><\/p>\n<\/li>\n<li>\n<p><span style=\"color: #000000;\"><strong>Annulation de rendez-vous :<\/strong> En raison de la r\u00e9duction du personnel disponible pour les entretiens et les rendez-vous, il peut y avoir des annulations de rendez-vous pour la collecte de donn\u00e9es biom\u00e9triques et les entretiens.<\/span><\/p>\n<\/li>\n<li>\n<p><span style=\"color: #000000;\"><strong>Perturbation des services aux r\u00e9fugi\u00e9s :<\/strong> La gr\u00e8ve affectera \u00e9galement les services destin\u00e9s aux r\u00e9fugi\u00e9s, notamment les demandes d&#8217;asile et les programmes de r\u00e9installation.<\/span><\/p>\n<\/li>\n<li>\n<p><span style=\"color: #000000;\"><strong>R\u00e9duction des services frontaliers :<\/strong> Les employ\u00e9s de l&#8217;ASFC participant \u00e9galement \u00e0 la gr\u00e8ve, les temps d&#8217;attente pourraient \u00eatre plus longs aux postes fronti\u00e8res, y compris dans les a\u00e9roports, les ports maritimes et les fronti\u00e8res terrestres.<\/span><\/p>\n<\/li>\n<\/ol>\n<h2><span style=\"color: #000000;\">Marche \u00e0 suivre si votre demande est affect\u00e9e par la gr\u00e8ve<\/span><\/h2>\n<p><span style=\"color: #000000;\">Si votre demande d&#8217;immigration est affect\u00e9e par la gr\u00e8ve d&#8217;IRCC, vous pouvez prendre plusieurs mesures pour en att\u00e9nuer l&#8217;impact :<\/span><\/p>\n<ol>\n<li>\n<p><span style=\"color: #000000;\"><strong>V\u00e9rifiez le statut de votre demande :<\/strong> Vous pouvez v\u00e9rifier l&#8217;\u00e9tat d&#8217;avancement de votre demande sur le site web d&#8217;IRCC. En cas de retard, IRCC peut fournir une estimation du d\u00e9lai de traitement, et vous devez continuer \u00e0 suivre r\u00e9guli\u00e8rement l&#8217;\u00e9tat d&#8217;avancement de votre demande. <\/span><\/p>\n<\/li>\n<li>\n<p><span style=\"color: #000000;\"><strong>Restez inform\u00e9 :<\/strong> Tenez-vous au courant des derni\u00e8res nouvelles et des derniers d\u00e9veloppements concernant la gr\u00e8ve, y compris toute nouvelle annonce ou tout changement susceptible d&#8217;avoir une incidence sur votre candidature.<\/span><\/p>\n<\/li>\n<li>\n<p><span style=\"color: #000000;\"><strong>Contactez votre repr\u00e9sentant en mati\u00e8re d&#8217;immigration :<\/strong> Si vous avez un repr\u00e9sentant en mati\u00e8re d&#8217;immigration, il peut vous conseiller sur la mani\u00e8re de proc\u00e9der et d\u00e9fendre vos int\u00e9r\u00eats aupr\u00e8s d&#8217;IRCC. Si vous n&#8217;avez pas de repr\u00e9sentant, vous pouvez envisager d&#8217;en engager un. <\/span><\/p>\n<\/li>\n<li>\n<p><span style=\"color: #000000;\"><strong>Soyez patient :<\/strong> Bien que la gr\u00e8ve puisse entra\u00eener des retards, il est important de rester patient et d&#8217;\u00e9viter de prendre des d\u00e9cisions h\u00e2tives. Se h\u00e2ter de retirer ou de soumettre \u00e0 nouveau votre demande peut faire plus de mal que de bien. <\/span><\/p>\n<\/li>\n<\/ol>\n<h2><span style=\"color: #000000;\">Comment nous pouvons vous aider<\/span><\/h2>\n<p><span style=\"color: #000000;\">Chez Titan Law Corporation, nous comprenons que la gr\u00e8ve en cours \u00e0 Immigration, R\u00e9fugi\u00e9s et Citoyennet\u00e9 Canada (IRCC) a pu causer de la confusion et de l&#8217;inqui\u00e9tude pour ceux qui cherchent de l&#8217;aide pour leurs demandes d&#8217;immigration. Nous tenons \u00e0 vous assurer que nous sommes l\u00e0 pour vous aider et que nous avons mis en place des mesures pour vous soutenir pendant cette p\u00e9riode difficile.  Obtenez des conseils clairs sur l&#8217;impact de votre demande d&#8217;immigration, optimis\u00e9 avec&nbsp;<\/span><a href=\"https:\/\/seo.games\/\" target=\"_blank\" rel=\"noopener\">SEO On-Page<\/a><span style=\"color: #000000;\"> pour aider les demandeurs \u00e0 acc\u00e9der facilement \u00e0 une aide \u00e0 l&#8217;immigration fiable en ligne.<\/span><\/p>\n<p><span style=\"color: #000000;\">Voici comment nous pouvons vous aider pendant la gr\u00e8ve de l&#8217;IRCC :<\/span><\/p>\n<ol>\n<li>\n<p><span style=\"color: #000000;\"><strong>Nous vous tenons inform\u00e9s :<\/strong> Nous suivons la situation de pr\u00e8s et nous tenons au courant des derniers d\u00e9veloppements. Nous vous tiendrons au courant de toute mise \u00e0 jour susceptible d&#8217;avoir une incidence sur votre demande et vous fournirons des conseils sur la marche \u00e0 suivre. <\/span><\/p>\n<\/li>\n<li>\n<p><span style=\"color: #000000;\"><strong>D\u00e9fendre vos int\u00e9r\u00eats :<\/strong> Nous disposons d&#8217;une \u00e9quipe d\u00e9vou\u00e9e d&#8217;avocats exp\u00e9riment\u00e9s en droit de l&#8217;immigration qui travailleront avec diligence pour veiller \u00e0 ce que votre demande soit trait\u00e9e le plus rapidement possible une fois la gr\u00e8ve termin\u00e9e. Nous d\u00e9fendrons vos int\u00e9r\u00eats aupr\u00e8s d&#8217;IRCC et prendrons toutes les mesures n\u00e9cessaires pour acc\u00e9l\u00e9rer le traitement de votre demande. <\/span><\/p>\n<\/li>\n<li>\n<p><span style=\"color: #000000;\"><strong>Examen de votre demande :<\/strong> Nous pouvons examiner votre demande d&#8217;immigration pour nous assurer qu&#8217;elle est compl\u00e8te et exacte avant de la soumettre. Vous \u00e9viterez ainsi les retards dus \u00e0 des demandes incompl\u00e8tes ou incorrectes. <\/span><\/p>\n<\/li>\n<li>\n<p><span style=\"color: #000000;\"><strong>Explorer d&#8217;autres options :<\/strong> Si la gr\u00e8ve entra\u00eene des retards importants, nous pouvons \u00e9tudier les autres possibilit\u00e9s d&#8217;immigration qui s&#8217;offrent \u00e0 vous. Notre \u00e9quipe peut vous conseiller sur d&#8217;autres programmes d&#8217;immigration qui pourraient constituer une alternative appropri\u00e9e. <\/span><\/p>\n<\/li>\n<\/ol>\n<p><span style=\"color: #000000;\">Chez Titan Law Corporation, notre priorit\u00e9 est de vous fournir le plus haut niveau de service et d&#8217;assistance. Nous nous engageons \u00e0 vous aider \u00e0 atteindre vos objectifs en mati\u00e8re d&#8217;immigration et nous travaillerons sans rel\u00e2che pour faire en sorte que votre demande soit trait\u00e9e le plus rapidement possible pendant cette p\u00e9riode difficile. <\/span><\/p>\n<p><span style=\"color: #000000;\">Si vous avez des questions ou des inqui\u00e9tudes concernant votre demande d&#8217;immigration, n&#8217;h\u00e9sitez pas \u00e0 nous contacter. Nous sommes l\u00e0 pour vous aider et nous nous r\u00e9jouissons de vous assister. <\/span><\/p>\t\t\t\t\t\t<\/div>\n\t\t\t\t<\/div>\n\t\t\t\t\t<\/div>\n\t\t<\/div>\n\t\t\t\t\t<\/div>\n\t\t<\/section>\n\t\t\t\t<section data-particle_enable=\"false\" data-particle-mobile-disabled=\"false\" class=\"elementor-section elementor-top-section elementor-element elementor-element-a94af3c elementor-section-boxed elementor-section-height-default elementor-section-height-default\" data-id=\"a94af3c\" data-element_type=\"section\">\n\t\t\t\t\t\t<div class=\"elementor-container elementor-column-gap-default\">\n\t\t\t\t\t<div class=\"elementor-column elementor-col-100 elementor-top-column elementor-element elementor-element-f8a8a55\" data-id=\"f8a8a55\" data-element_type=\"column\">\n\t\t\t<div class=\"elementor-widget-wrap elementor-element-populated\">\n\t\t\t\t\t\t<div class=\"elementor-element elementor-element-261cc4a elementor-align-center elementor-widget elementor-widget-button\" data-id=\"261cc4a\" data-element_type=\"widget\" data-widget_type=\"button.default\">\n\t\t\t\t<div class=\"elementor-widget-container\">\n\t\t\t\t\t<div class=\"elementor-button-wrapper\">\n\t\t\t<a class=\"elementor-button elementor-button-link elementor-size-sm\" href=\"https:\/\/www.titanlaw.ca\/fr\/reserver-une-consultation\/\">\n\t\t\t\t\t\t<span class=\"elementor-button-content-wrapper\">\n\t\t\t\t\t\t\t\t\t<span class=\"elementor-button-text\">Contactez nous<\/span>\n\t\t\t\t\t<\/span>\n\t\t\t\t\t<\/a>\n\t\t<\/div>\n\t\t\t\t<\/div>\n\t\t\t\t<\/div>\n\t\t\t\t<div class=\"elementor-element elementor-element-73f92ff elementor-widget elementor-widget-text-editor\" data-id=\"73f92ff\" data-element_type=\"widget\" data-widget_type=\"text-editor.default\">\n\t\t\t\t<div class=\"elementor-widget-container\">\n\t\t\t\t\t\t\t<h2><span style=\"color: #000000;\">Conclusion<\/span><\/h2>\n<div class=\"flex-1 overflow-hidden\">\n<div class=\"react-scroll-to-bottom--css-oupgu-79elbk h-full dark:bg-gray-800\">\n<div class=\"react-scroll-to-bottom--css-oupgu-1n7m0yu\">\n<div class=\"flex flex-col items-center text-sm dark:bg-gray-800\">\n<div class=\"group w-full text-gray-800 dark:text-gray-100 border-b border-black\/10 dark:border-gray-900\/50 bg-gray-50 dark:bg-[#444654]\">\n<div class=\"text-base gap-4 md:gap-6 md:max-w-2xl lg:max-w-xl xl:max-w-3xl p-4 md:py-6 flex lg:px-0 m-auto\">\n<div class=\"relative flex w-[calc(100%-50px)] flex-col gap-1 md:gap-3 lg:w-[calc(100%-115px)]\">\n<div class=\"flex flex-grow flex-col gap-3\">\n<div class=\"min-h-[20px] flex flex-col items-start gap-4 whitespace-pre-wrap\">\n<div class=\"markdown prose w-full break-words dark:prose-invert light\">\n<p><span style=\"color: #000000;\">La gr\u00e8ve d&#8217;IRCC peut \u00eatre accablante, mais nous souhaitons vous apporter le meilleur soutien possible tout au long de la proc\u00e9dure. Si vous avez des questions sur la mani\u00e8re dont la gr\u00e8ve peut affecter votre demande d&#8217;immigration, n&#8217;h\u00e9sitez pas \u00e0 nous contacter. Nous sommes l\u00e0 pour vous aider de toutes les mani\u00e8res possibles.  <\/span><\/p>\n<\/div>\n<\/div>\n<\/div>\n<\/div>\n<\/div>\n<\/div>\n<\/div>\n<\/div>\n<\/div>\n<\/div>\n\t\t\t\t\t\t<\/div>\n\t\t\t\t<\/div>\n\t\t\t\t<div class=\"elementor-element elementor-element-ca73c5f elementor-widget elementor-widget-accordion\" data-id=\"ca73c5f\" data-element_type=\"widget\" data-widget_type=\"accordion.default\">\n\t\t\t\t<div class=\"elementor-widget-container\">\n\t\t\t<style>\/*! elementor - v3.23.0 - 05-08-2024 *\/\n.elementor-accordion{text-align:start}.elementor-accordion .elementor-accordion-item{border:1px solid #d5d8dc}.elementor-accordion .elementor-accordion-item+.elementor-accordion-item{border-top:none}.elementor-accordion .elementor-tab-title{margin:0;padding:15px 20px;font-weight:700;line-height:1;cursor:pointer;outline:none}.elementor-accordion .elementor-tab-title .elementor-accordion-icon{display:inline-block;width:1.5em}.elementor-accordion .elementor-tab-title .elementor-accordion-icon svg{width:1em;height:1em}.elementor-accordion .elementor-tab-title .elementor-accordion-icon.elementor-accordion-icon-right{float:right;text-align:right}.elementor-accordion .elementor-tab-title .elementor-accordion-icon.elementor-accordion-icon-left{float:left;text-align:left}.elementor-accordion .elementor-tab-title .elementor-accordion-icon .elementor-accordion-icon-closed{display:block}.elementor-accordion .elementor-tab-title .elementor-accordion-icon .elementor-accordion-icon-opened,.elementor-accordion .elementor-tab-title.elementor-active .elementor-accordion-icon-closed{display:none}.elementor-accordion .elementor-tab-title.elementor-active .elementor-accordion-icon-opened{display:block}.elementor-accordion .elementor-tab-content{display:none;padding:15px 20px;border-top:1px solid #d5d8dc}@media (max-width:767px){.elementor-accordion .elementor-tab-title{padding:12px 15px}.elementor-accordion .elementor-tab-title .elementor-accordion-icon{width:1.2em}.elementor-accordion .elementor-tab-content{padding:7px 15px}}.e-con-inner>.elementor-widget-accordion,.e-con>.elementor-widget-accordion{width:var(--container-widget-width);--flex-grow:var(--container-widget-flex-grow)}<\/style>\t\t<div class=\"elementor-accordion\">\n\t\t\t\t\t\t\t<div class=\"elementor-accordion-item\">\n\t\t\t\t\t<div id=\"elementor-tab-title-2121\" class=\"elementor-tab-title\" data-tab=\"1\" role=\"button\" aria-controls=\"elementor-tab-content-2121\" aria-expanded=\"false\">\n\t\t\t\t\t\t\t\t\t\t\t\t\t<span class=\"elementor-accordion-icon elementor-accordion-icon-left\" aria-hidden=\"true\">\n\t\t\t\t\t\t\t\t\t\t\t\t\t\t\t<span class=\"elementor-accordion-icon-closed\"><i class=\"fas fa-plus\"><\/i><\/span>\n\t\t\t\t\t\t\t\t<span class=\"elementor-accordion-icon-opened\"><i class=\"fas fa-minus\"><\/i><\/span>\n\t\t\t\t\t\t\t\t\t\t\t\t\t\t<\/span>\n\t\t\t\t\t\t\t\t\t\t\t\t<a class=\"elementor-accordion-title\" tabindex=\"0\">Quel est le statut actuel de la gr\u00e8ve de l'IRCC ?<\/a>\n\t\t\t\t\t<\/div>\n\t\t\t\t\t<div id=\"elementor-tab-content-2121\" class=\"elementor-tab-content elementor-clearfix\" data-tab=\"1\" role=\"region\" aria-labelledby=\"elementor-tab-title-2121\"><p>La gr\u00e8ve de l&#8217;IRCC a commenc\u00e9 le 10 avril 2023 et les n\u00e9gociations entre le syndicat et le gouvernement f\u00e9d\u00e9ral sont en cours.<\/p>\n<\/div>\n\t\t\t\t<\/div>\n\t\t\t\t\t\t\t<div class=\"elementor-accordion-item\">\n\t\t\t\t\t<div id=\"elementor-tab-title-2122\" class=\"elementor-tab-title\" data-tab=\"2\" role=\"button\" aria-controls=\"elementor-tab-content-2122\" aria-expanded=\"false\">\n\t\t\t\t\t\t\t\t\t\t\t\t\t<span class=\"elementor-accordion-icon elementor-accordion-icon-left\" aria-hidden=\"true\">\n\t\t\t\t\t\t\t\t\t\t\t\t\t\t\t<span class=\"elementor-accordion-icon-closed\"><i class=\"fas fa-plus\"><\/i><\/span>\n\t\t\t\t\t\t\t\t<span class=\"elementor-accordion-icon-opened\"><i class=\"fas fa-minus\"><\/i><\/span>\n\t\t\t\t\t\t\t\t\t\t\t\t\t\t<\/span>\n\t\t\t\t\t\t\t\t\t\t\t\t<a class=\"elementor-accordion-title\" tabindex=\"0\">Y a-t-il des demandes d'immigration qui sont trait\u00e9es en priorit\u00e9 pendant la gr\u00e8ve ?<\/a>\n\t\t\t\t\t<\/div>\n\t\t\t\t\t<div id=\"elementor-tab-content-2122\" class=\"elementor-tab-content elementor-clearfix\" data-tab=\"2\" role=\"region\" aria-labelledby=\"elementor-tab-title-2122\"><p>Oui, IRCC a assur\u00e9 qu&#8217;il donnait la priorit\u00e9 aux cas urgents tels que les demandes de statut de r\u00e9fugi\u00e9 et les parrainages familiaux.<\/p>\n<\/div>\n\t\t\t\t<\/div>\n\t\t\t\t\t\t\t<div class=\"elementor-accordion-item\">\n\t\t\t\t\t<div id=\"elementor-tab-title-2123\" class=\"elementor-tab-title\" data-tab=\"3\" role=\"button\" aria-controls=\"elementor-tab-content-2123\" aria-expanded=\"false\">\n\t\t\t\t\t\t\t\t\t\t\t\t\t<span class=\"elementor-accordion-icon elementor-accordion-icon-left\" aria-hidden=\"true\">\n\t\t\t\t\t\t\t\t\t\t\t\t\t\t\t<span class=\"elementor-accordion-icon-closed\"><i class=\"fas fa-plus\"><\/i><\/span>\n\t\t\t\t\t\t\t\t<span class=\"elementor-accordion-icon-opened\"><i class=\"fas fa-minus\"><\/i><\/span>\n\t\t\t\t\t\t\t\t\t\t\t\t\t\t<\/span>\n\t\t\t\t\t\t\t\t\t\t\t\t<a class=\"elementor-accordion-title\" tabindex=\"0\">La gr\u00e8ve aura-t-elle un impact sur les demandes qui n\u00e9cessitent des entretiens en personne ou la v\u00e9rification de documents ?<\/a>\n\t\t\t\t\t<\/div>\n\t\t\t\t\t<div id=\"elementor-tab-content-2123\" class=\"elementor-tab-content elementor-clearfix\" data-tab=\"3\" role=\"region\" aria-labelledby=\"elementor-tab-title-2123\"><p>Oui, la fermeture de plusieurs bureaux d&#8217;IRCC au Canada peut affecter le traitement des demandes qui n\u00e9cessitent des entretiens en personne ou la v\u00e9rification de documents.<\/p>\n<\/div>\n\t\t\t\t<\/div>\n\t\t\t\t\t\t\t<div class=\"elementor-accordion-item\">\n\t\t\t\t\t<div id=\"elementor-tab-title-2124\" class=\"elementor-tab-title\" data-tab=\"4\" role=\"button\" aria-controls=\"elementor-tab-content-2124\" aria-expanded=\"false\">\n\t\t\t\t\t\t\t\t\t\t\t\t\t<span class=\"elementor-accordion-icon elementor-accordion-icon-left\" aria-hidden=\"true\">\n\t\t\t\t\t\t\t\t\t\t\t\t\t\t\t<span class=\"elementor-accordion-icon-closed\"><i class=\"fas fa-plus\"><\/i><\/span>\n\t\t\t\t\t\t\t\t<span class=\"elementor-accordion-icon-opened\"><i class=\"fas fa-minus\"><\/i><\/span>\n\t\t\t\t\t\t\t\t\t\t\t\t\t\t<\/span>\n\t\t\t\t\t\t\t\t\t\t\t\t<a class=\"elementor-accordion-title\" tabindex=\"0\">Comment un avocat sp\u00e9cialis\u00e9 en droit de l'immigration peut-il vous aider pendant la gr\u00e8ve de l'IRCC ?<\/a>\n\t\t\t\t\t<\/div>\n\t\t\t\t\t<div id=\"elementor-tab-content-2124\" class=\"elementor-tab-content elementor-clearfix\" data-tab=\"4\" role=\"region\" aria-labelledby=\"elementor-tab-title-2124\"><p>Un avocat sp\u00e9cialis\u00e9 en droit de l&#8217;immigration peut tenir ses clients inform\u00e9s de toute mise \u00e0 jour susceptible d&#8217;affecter leur demande, examiner les demandes pour s&#8217;assurer qu&#8217;elles sont compl\u00e8tes et exactes, et explorer d&#8217;autres options en mati\u00e8re d&#8217;immigration si n\u00e9cessaire.<\/p>\n<\/div>\n\t\t\t\t<\/div>\n\t\t\t\t\t\t\t<div class=\"elementor-accordion-item\">\n\t\t\t\t\t<div id=\"elementor-tab-title-2125\" class=\"elementor-tab-title\" data-tab=\"5\" role=\"button\" aria-controls=\"elementor-tab-content-2125\" aria-expanded=\"false\">\n\t\t\t\t\t\t\t\t\t\t\t\t\t<span class=\"elementor-accordion-icon elementor-accordion-icon-left\" aria-hidden=\"true\">\n\t\t\t\t\t\t\t\t\t\t\t\t\t\t\t<span class=\"elementor-accordion-icon-closed\"><i class=\"fas fa-plus\"><\/i><\/span>\n\t\t\t\t\t\t\t\t<span class=\"elementor-accordion-icon-opened\"><i class=\"fas fa-minus\"><\/i><\/span>\n\t\t\t\t\t\t\t\t\t\t\t\t\t\t<\/span>\n\t\t\t\t\t\t\t\t\t\t\t\t<a class=\"elementor-accordion-title\" tabindex=\"0\">Que dois-je faire si ma demande est retard\u00e9e par la gr\u00e8ve ?<\/a>\n\t\t\t\t\t<\/div>\n\t\t\t\t\t<div id=\"elementor-tab-content-2125\" class=\"elementor-tab-content elementor-clearfix\" data-tab=\"5\" role=\"region\" aria-labelledby=\"elementor-tab-title-2125\"><p>Si votre demande est retard\u00e9e par la gr\u00e8ve, vous pouvez contacter un avocat sp\u00e9cialis\u00e9 en droit de l&#8217;immigration pour obtenir des conseils et de l&#8217;aide afin d&#8217;acc\u00e9l\u00e9rer le traitement de votre demande une fois la gr\u00e8ve termin\u00e9e.<\/p>\n<\/div>\n\t\t\t\t<\/div>\n\t\t\t\t\t\t\t\t<\/div>\n\t\t\t\t<\/div>\n\t\t\t\t<\/div>\n\t\t\t\t\t<\/div>\n\t\t<\/div>\n\t\t\t\t\t<\/div>\n\t\t<\/section>\n\t\t\t\t<\/div>\n\t\t","protected":false},"excerpt":{"rendered":"<p>Immigrer au Canada peut \u00eatre une d\u00e9cision qui change la vie et qui n\u00e9cessite une planification et une pr\u00e9paration importantes. Cependant, la gr\u00e8ve en cours \u00e0 Immigration, R\u00e9fugi\u00e9s et Citoyennet\u00e9 Canada (IRCC) a cr\u00e9\u00e9 un important arri\u00e9r\u00e9 de demandes d&#8217;immigration et prolong\u00e9 les d\u00e9lais de traitement. Alors que les n\u00e9gociations entre le syndicat repr\u00e9sentant les [&hellip;]<\/p>\n","protected":false},"author":1,"featured_media":16630,"comment_status":"closed","ping_status":"closed","sticky":false,"template":"","format":"standard","meta":{"content-type":"","om_disable_all_campaigns":false,"inline_featured_image":false,"_monsterinsights_skip_tracking":false,"_monsterinsights_sitenote_active":false,"_monsterinsights_sitenote_note":"","_monsterinsights_sitenote_category":0,"_uf_show_specific_survey":0,"_uf_disable_surveys":false,"footnotes":""},"categories":[69],"tags":[],"class_list":["post-17878","post","type-post","status-publish","format-standard","has-post-thumbnail","hentry","category-non-classifiee"],"_links":{"self":[{"href":"https:\/\/www.titanlaw.ca\/fr\/wp-json\/wp\/v2\/posts\/17878"}],"collection":[{"href":"https:\/\/www.titanlaw.ca\/fr\/wp-json\/wp\/v2\/posts"}],"about":[{"href":"https:\/\/www.titanlaw.ca\/fr\/wp-json\/wp\/v2\/types\/post"}],"author":[{"embeddable":true,"href":"https:\/\/www.titanlaw.ca\/fr\/wp-json\/wp\/v2\/users\/1"}],"replies":[{"embeddable":true,"href":"https:\/\/www.titanlaw.ca\/fr\/wp-json\/wp\/v2\/comments?post=17878"}],"version-history":[{"count":10,"href":"https:\/\/www.titanlaw.ca\/fr\/wp-json\/wp\/v2\/posts\/17878\/revisions"}],"predecessor-version":[{"id":38739,"href":"https:\/\/www.titanlaw.ca\/fr\/wp-json\/wp\/v2\/posts\/17878\/revisions\/38739"}],"wp:featuredmedia":[{"embeddable":true,"href":"https:\/\/www.titanlaw.ca\/fr\/wp-json\/wp\/v2\/media\/16630"}],"wp:attachment":[{"href":"https:\/\/www.titanlaw.ca\/fr\/wp-json\/wp\/v2\/media?parent=17878"}],"wp:term":[{"taxonomy":"category","embeddable":true,"href":"https:\/\/www.titanlaw.ca\/fr\/wp-json\/wp\/v2\/categories?post=17878"},{"taxonomy":"post_tag","embeddable":true,"href":"https:\/\/www.titanlaw.ca\/fr\/wp-json\/wp\/v2\/tags?post=17878"}],"curies":[{"name":"wp","href":"https:\/\/api.w.org\/{rel}","templated":true}]}}