{"id":17881,"date":"2023-07-21T12:02:11","date_gmt":"2023-07-21T19:02:11","guid":{"rendered":"https:\/\/www.titanlaw.ca\/reunir-les-etres-chers-et-remedier-aux-penuries-de-main-doeuvre-les-nouvelles-mesures-du-canada-en-matiere-dimmigration\/"},"modified":"2026-03-28T13:50:45","modified_gmt":"2026-03-28T20:50:45","slug":"reunir-les-etres-chers-et-remedier-aux-penuries-de-main-doeuvre-les-nouvelles-mesures-du-canada-en-matiere-dimmigration","status":"publish","type":"post","link":"https:\/\/www.titanlaw.ca\/fr\/reunir-les-etres-chers-et-remedier-aux-penuries-de-main-doeuvre-les-nouvelles-mesures-du-canada-en-matiere-dimmigration\/","title":{"rendered":"R\u00e9unir les \u00eatres chers et rem\u00e9dier aux p\u00e9nuries de main-d&#8217;\u0153uvre : Les nouvelles mesures du Canada en mati\u00e8re d&#8217;immigration"},"content":{"rendered":"\t\t<div data-elementor-type=\"wp-post\" data-elementor-id=\"17881\" class=\"elementor elementor-17881 elementor-7134\" data-elementor-post-type=\"post\">\n\t\t\t\t\t\t<section data-particle_enable=\"false\" data-particle-mobile-disabled=\"false\" class=\"elementor-section elementor-top-section elementor-element elementor-element-6c1dac2 elementor-section-boxed elementor-section-height-default elementor-section-height-default\" data-id=\"6c1dac2\" data-element_type=\"section\">\n\t\t\t\t\t\t<div class=\"elementor-container elementor-column-gap-default\">\n\t\t\t\t\t<div class=\"elementor-column elementor-col-100 elementor-top-column elementor-element elementor-element-2805237\" data-id=\"2805237\" data-element_type=\"column\">\n\t\t\t<div class=\"elementor-widget-wrap elementor-element-populated\">\n\t\t\t\t\t\t<div class=\"elementor-element elementor-element-a1f567e elementor-widget elementor-widget-text-editor\" data-id=\"a1f567e\" data-element_type=\"widget\" data-widget_type=\"text-editor.default\">\n\t\t\t\t<div class=\"elementor-widget-container\">\n\t\t\t<style>\/*! elementor - v3.23.0 - 05-08-2024 *\/\n.elementor-widget-text-editor.elementor-drop-cap-view-stacked .elementor-drop-cap{background-color:#69727d;color:#fff}.elementor-widget-text-editor.elementor-drop-cap-view-framed .elementor-drop-cap{color:#69727d;border:3px solid;background-color:transparent}.elementor-widget-text-editor:not(.elementor-drop-cap-view-default) .elementor-drop-cap{margin-top:8px}.elementor-widget-text-editor:not(.elementor-drop-cap-view-default) .elementor-drop-cap-letter{width:1em;height:1em}.elementor-widget-text-editor .elementor-drop-cap{float:left;text-align:center;line-height:1;font-size:50px}.elementor-widget-text-editor .elementor-drop-cap-letter{display:inline-block}<\/style>\t\t\t\t<p>Les familles jouent un r\u00f4le crucial dans la construction de nos vies, et le fait d&#8217;\u00eatre ensemble lors de moments importants est un d\u00e9sir cher \u00e0 beaucoup. Conscient de l&#8217;importance de l&#8217;unit\u00e9 familiale, le Canada a adopt\u00e9 une approche compatissante et proactive pour aider les proches \u00e0 se r\u00e9unir gr\u00e2ce \u00e0 ses nouvelles mesures en mati\u00e8re d&#8217;immigration. Ces mesures ne donnent pas seulement la priorit\u00e9 au <a href=\"https:\/\/www.titanlaw.ca\/fr\/parrainage-familial\/\">regroupement familial<\/a>, mais visent \u00e9galement \u00e0 rem\u00e9dier \u00e0 la p\u00e9nurie de main-d&#8217;\u0153uvre dans le pays. Dans ce blog, nous explorerons les r\u00e9cents d\u00e9veloppements de la politique d&#8217;immigration canadienne qui permettent d&#8217;acc\u00e9l\u00e9rer les d\u00e9lais de traitement des<a href=\"https:\/\/www.titanlaw.ca\/fr\/visa-de-visiteur\/\"> visas de r\u00e9sident temporaire (VRT)<\/a> pour les demandeurs conjoints, de fournir des<a href=\"https:\/\/www.titanlaw.ca\/fr\/permis-de-travail\/\"> permis de travail ouverts <\/a>pour les conjoints et les personnes \u00e0 charge, et d&#8217;offrir des prolongations de permis de travail. Ces initiatives d\u00e9montrent l&#8217;engagement du Canada \u00e0 construire des communaut\u00e9s inclusives et dynamiques tout en aidant les nouveaux arrivants \u00e0 s&#8217;\u00e9panouir et \u00e0 contribuer \u00e0 l&#8217;\u00e9conomie et au tissu social du pays.    <\/p>\n\t\t\t\t\t\t<\/div>\n\t\t\t\t<\/div>\n\t\t\t\t<div class=\"elementor-element elementor-element-bc0ef99 elementor-align-center elementor-widget elementor-widget-button\" data-id=\"bc0ef99\" data-element_type=\"widget\" data-widget_type=\"button.default\">\n\t\t\t\t<div class=\"elementor-widget-container\">\n\t\t\t\t\t<div class=\"elementor-button-wrapper\">\n\t\t\t<a class=\"elementor-button elementor-button-link elementor-size-sm\" href=\"https:\/\/www.titanlaw.ca\/fr\/reserver-une-consultation\/\">\n\t\t\t\t\t\t<span class=\"elementor-button-content-wrapper\">\n\t\t\t\t\t\t\t\t\t<span class=\"elementor-button-text\">R\u00e9servez une consultation<\/span>\n\t\t\t\t\t<\/span>\n\t\t\t\t\t<\/a>\n\t\t<\/div>\n\t\t\t\t<\/div>\n\t\t\t\t<\/div>\n\t\t\t\t\t<\/div>\n\t\t<\/div>\n\t\t\t\t\t<\/div>\n\t\t<\/section>\n\t\t\t\t<section data-particle_enable=\"false\" data-particle-mobile-disabled=\"false\" class=\"elementor-section elementor-top-section elementor-element elementor-element-770a45f elementor-section-boxed elementor-section-height-default elementor-section-height-default\" data-id=\"770a45f\" data-element_type=\"section\">\n\t\t\t\t\t\t<div class=\"elementor-container elementor-column-gap-default\">\n\t\t\t\t\t<div class=\"elementor-column elementor-col-100 elementor-top-column elementor-element elementor-element-cd82162\" data-id=\"cd82162\" data-element_type=\"column\">\n\t\t\t<div class=\"elementor-widget-wrap elementor-element-populated\">\n\t\t\t\t\t\t<div class=\"elementor-element elementor-element-5314e7b elementor-widget elementor-widget-image\" data-id=\"5314e7b\" data-element_type=\"widget\" data-widget_type=\"image.default\">\n\t\t\t\t<div class=\"elementor-widget-container\">\n\t\t\t<style>\/*! elementor - v3.23.0 - 05-08-2024 *\/\n.elementor-widget-image{text-align:center}.elementor-widget-image a{display:inline-block}.elementor-widget-image a img[src$=\".svg\"]{width:48px}.elementor-widget-image img{vertical-align:middle;display:inline-block}<\/style>\t\t\t\t\t\t\t\t\t\t<img fetchpriority=\"high\" decoding=\"async\" width=\"1024\" height=\"683\" src=\"https:\/\/www.titanlaw.ca\/wp-content\/uploads\/2023\/07\/Reuniting-Loved-Ones-in-Canada.png\" class=\"attachment-full size-full wp-image-16704\" alt=\"R\u00e9unir les \u00eatres chers et rem\u00e9dier aux p\u00e9nuries de main-d\u2019\u0153uvre\" srcset=\"https:\/\/www.titanlaw.ca\/wp-content\/uploads\/2023\/07\/Reuniting-Loved-Ones-in-Canada.png 1024w, https:\/\/www.titanlaw.ca\/wp-content\/uploads\/2023\/07\/Reuniting-Loved-Ones-in-Canada-300x200.png 300w, https:\/\/www.titanlaw.ca\/wp-content\/uploads\/2023\/07\/Reuniting-Loved-Ones-in-Canada-768x512.png 768w\" sizes=\"(max-width: 1024px) 100vw, 1024px\" \/>\t\t\t\t\t\t\t\t\t\t\t\t\t<\/div>\n\t\t\t\t<\/div>\n\t\t\t\t\t<\/div>\n\t\t<\/div>\n\t\t\t\t\t<\/div>\n\t\t<\/section>\n\t\t\t\t<section data-particle_enable=\"false\" data-particle-mobile-disabled=\"false\" class=\"elementor-section elementor-top-section elementor-element elementor-element-c2e63ac elementor-section-boxed elementor-section-height-default elementor-section-height-default\" data-id=\"c2e63ac\" data-element_type=\"section\">\n\t\t\t\t\t\t<div class=\"elementor-container elementor-column-gap-default\">\n\t\t\t\t\t<div class=\"elementor-column elementor-col-100 elementor-top-column elementor-element elementor-element-a961d80\" data-id=\"a961d80\" data-element_type=\"column\">\n\t\t\t<div class=\"elementor-widget-wrap elementor-element-populated\">\n\t\t\t\t\t\t<div class=\"elementor-element elementor-element-2bbcc93 elementor-widget elementor-widget-text-editor\" data-id=\"2bbcc93\" data-element_type=\"widget\" data-widget_type=\"text-editor.default\">\n\t\t\t\t<div class=\"elementor-widget-container\">\n\t\t\t\t\t\t\t<h2>Traitement plus rapide des demandes de VRT pour les demandeurs conjoints<\/h2>\n<p>Le ministre canadien de l&#8217;immigration, des r\u00e9fugi\u00e9s et de la citoyennet\u00e9, l&#8217;honorable Sean Fraser, a annonc\u00e9 une s\u00e9rie de mesures visant \u00e0 renforcer le regroupement familial. L&#8217;une des principales am\u00e9liorations est le traitement plus rapide des <a href=\"https:\/\/www.titanlaw.ca\/fr\/visa-de-visiteur\/\">visas de r\u00e9sident temporaire (VRT)<\/a> pour les conjoints demandeurs. Ces mesures visent \u00e0 r\u00e9duire le temps d&#8217;attente des familles pour qu&#8217;elles puissent \u00eatre r\u00e9unies pendant que leur demande de r\u00e9sidence permanente est finalis\u00e9e. La majorit\u00e9 des demandes devant \u00eatre trait\u00e9es dans les 30 jours, les nouveaux outils de traitement tiennent compte de la situation particuli\u00e8re des conjoints et des personnes \u00e0 charge, ce qui am\u00e9liore l&#8217;exp\u00e9rience globale de la demande. Gr\u00e2ce \u00e0 ces changements, un taux d&#8217;approbation impressionnant de 93 % a d\u00e9j\u00e0 \u00e9t\u00e9 observ\u00e9 dans la cohorte des demandeurs.    <\/p>\n<h2>Nouveaux permis de travail ouverts pour les conjoints et les demandeurs de la cat\u00e9gorie familiale<\/h2>\n<p>Reconnaissant la n\u00e9cessit\u00e9 pour les nouveaux arrivants de subvenir \u00e0 leurs besoins et \u00e0 ceux de leur famille une fois au Canada, le pays a mis en place des <a href=\"https:\/\/www.titanlaw.ca\/fr\/permis-de-travail\/\">permis de travail ouverts <\/a>pour les demandeurs \u00e9poux et leurs enfants \u00e0 charge qui r\u00e9sident avec leur parrain au Canada et qui ont le statut de r\u00e9sident temporaire. Cette mesure progressive permet aux \u00e9poux, aux partenaires et aux personnes \u00e0 charge de demander et d&#8217;obtenir un permis de travail ouvert d\u00e8s qu&#8217;ils pr\u00e9sentent une demande de r\u00e9sidence permanente compl\u00e8te au titre de la cat\u00e9gorie des \u00e9poux ou conjoints de fait au Canada (CECCS) ou d&#8217;autres programmes de la cat\u00e9gorie du regroupement familial. En accordant ces permis de travail, le Canada permet aux nouveaux arrivants de contribuer activement \u00e0 la main-d&#8217;\u0153uvre et de s&#8217;int\u00e9grer plus rapidement \u00e0 la soci\u00e9t\u00e9 canadienne.  <\/p>\n<h2>Prolongation des permis de travail ouverts pour les permis expir\u00e9s<\/h2>\n<p>Afin de soutenir davantage les conjoints demandeurs et les autres titulaires de permis de travail ouverts, le gouvernement a annonc\u00e9 une option de prolongation pour ceux dont les permis expirent entre le 1er ao\u00fbt et la fin de l&#8217;ann\u00e9e 2023. Cette prolongation permettra aux personnes admissibles de prolonger leur <a href=\"https:\/\/www.titanlaw.ca\/fr\/permis-de-travail\/\">permis de travail <\/a>de 18 mois, ce qui leur permettra de continuer \u00e0 travailler et \u00e0 contribuer \u00e0 l&#8217;\u00e9conomie canadienne en attendant la finalisation de leur demande de r\u00e9sidence permanente. Cette initiative s&#8217;inscrit dans le droit fil de la r\u00e9cente prolongation offerte aux personnes dont le permis de travail post-dipl\u00f4me arrive \u00e0 expiration, ce qui t\u00e9moigne de l&#8217;engagement du Canada \u00e0 relever les d\u00e9fis pos\u00e9s par le statut de travailleur temporaire.  <\/p>\n\t\t\t\t\t\t<\/div>\n\t\t\t\t<\/div>\n\t\t\t\t<div class=\"elementor-element elementor-element-78c214e elementor-widget elementor-widget-image\" data-id=\"78c214e\" data-element_type=\"widget\" data-widget_type=\"image.default\">\n\t\t\t\t<div class=\"elementor-widget-container\">\n\t\t\t\t\t\t\t\t\t\t\t\t\t<img decoding=\"async\" width=\"800\" height=\"534\" src=\"https:\/\/www.titanlaw.ca\/wp-content\/uploads\/2023\/07\/Spousal-Sponsorship-1024x683.png\" class=\"attachment-large size-large wp-image-16706\" alt=\"\" srcset=\"https:\/\/www.titanlaw.ca\/wp-content\/uploads\/2023\/07\/Spousal-Sponsorship.png 1024w, https:\/\/www.titanlaw.ca\/wp-content\/uploads\/2023\/07\/Spousal-Sponsorship-300x200.png 300w, https:\/\/www.titanlaw.ca\/wp-content\/uploads\/2023\/07\/Spousal-Sponsorship-768x512.png 768w\" sizes=\"(max-width: 800px) 100vw, 800px\" \/>\t\t\t\t\t\t\t\t\t\t\t\t\t<\/div>\n\t\t\t\t<\/div>\n\t\t\t\t\t<\/div>\n\t\t<\/div>\n\t\t\t\t\t<\/div>\n\t\t<\/section>\n\t\t\t\t<section data-particle_enable=\"false\" data-particle-mobile-disabled=\"false\" class=\"elementor-section elementor-top-section elementor-element elementor-element-a94af3c elementor-section-boxed elementor-section-height-default elementor-section-height-default\" data-id=\"a94af3c\" data-element_type=\"section\">\n\t\t\t\t\t\t<div class=\"elementor-container elementor-column-gap-default\">\n\t\t\t\t\t<div class=\"elementor-column elementor-col-100 elementor-top-column elementor-element elementor-element-f8a8a55\" data-id=\"f8a8a55\" data-element_type=\"column\">\n\t\t\t<div class=\"elementor-widget-wrap elementor-element-populated\">\n\t\t\t\t\t\t<div class=\"elementor-element elementor-element-dfe3932 elementor-widget elementor-widget-text-editor\" data-id=\"dfe3932\" data-element_type=\"widget\" data-widget_type=\"text-editor.default\">\n\t\t\t\t<div class=\"elementor-widget-container\">\n\t\t\t\t\t\t\t<h2>Rem\u00e9dier \u00e0 la p\u00e9nurie de main-d&#8217;\u0153uvre au Canada<\/h2><p>En plus de donner la priorit\u00e9 au regroupement familial, ces nouvelles mesures en mati\u00e8re d&#8217;immigration r\u00e9pondent \u00e9galement aux p\u00e9nuries persistantes de main-d&#8217;\u0153uvre au Canada. L&#8217;immigration continue de jouer un r\u00f4le essentiel en comblant les lacunes critiques du march\u00e9 du travail et en favorisant la croissance \u00e9conomique. En facilitant l&#8217;octroi du statut de r\u00e9sident temporaire aux conjoints, partenaires et enfants \u00e0 charge qui attendent la r\u00e9sidence permanente, le Canada veille \u00e0 ce que les personnes qualifi\u00e9es et talentueuses puissent contribuer plus efficacement \u00e0 la main-d&#8217;\u0153uvre. L&#8217;accent mis sur des politiques inclusives qui prennent en compte le bien-\u00eatre des familles immigr\u00e9es t\u00e9moigne de l&#8217;engagement du Canada \u00e0 b\u00e2tir des communaut\u00e9s fortes et r\u00e9silientes.<\/p><p>Titan Law est sp\u00e9cialis\u00e9 dans\u00a0<a href=\"https:\/\/www.titanlaw.ca\/zh-hant\/vlh\/\" target=\"_blank\" rel=\"noopener\">Immigration canadienne &#8211; Entreprises<\/a><span style=\"font-family: var( --e-global-typography-text-font-family ), Sans-serif; font-weight: var( --e-global-typography-text-font-weight ); font-size: 1rem;\">Le bureau de l&#8217;immigration de l&#8217;Union europ\u00e9enne (UE) offre des services juridiques sur mesure aux particuliers et aux entreprises qui cherchent \u00e0 s&#8217;y retrouver dans la complexit\u00e9 des proc\u00e9dures d&#8217;immigration. Avec une \u00e9quipe d\u00e9vou\u00e9e dirig\u00e9e par \u00a0<\/span>Stanley Chiu <span style=\"font-family: var( --e-global-typography-text-font-family ), Sans-serif; font-weight: var( --e-global-typography-text-font-weight ); font-size: 1rem;\">En tant qu&#8217;avocats, nous veillons \u00e0 ce que nos clients b\u00e9n\u00e9ficient de conseils d&#8217;experts \u00e0 chaque \u00e9tape du processus. Notre aimable r\u00e9ceptionniste, \u00a0<\/span><a href=\"https:\/\/www.titanlaw.ca\/team\/doris-huang-4\/\" target=\"_blank\" rel=\"noopener\">Doris Huang<\/a><span style=\"font-family: var( --e-global-typography-text-font-family ), Sans-serif; font-weight: var( --e-global-typography-text-font-weight ); font-size: 1rem;\">Titan Law, est toujours pr\u00eat \u00e0 vous aider pour vos demandes de renseignements et vos rendez-vous. Chez Titan Law, notre priorit\u00e9 est de vous aider \u00e0 atteindre vos objectifs en mati\u00e8re d&#8217;immigration canadienne avec professionnalisme et attention. <\/span><\/p>\t\t\t\t\t\t<\/div>\n\t\t\t\t<\/div>\n\t\t\t\t<div class=\"elementor-element elementor-element-261cc4a elementor-align-center elementor-widget elementor-widget-button\" data-id=\"261cc4a\" data-element_type=\"widget\" data-widget_type=\"button.default\">\n\t\t\t\t<div class=\"elementor-widget-container\">\n\t\t\t\t\t<div class=\"elementor-button-wrapper\">\n\t\t\t<a class=\"elementor-button elementor-button-link elementor-size-sm\" href=\"https:\/\/www.titanlaw.ca\/fr\/reserver-une-consultation\/\">\n\t\t\t\t\t\t<span class=\"elementor-button-content-wrapper\">\n\t\t\t\t\t\t\t\t\t<span class=\"elementor-button-text\">Contactez nous<\/span>\n\t\t\t\t\t<\/span>\n\t\t\t\t\t<\/a>\n\t\t<\/div>\n\t\t\t\t<\/div>\n\t\t\t\t<\/div>\n\t\t\t\t<div class=\"elementor-element elementor-element-73f92ff elementor-widget elementor-widget-text-editor\" data-id=\"73f92ff\" data-element_type=\"widget\" data-widget_type=\"text-editor.default\">\n\t\t\t\t<div class=\"elementor-widget-container\">\n\t\t\t\t\t\t\t<h2><span style=\"color: #000000;\">Conclusion<\/span><\/h2>\n<div class=\"flex-1 overflow-hidden\">\n<div class=\"react-scroll-to-bottom--css-oupgu-79elbk h-full dark:bg-gray-800\">\n<div class=\"react-scroll-to-bottom--css-oupgu-1n7m0yu\">\n<div class=\"flex flex-col items-center text-sm dark:bg-gray-800\">\n<div class=\"group w-full text-gray-800 dark:text-gray-100 border-b border-black\/10 dark:border-gray-900\/50 bg-gray-50 dark:bg-[#444654]\">\n<div class=\"text-base gap-4 md:gap-6 md:max-w-2xl lg:max-w-xl xl:max-w-3xl p-4 md:py-6 flex lg:px-0 m-auto\">\n<div class=\"relative flex w-[calc(100%-50px)] flex-col gap-1 md:gap-3 lg:w-[calc(100%-115px)]\">\n<div class=\"flex flex-grow flex-col gap-3\">\n<div class=\"min-h-[20px] flex flex-col items-start gap-4 whitespace-pre-wrap\">\n<div class=\"markdown prose w-full break-words dark:prose-invert light\">\n<p>Les r\u00e9centes mesures prises par le Canada en mati\u00e8re d&#8217;immigration repr\u00e9sentent une avanc\u00e9e significative pour renforcer le regroupement familial et rem\u00e9dier aux p\u00e9nuries de main-d&#8217;\u0153uvre. En rationalisant le traitement des demandes des conjoints, en accordant des <a href=\"https:\/\/www.titanlaw.ca\/fr\/permis-de-travail\/\">permis de travail ouverts<\/a> pour soutenir les familles et en \u00e9largissant les options en mati\u00e8re de permis de travail, le pays d\u00e9montre son engagement \u00e0 favoriser des communaut\u00e9s inclusives et dynamiques. L&#8217;accent mis sur l&#8217;aide aux nouveaux arrivants pour qu&#8217;ils puissent retrouver leurs proches et trouver un emploi int\u00e9ressant t\u00e9moigne de la volont\u00e9 du Canada de cr\u00e9er un environnement accueillant o\u00f9 les immigrants peuvent s&#8217;\u00e9panouir.  <\/p>\n<p>Si vous avez besoin d&#8217;aide en mati\u00e8re d&#8217;immigration, l&#8217;\u00e9quipe d&#8217;experts en droit de l&#8217;immigration de Titan Law est l\u00e0 pour vous aider. Nos professionnels d\u00e9vou\u00e9s sont sp\u00e9cialis\u00e9s dans diverses questions d&#8217;immigration, y compris les parrainages de conjoints et les permis de travail. Pour en savoir plus sur nos services<a href=\"https:\/\/www.titanlaw.ca\/fr\/consultation-gratuite\/\">, prenez rendez-vous pour une consultation gratuite<\/a>. Laissez-nous vous guider \u00e0 travers le processus d&#8217;immigration et assurez-vous que votre voyage au Canada se d\u00e9roule le mieux possible.   <\/p>\n<p><\/p>\n<\/div>\n<\/div>\n<\/div>\n<\/div>\n<\/div>\n<\/div>\n<\/div>\n<\/div>\n<\/div>\n<\/div>\t\t\t\t\t\t<\/div>\n\t\t\t\t<\/div>\n\t\t\t\t<div class=\"elementor-element elementor-element-ca73c5f elementor-widget elementor-widget-accordion\" data-id=\"ca73c5f\" data-element_type=\"widget\" data-widget_type=\"accordion.default\">\n\t\t\t\t<div class=\"elementor-widget-container\">\n\t\t\t<style>\/*! elementor - v3.23.0 - 05-08-2024 *\/\n.elementor-accordion{text-align:start}.elementor-accordion .elementor-accordion-item{border:1px solid #d5d8dc}.elementor-accordion .elementor-accordion-item+.elementor-accordion-item{border-top:none}.elementor-accordion .elementor-tab-title{margin:0;padding:15px 20px;font-weight:700;line-height:1;cursor:pointer;outline:none}.elementor-accordion .elementor-tab-title .elementor-accordion-icon{display:inline-block;width:1.5em}.elementor-accordion .elementor-tab-title .elementor-accordion-icon svg{width:1em;height:1em}.elementor-accordion .elementor-tab-title .elementor-accordion-icon.elementor-accordion-icon-right{float:right;text-align:right}.elementor-accordion .elementor-tab-title .elementor-accordion-icon.elementor-accordion-icon-left{float:left;text-align:left}.elementor-accordion .elementor-tab-title .elementor-accordion-icon .elementor-accordion-icon-closed{display:block}.elementor-accordion .elementor-tab-title .elementor-accordion-icon .elementor-accordion-icon-opened,.elementor-accordion .elementor-tab-title.elementor-active .elementor-accordion-icon-closed{display:none}.elementor-accordion .elementor-tab-title.elementor-active .elementor-accordion-icon-opened{display:block}.elementor-accordion .elementor-tab-content{display:none;padding:15px 20px;border-top:1px solid #d5d8dc}@media (max-width:767px){.elementor-accordion .elementor-tab-title{padding:12px 15px}.elementor-accordion .elementor-tab-title .elementor-accordion-icon{width:1.2em}.elementor-accordion .elementor-tab-content{padding:7px 15px}}.e-con-inner>.elementor-widget-accordion,.e-con>.elementor-widget-accordion{width:var(--container-widget-width);--flex-grow:var(--container-widget-flex-grow)}<\/style>\t\t<div class=\"elementor-accordion\">\n\t\t\t\t\t\t\t<div class=\"elementor-accordion-item\">\n\t\t\t\t\t<div id=\"elementor-tab-title-2121\" class=\"elementor-tab-title\" data-tab=\"1\" role=\"button\" aria-controls=\"elementor-tab-content-2121\" aria-expanded=\"false\">\n\t\t\t\t\t\t\t\t\t\t\t\t\t<span class=\"elementor-accordion-icon elementor-accordion-icon-left\" aria-hidden=\"true\">\n\t\t\t\t\t\t\t\t\t\t\t\t\t\t\t<span class=\"elementor-accordion-icon-closed\"><i class=\"fas fa-plus\"><\/i><\/span>\n\t\t\t\t\t\t\t\t<span class=\"elementor-accordion-icon-opened\"><i class=\"fas fa-minus\"><\/i><\/span>\n\t\t\t\t\t\t\t\t\t\t\t\t\t\t<\/span>\n\t\t\t\t\t\t\t\t\t\t\t\t<a class=\"elementor-accordion-title\" tabindex=\"0\">Quelles sont les nouvelles mesures annonc\u00e9es par le gouvernement canadien en mati\u00e8re de regroupement familial ?<\/a>\n\t\t\t\t\t<\/div>\n\t\t\t\t\t<div id=\"elementor-tab-content-2121\" class=\"elementor-tab-content elementor-clearfix\" data-tab=\"1\" role=\"region\" aria-labelledby=\"elementor-tab-title-2121\"><p>Le gouvernement canadien a annonc\u00e9 plusieurs nouvelles mesures visant \u00e0 renforcer le regroupement familial, notamment des d\u00e9lais de traitement plus courts pour les demandeurs de visa de r\u00e9sident temporaire (VRT), des outils de traitement d\u00e9di\u00e9s aux demandeurs de VRT, un nouveau permis de travail ouvert pour les demandeurs de la cat\u00e9gorie des conjoints et des familles, et des prolongations de permis de travail ouvertes pour les personnes dont le permis expire entre le 1er ao\u00fbt et la fin de l&#8217;ann\u00e9e 2023.<\/p>\n<\/div>\n\t\t\t\t<\/div>\n\t\t\t\t\t\t\t<div class=\"elementor-accordion-item\">\n\t\t\t\t\t<div id=\"elementor-tab-title-2122\" class=\"elementor-tab-title\" data-tab=\"2\" role=\"button\" aria-controls=\"elementor-tab-content-2122\" aria-expanded=\"false\">\n\t\t\t\t\t\t\t\t\t\t\t\t\t<span class=\"elementor-accordion-icon elementor-accordion-icon-left\" aria-hidden=\"true\">\n\t\t\t\t\t\t\t\t\t\t\t\t\t\t\t<span class=\"elementor-accordion-icon-closed\"><i class=\"fas fa-plus\"><\/i><\/span>\n\t\t\t\t\t\t\t\t<span class=\"elementor-accordion-icon-opened\"><i class=\"fas fa-minus\"><\/i><\/span>\n\t\t\t\t\t\t\t\t\t\t\t\t\t\t<\/span>\n\t\t\t\t\t\t\t\t\t\t\t\t<a class=\"elementor-accordion-title\" tabindex=\"0\">Combien de temps les conjoints demandeurs devront-ils attendre pour que leur demande de VRT soit trait\u00e9e ?<\/a>\n\t\t\t\t\t<\/div>\n\t\t\t\t\t<div id=\"elementor-tab-content-2122\" class=\"elementor-tab-content elementor-clearfix\" data-tab=\"2\" role=\"region\" aria-labelledby=\"elementor-tab-title-2122\"><p>\u00c0 l&#8217;avenir, la plupart des demandes de VRT pour les conjoints seront trait\u00e9es dans un d\u00e9lai de 30 jours. Ces nouvelles mesures visent \u00e0 r\u00e9duire les d\u00e9lais d&#8217;attente et \u00e0 acc\u00e9l\u00e9rer le regroupement familial. <\/p>\n<\/div>\n\t\t\t\t<\/div>\n\t\t\t\t\t\t\t<div class=\"elementor-accordion-item\">\n\t\t\t\t\t<div id=\"elementor-tab-title-2123\" class=\"elementor-tab-title\" data-tab=\"3\" role=\"button\" aria-controls=\"elementor-tab-content-2123\" aria-expanded=\"false\">\n\t\t\t\t\t\t\t\t\t\t\t\t\t<span class=\"elementor-accordion-icon elementor-accordion-icon-left\" aria-hidden=\"true\">\n\t\t\t\t\t\t\t\t\t\t\t\t\t\t\t<span class=\"elementor-accordion-icon-closed\"><i class=\"fas fa-plus\"><\/i><\/span>\n\t\t\t\t\t\t\t\t<span class=\"elementor-accordion-icon-opened\"><i class=\"fas fa-minus\"><\/i><\/span>\n\t\t\t\t\t\t\t\t\t\t\t\t\t\t<\/span>\n\t\t\t\t\t\t\t\t\t\t\t\t<a class=\"elementor-accordion-title\" tabindex=\"0\">Qui peut demander un permis de travail ouvert dans le cadre des nouvelles mesures ?<\/a>\n\t\t\t\t\t<\/div>\n\t\t\t\t\t<div id=\"elementor-tab-content-2123\" class=\"elementor-tab-content elementor-clearfix\" data-tab=\"3\" role=\"region\" aria-labelledby=\"elementor-tab-title-2123\"><p>Les \u00e9poux, les partenaires et les enfants \u00e0 charge qui r\u00e9sident avec leur r\u00e9pondant au Canada et qui ont le statut de r\u00e9sident temporaire peuvent demander un permis de travail ouvert. Cette option est offerte aux demandeurs au titre de la cat\u00e9gorie des \u00e9poux ou conjoints de fait au Canada (CECC) ou d&#8217;autres programmes de la cat\u00e9gorie du regroupement familial. <\/p>\n<\/div>\n\t\t\t\t<\/div>\n\t\t\t\t\t\t\t<div class=\"elementor-accordion-item\">\n\t\t\t\t\t<div id=\"elementor-tab-title-2124\" class=\"elementor-tab-title\" data-tab=\"4\" role=\"button\" aria-controls=\"elementor-tab-content-2124\" aria-expanded=\"false\">\n\t\t\t\t\t\t\t\t\t\t\t\t\t<span class=\"elementor-accordion-icon elementor-accordion-icon-left\" aria-hidden=\"true\">\n\t\t\t\t\t\t\t\t\t\t\t\t\t\t\t<span class=\"elementor-accordion-icon-closed\"><i class=\"fas fa-plus\"><\/i><\/span>\n\t\t\t\t\t\t\t\t<span class=\"elementor-accordion-icon-opened\"><i class=\"fas fa-minus\"><\/i><\/span>\n\t\t\t\t\t\t\t\t\t\t\t\t\t\t<\/span>\n\t\t\t\t\t\t\t\t\t\t\t\t<a class=\"elementor-accordion-title\" tabindex=\"0\">Les titulaires d'un permis de travail ouvert peuvent-ils prolonger leur permis au-del\u00e0 de sa date d'expiration ?<\/a>\n\t\t\t\t\t<\/div>\n\t\t\t\t\t<div id=\"elementor-tab-content-2124\" class=\"elementor-tab-content elementor-clearfix\" data-tab=\"4\" role=\"region\" aria-labelledby=\"elementor-tab-title-2124\"><p>Oui, les demandeurs conjoints et les autres titulaires d&#8217;un permis de travail ouvert dont le permis expire entre le 1er ao\u00fbt et la fin de l&#8217;ann\u00e9e 2023 auront la possibilit\u00e9 de prolonger leur permis de travail pour une p\u00e9riode suppl\u00e9mentaire de 18 mois. Cette prolongation leur permet de continuer \u00e0 travailler en attendant la finalisation de leur demande de r\u00e9sidence permanente. <\/p>\n<\/div>\n\t\t\t\t<\/div>\n\t\t\t\t\t\t\t<div class=\"elementor-accordion-item\">\n\t\t\t\t\t<div id=\"elementor-tab-title-2125\" class=\"elementor-tab-title\" data-tab=\"5\" role=\"button\" aria-controls=\"elementor-tab-content-2125\" aria-expanded=\"false\">\n\t\t\t\t\t\t\t\t\t\t\t\t\t<span class=\"elementor-accordion-icon elementor-accordion-icon-left\" aria-hidden=\"true\">\n\t\t\t\t\t\t\t\t\t\t\t\t\t\t\t<span class=\"elementor-accordion-icon-closed\"><i class=\"fas fa-plus\"><\/i><\/span>\n\t\t\t\t\t\t\t\t<span class=\"elementor-accordion-icon-opened\"><i class=\"fas fa-minus\"><\/i><\/span>\n\t\t\t\t\t\t\t\t\t\t\t\t\t\t<\/span>\n\t\t\t\t\t\t\t\t\t\t\t\t<a class=\"elementor-accordion-title\" tabindex=\"0\">Combien de permis de travail et de prolongations de permis de travail le Canada a-t-il d\u00e9livr\u00e9s en 2022 ?<\/a>\n\t\t\t\t\t<\/div>\n\t\t\t\t\t<div id=\"elementor-tab-content-2125\" class=\"elementor-tab-content elementor-clearfix\" data-tab=\"5\" role=\"region\" aria-labelledby=\"elementor-tab-title-2125\"><p>Le Canada a d\u00e9livr\u00e9 plus de 1 075 000 permis de travail et prolongations de permis de travail en 2022, ce qui t\u00e9moigne de l&#8217;engagement du pays \u00e0 aider les immigrants \u00e0 trouver des opportunit\u00e9s d&#8217;emploi.<\/p>\n<p style=\"font-weight: 400;\">\n<\/div>\n\t\t\t\t<\/div>\n\t\t\t\t\t\t\t\t<\/div>\n\t\t\t\t<\/div>\n\t\t\t\t<\/div>\n\t\t\t\t\t<\/div>\n\t\t<\/div>\n\t\t\t\t\t<\/div>\n\t\t<\/section>\n\t\t\t\t<\/div>\n\t\t","protected":false},"excerpt":{"rendered":"<p>Les familles jouent un r\u00f4le crucial dans la construction de nos vies, et le fait d&#8217;\u00eatre ensemble lors de moments importants est un d\u00e9sir cher \u00e0 beaucoup. Conscient de l&#8217;importance de l&#8217;unit\u00e9 familiale, le Canada a adopt\u00e9 une approche compatissante et proactive pour aider les proches \u00e0 se r\u00e9unir gr\u00e2ce \u00e0 ses nouvelles mesures en [&hellip;]<\/p>\n","protected":false},"author":1,"featured_media":16704,"comment_status":"closed","ping_status":"closed","sticky":false,"template":"","format":"standard","meta":{"content-type":"","om_disable_all_campaigns":false,"inline_featured_image":false,"_monsterinsights_skip_tracking":false,"_monsterinsights_sitenote_active":false,"_monsterinsights_sitenote_note":"","_monsterinsights_sitenote_category":0,"_uf_show_specific_survey":0,"_uf_disable_surveys":false,"footnotes":""},"categories":[1,69],"tags":[],"class_list":["post-17881","post","type-post","status-publish","format-standard","has-post-thumbnail","hentry","category-blog","category-non-classifiee"],"_links":{"self":[{"href":"https:\/\/www.titanlaw.ca\/fr\/wp-json\/wp\/v2\/posts\/17881"}],"collection":[{"href":"https:\/\/www.titanlaw.ca\/fr\/wp-json\/wp\/v2\/posts"}],"about":[{"href":"https:\/\/www.titanlaw.ca\/fr\/wp-json\/wp\/v2\/types\/post"}],"author":[{"embeddable":true,"href":"https:\/\/www.titanlaw.ca\/fr\/wp-json\/wp\/v2\/users\/1"}],"replies":[{"embeddable":true,"href":"https:\/\/www.titanlaw.ca\/fr\/wp-json\/wp\/v2\/comments?post=17881"}],"version-history":[{"count":14,"href":"https:\/\/www.titanlaw.ca\/fr\/wp-json\/wp\/v2\/posts\/17881\/revisions"}],"predecessor-version":[{"id":38004,"href":"https:\/\/www.titanlaw.ca\/fr\/wp-json\/wp\/v2\/posts\/17881\/revisions\/38004"}],"wp:featuredmedia":[{"embeddable":true,"href":"https:\/\/www.titanlaw.ca\/fr\/wp-json\/wp\/v2\/media\/16704"}],"wp:attachment":[{"href":"https:\/\/www.titanlaw.ca\/fr\/wp-json\/wp\/v2\/media?parent=17881"}],"wp:term":[{"taxonomy":"category","embeddable":true,"href":"https:\/\/www.titanlaw.ca\/fr\/wp-json\/wp\/v2\/categories?post=17881"},{"taxonomy":"post_tag","embeddable":true,"href":"https:\/\/www.titanlaw.ca\/fr\/wp-json\/wp\/v2\/tags?post=17881"}],"curies":[{"name":"wp","href":"https:\/\/api.w.org\/{rel}","templated":true}]}}