{"id":35568,"date":"2025-11-05T13:38:11","date_gmt":"2025-11-05T20:38:11","guid":{"rendered":"https:\/\/www.titanlaw.ca\/budget-federal-2025-du-canada-comment-les-nouveaux-objectifs-en-matiere-dimmigration-pourraient-avoir-un-impact-negatif-sur-les-immigrants\/"},"modified":"2026-03-28T14:25:24","modified_gmt":"2026-03-28T21:25:24","slug":"budget-federal-2025-du-canada-comment-les-nouveaux-objectifs-en-matiere-dimmigration-pourraient-avoir-un-impact-negatif-sur-les-immigrants","status":"publish","type":"post","link":"https:\/\/www.titanlaw.ca\/fr\/budget-federal-2025-du-canada-comment-les-nouveaux-objectifs-en-matiere-dimmigration-pourraient-avoir-un-impact-negatif-sur-les-immigrants\/","title":{"rendered":"Budget f\u00e9d\u00e9ral 2025 du Canada : Comment les nouveaux objectifs en mati\u00e8re d&#8217;immigration pourraient avoir un impact n\u00e9gatif sur les immigrants"},"content":{"rendered":"\t\t<div data-elementor-type=\"wp-post\" data-elementor-id=\"35568\" class=\"elementor elementor-35568 elementor-35562\" data-elementor-post-type=\"post\">\n\t\t\t\t\t\t<section data-particle_enable=\"false\" data-particle-mobile-disabled=\"false\" class=\"elementor-section elementor-top-section elementor-element elementor-element-770a45f elementor-section-boxed elementor-section-height-default elementor-section-height-default\" data-id=\"770a45f\" data-element_type=\"section\">\n\t\t\t\t\t\t<div class=\"elementor-container elementor-column-gap-default\">\n\t\t\t\t\t<div class=\"elementor-column elementor-col-100 elementor-top-column elementor-element elementor-element-cd82162\" data-id=\"cd82162\" data-element_type=\"column\">\n\t\t\t<div class=\"elementor-widget-wrap elementor-element-populated\">\n\t\t\t\t\t\t<div class=\"elementor-element elementor-element-7a05349 elementor-widget elementor-widget-text-editor\" data-id=\"7a05349\" data-element_type=\"widget\" data-widget_type=\"text-editor.default\">\n\t\t\t\t<div class=\"elementor-widget-container\">\n\t\t\t<style>\/*! elementor - v3.23.0 - 05-08-2024 *\/\n.elementor-widget-text-editor.elementor-drop-cap-view-stacked .elementor-drop-cap{background-color:#69727d;color:#fff}.elementor-widget-text-editor.elementor-drop-cap-view-framed .elementor-drop-cap{color:#69727d;border:3px solid;background-color:transparent}.elementor-widget-text-editor:not(.elementor-drop-cap-view-default) .elementor-drop-cap{margin-top:8px}.elementor-widget-text-editor:not(.elementor-drop-cap-view-default) .elementor-drop-cap-letter{width:1em;height:1em}.elementor-widget-text-editor .elementor-drop-cap{float:left;text-align:center;line-height:1;font-size:50px}.elementor-widget-text-editor .elementor-drop-cap-letter{display:inline-block}<\/style>\t\t\t\t<p data-start=\"441\" data-end=\"808\"><span style=\"color: #000000;\">Le budget f\u00e9d\u00e9ral 2025 du Canada, publi\u00e9 le <strong data-start=\"483\" data-end=\"503\">4 novembre 2025<\/strong>, a introduit des changements radicaux dans la strat\u00e9gie d&#8217;immigration du pays. Bien que le gouvernement qualifie ces mesures de &#8220;durables&#8221; et d'&#8221;\u00e9quilibr\u00e9es&#8221;, la r\u00e9alit\u00e9 est que de nombreux nouveaux arrivants et demandeurs risquent d&#8217;\u00eatre confront\u00e9s \u00e0 des conditions plus difficiles, \u00e0 des d\u00e9lais de traitement plus longs et \u00e0 moins de possibilit\u00e9s de s&#8217;\u00e9tablir de mani\u00e8re permanente au Canada.<\/span><\/p>\n<p data-start=\"810\" data-end=\"1154\"><span style=\"color: #000000;\">Le budget marque un changement d\u00e9cisif, passant de l&#8217;expansion \u00e0 la consolidation, en r\u00e9duisant les objectifs globaux en mati\u00e8re d&#8217;immigration, en resserrant les admissions de r\u00e9sidents temporaires et en r\u00e9orientant l&#8217;attention vers les immigrants de la classe \u00e9conomique. Pour les candidats \u00e0 l&#8217;immigration et ceux qui se trouvent d\u00e9j\u00e0 au Canada, ces changements peuvent se traduire par une concurrence accrue et une plus grande incertitude.<\/span><\/p>\n\t\t\t\t\t\t<\/div>\n\t\t\t\t<\/div>\n\t\t\t\t\t<\/div>\n\t\t<\/div>\n\t\t\t\t\t<\/div>\n\t\t<\/section>\n\t\t<div data-particle_enable=\"false\" data-particle-mobile-disabled=\"false\" class=\"elementor-element elementor-element-9aa7d7f e-flex e-con-boxed e-con e-parent\" data-id=\"9aa7d7f\" data-element_type=\"container\">\n\t\t\t\t\t<div class=\"e-con-inner\">\n\t\t\t\t<div class=\"elementor-element elementor-element-4ad12f4 elementor-widget elementor-widget-heading\" data-id=\"4ad12f4\" data-element_type=\"widget\" data-widget_type=\"heading.default\">\n\t\t\t\t<div class=\"elementor-widget-container\">\n\t\t\t<style>\/*! elementor - v3.23.0 - 05-08-2024 *\/\n.elementor-heading-title{padding:0;margin:0;line-height:1}.elementor-widget-heading .elementor-heading-title[class*=elementor-size-]>a{color:inherit;font-size:inherit;line-height:inherit}.elementor-widget-heading .elementor-heading-title.elementor-size-small{font-size:15px}.elementor-widget-heading .elementor-heading-title.elementor-size-medium{font-size:19px}.elementor-widget-heading .elementor-heading-title.elementor-size-large{font-size:29px}.elementor-widget-heading .elementor-heading-title.elementor-size-xl{font-size:39px}.elementor-widget-heading .elementor-heading-title.elementor-size-xxl{font-size:59px}<\/style><h2 class=\"elementor-heading-title elementor-size-default\"><span data-start=\"1161\" data-end=\"1218\" style=\"white-space: normal; caret-color: rgb(0, 0, 0); color: rgb(0, 0, 0);\">Principaux sujets de pr\u00e9occupation dans le domaine de l'immigration<\/span><\/h2>\t\t<\/div>\n\t\t\t\t<\/div>\n\t\t\t\t\t<\/div>\n\t\t\t\t<\/div>\n\t\t<div data-particle_enable=\"false\" data-particle-mobile-disabled=\"false\" class=\"elementor-element elementor-element-93f62a2 e-grid e-con-boxed e-con e-parent\" data-id=\"93f62a2\" data-element_type=\"container\">\n\t\t\t\t\t<div class=\"e-con-inner\">\n\t\t\t\t<div class=\"elementor-element elementor-element-9336a86 elementor-widget elementor-widget-image\" data-id=\"9336a86\" data-element_type=\"widget\" data-widget_type=\"image.default\">\n\t\t\t\t<div class=\"elementor-widget-container\">\n\t\t\t<style>\/*! elementor - v3.23.0 - 05-08-2024 *\/\n.elementor-widget-image{text-align:center}.elementor-widget-image a{display:inline-block}.elementor-widget-image a img[src$=\".svg\"]{width:48px}.elementor-widget-image img{vertical-align:middle;display:inline-block}<\/style>\t\t\t\t\t\t\t\t\t\t<img fetchpriority=\"high\" decoding=\"async\" width=\"800\" height=\"450\" src=\"https:\/\/www.titanlaw.ca\/wp-content\/uploads\/2025\/11\/Canadas-2025-Federal-Budget-How-the-New-Immigration-Targets-Could-Negatively-Impact-Immigrants-1024x576.avif\" class=\"attachment-large size-large wp-image-35586\" alt=\"\" srcset=\"https:\/\/www.titanlaw.ca\/wp-content\/uploads\/2025\/11\/Canadas-2025-Federal-Budget-How-the-New-Immigration-Targets-Could-Negatively-Impact-Immigrants-1024x576.avif 1024w, https:\/\/www.titanlaw.ca\/wp-content\/uploads\/2025\/11\/Canadas-2025-Federal-Budget-How-the-New-Immigration-Targets-Could-Negatively-Impact-Immigrants-300x169.avif 300w, https:\/\/www.titanlaw.ca\/wp-content\/uploads\/2025\/11\/Canadas-2025-Federal-Budget-How-the-New-Immigration-Targets-Could-Negatively-Impact-Immigrants-768x432.avif 768w, https:\/\/www.titanlaw.ca\/wp-content\/uploads\/2025\/11\/Canadas-2025-Federal-Budget-How-the-New-Immigration-Targets-Could-Negatively-Impact-Immigrants-1536x864.avif 1536w, https:\/\/www.titanlaw.ca\/wp-content\/uploads\/2025\/11\/Canadas-2025-Federal-Budget-How-the-New-Immigration-Targets-Could-Negatively-Impact-Immigrants-2048x1152.avif 2048w\" sizes=\"(max-width: 800px) 100vw, 800px\" \/>\t\t\t\t\t\t\t\t\t\t\t\t\t<\/div>\n\t\t\t\t<\/div>\n\t\t\t\t<div class=\"elementor-element elementor-element-f807659 elementor-widget elementor-widget-text-editor\" data-id=\"f807659\" data-element_type=\"widget\" data-widget_type=\"text-editor.default\">\n\t\t\t\t<div class=\"elementor-widget-container\">\n\t\t\t\t\t\t\t<h4 data-start=\"1002\" data-end=\"1050\"><span style=\"color: #000000;\">1. R\u00e9duction des objectifs de r\u00e9sidence permanente (RP)<\/span><\/h4>\n<p data-start=\"1051\" data-end=\"1204\"><span style=\"color: #000000;\">Les admissions annuelles de RP du Canada seront <strong data-start=\"1089\" data-end=\"1136\">plafonn\u00e9es \u00e0 380 000 par an pour les ann\u00e9es 2026 \u00e0 2028<\/strong> (dans une fourchette flexible de 350 000 \u00e0 420 000).<\/span><br data-start=\"1185\" data-end=\"1188\"><span style=\"color: #000000;\">En comparaison :<\/span><\/p>\n<ul data-start=\"1205\" data-end=\"1303\">\n<li data-start=\"1205\" data-end=\"1236\">\n<p data-start=\"1207\" data-end=\"1236\"><span style=\"color: #000000;\"><strong data-start=\"1207\" data-end=\"1226\">Objectif de relations publiques pour 2025 :<\/strong> 395 000<\/span><\/p>\n<\/li>\n<li data-start=\"1237\" data-end=\"1303\">\n<p data-start=\"1239\" data-end=\"1303\"><span style=\"color: #000000;\"><strong data-start=\"1239\" data-end=\"1293\">Objectif pr\u00e9c\u00e9demment pr\u00e9vu pour 2025 dans les plans pr\u00e9c\u00e9dents :<\/strong> 500,000<\/span><\/p>\n<\/li>\n<\/ul>\n<p data-start=\"1305\" data-end=\"1515\"><span style=\"color: #000000;\"><strong data-start=\"1305\" data-end=\"1316\">Impact :<\/strong><\/span><br data-start=\"1316\" data-end=\"1319\"><span style=\"color: #000000;\">Moins de places en relations publiques signifie <strong data-start=\"1339\" data-end=\"1361\">une plus grande concurrence<\/strong>. De nombreux demandeurs qui se pr\u00e9paraient \u00e0 l&#8217;augmentation du nombre d&#8217;immigrants peuvent maintenant \u00eatre confront\u00e9s \u00e0 des exigences plus strictes et \u00e0 des chances r\u00e9duites d&#8217;approbation.<\/span><\/p>\n\t\t\t\t\t\t<\/div>\n\t\t\t\t<\/div>\n\t\t\t\t\t<\/div>\n\t\t\t\t<\/div>\n\t\t<div data-particle_enable=\"false\" data-particle-mobile-disabled=\"false\" class=\"elementor-element elementor-element-b8fa286 e-flex e-con-boxed e-con e-parent\" data-id=\"b8fa286\" data-element_type=\"container\">\n\t\t\t\t\t<div class=\"e-con-inner\">\n\t\t\t\t<div class=\"elementor-element elementor-element-0c1c84d elementor-widget elementor-widget-text-editor\" data-id=\"0c1c84d\" data-element_type=\"widget\" data-widget_type=\"text-editor.default\">\n\t\t\t\t<div class=\"elementor-widget-container\">\n\t\t\t\t\t\t\t<h4 data-start=\"1522\" data-end=\"1580\"><span style=\"color: #000000;\">2. R\u00e9ductions importantes des admissions de r\u00e9sidents temporaires<\/span><\/h4>\n<p data-start=\"1581\" data-end=\"1728\"><span style=\"color: #000000;\">Les r\u00e9sidents temporaires &#8211; y compris les \u00e9tudiants \u00e9trangers et les travailleurs \u00e9trangers &#8211; seront confront\u00e9s \u00e0 des possibilit\u00e9s d&#8217;entr\u00e9e plus restreintes, le nombre total d&#8217;admissions devant diminuer :<\/span><\/p>\n<ul data-start=\"1729\" data-end=\"1813\">\n<li data-start=\"1729\" data-end=\"1766\">\n<p data-start=\"1731\" data-end=\"1766\"><span style=\"color: #000000;\"><strong data-start=\"1731\" data-end=\"1764\">Environ 385 000 en 2026<\/strong><\/span><\/p>\n<\/li>\n<li data-start=\"1767\" data-end=\"1813\">\n<p data-start=\"1769\" data-end=\"1813\"><span style=\"color: #000000;\"><strong data-start=\"1769\" data-end=\"1811\">Environ 370 000 en 2027 et 2028<\/strong><\/span><\/p>\n<\/li>\n<\/ul>\n<p data-start=\"1815\" data-end=\"1829\"><span style=\"color: #000000;\">Compar\u00e9 \u00e0 :<\/span><\/p>\n<ul data-start=\"1830\" data-end=\"1888\">\n<li data-start=\"1830\" data-end=\"1888\">\n<p data-start=\"1832\" data-end=\"1888\"><span style=\"color: #000000;\"><strong data-start=\"1832\" data-end=\"1888\">Environ 673 650 r\u00e9sidents temporaires admis en 2025<\/strong><\/span><\/p>\n<\/li>\n<\/ul>\n<p data-start=\"1890\" data-end=\"2039\"><span style=\"color: #000000;\"><strong data-start=\"1890\" data-end=\"1901\">Impact :<\/strong><\/span><br data-start=\"1901\" data-end=\"1904\"><span style=\"color: #000000;\">Le statut temporaire est depuis longtemps la <strong data-start=\"1937\" data-end=\"1979\">premi\u00e8re voie d&#8217;acc\u00e8s \u00e0 la r\u00e9sidence permanente<\/strong>. La r\u00e9duction de l&#8217;accueil des r\u00e9sidents temporaires de pr\u00e8s de 40 % limite les possibilit\u00e9s d&#8217;accueil :<\/span><\/p>\n<ul data-start=\"2040\" data-end=\"2159\">\n<li data-start=\"2040\" data-end=\"2070\">\n<p data-start=\"2042\" data-end=\"2070\"><span style=\"color: #000000;\">Possibilit\u00e9s de permis d&#8217;\u00e9tudes<\/span><\/p>\n<\/li>\n<li data-start=\"2071\" data-end=\"2114\">\n<p data-start=\"2073\" data-end=\"2114\"><span style=\"color: #000000;\">Transition vers le permis de travail post-dipl\u00f4me<\/span><\/p>\n<\/li>\n<li data-start=\"2115\" data-end=\"2159\">\n<p data-start=\"2117\" data-end=\"2159\"><span style=\"color: #000000;\">Approbation des permis de travail parrain\u00e9s par l&#8217;employeur<\/span><\/p>\n<\/li>\n<\/ul>\n<p data-start=\"2161\" data-end=\"2218\"><span style=\"color: #000000;\">De ce fait, de nombreuses personnes ne disposent pas d&#8217;une voie claire vers la RP.<\/span><\/p>\n<h4 data-start=\"2225\" data-end=\"2308\"><span style=\"color: #000000;\">3. Priorit\u00e9 \u00e0 la classe \u00e9conomique, croissance limit\u00e9e des flux familiaux et humanitaires<\/span><\/h4>\n<p data-start=\"2309\" data-end=\"2463\"><span style=\"color: #000000;\">Alors que l&#8217;immigration \u00e9conomique reste une priorit\u00e9 du gouvernement, le <strong data-start=\"2367\" data-end=\"2438\">regroupement familial et les admissions humanitaires n&#8217;augmentent pas<\/strong> proportionnellement aux besoins.<\/span><\/p>\n<p data-start=\"2465\" data-end=\"2495\"><span style=\"color: #000000;\">Admissions annuelles pr\u00e9vues :<\/span><\/p>\n<ul data-start=\"2496\" data-end=\"2646\">\n<li data-start=\"2496\" data-end=\"2558\">\n<p data-start=\"2498\" data-end=\"2558\"><span style=\"color: #000000;\"><strong data-start=\"2498\" data-end=\"2515\">Cat\u00e9gorie &#8220;famille&#8221; :<\/strong> 84 000 en 2026 \u2192 81 000 en 2027 et 2028<\/span><\/p>\n<\/li>\n<li data-start=\"2559\" data-end=\"2646\">\n<p data-start=\"2561\" data-end=\"2646\"><span style=\"color: #000000;\"><strong data-start=\"2561\" data-end=\"2601\">Cat\u00e9gories de r\u00e9fugi\u00e9s et cat\u00e9gories humanitaires :<\/strong> 56 200 en 2026 \u2192 54 300 les ann\u00e9es suivantes.<\/span><\/p>\n<\/li>\n<\/ul>\n<p data-start=\"2648\" data-end=\"2661\"><span style=\"color: #000000;\"><strong data-start=\"2648\" data-end=\"2659\">Impact :<\/strong><\/span><\/p>\n<ul data-start=\"2662\" data-end=\"2945\">\n<li data-start=\"2662\" data-end=\"2724\">\n<p data-start=\"2664\" data-end=\"2724\"><span style=\"color: #000000;\">Des attentes plus longues pour le regroupement des conjoints, des parents et des enfants<\/span><\/p>\n<\/li>\n<li data-start=\"2725\" data-end=\"2796\">\n<p data-start=\"2727\" data-end=\"2796\"><span style=\"color: #000000;\">Les demandeurs vuln\u00e9rables risquent de rester dans l&#8217;incertitude juridique et \u00e9motionnelle.<\/span><\/p>\n<\/li>\n<li data-start=\"2797\" data-end=\"2945\">\n<p data-start=\"2799\" data-end=\"2945\"><span style=\"color: #000000;\">Le syst\u00e8me favorise de plus en plus les personnes ayant un niveau d&#8217;\u00e9ducation \u00e9lev\u00e9, des r\u00e9sultats linguistiques et une exp\u00e9rience professionnelle, au d\u00e9triment des circonstances personnelles ou humanitaires<\/span><\/p>\n<\/li>\n<\/ul>\n<h4 data-start=\"2952\" data-end=\"2994\"><span style=\"color: #000000;\">4. Retards op\u00e9rationnels et de traitement<\/span><\/h4>\n<p data-start=\"2995\" data-end=\"3145\"><span style=\"color: #000000;\">Les effectifs d&#8217;Immigration, R\u00e9fugi\u00e9s et Citoyennet\u00e9 Canada (IRCC) devraient <strong data-start=\"3072\" data-end=\"3084\">passer<\/strong> de <strong data-start=\"3090\" data-end=\"3142\">12 689 employ\u00e9s en 2025-26 \u00e0 11 257 en 2027-28<\/strong>.<\/span><\/p>\n<p data-start=\"3147\" data-end=\"3160\"><span style=\"color: #000000;\"><strong data-start=\"3147\" data-end=\"3158\">Impact :<\/strong><\/span><\/p>\n<ul data-start=\"3161\" data-end=\"3310\">\n<li data-start=\"3161\" data-end=\"3194\">\n<p data-start=\"3163\" data-end=\"3194\"><span style=\"color: #000000;\">Ralentissement du traitement des demandes<\/span><\/p>\n<\/li>\n<li data-start=\"3195\" data-end=\"3233\">\n<p data-start=\"3197\" data-end=\"3233\"><span style=\"color: #000000;\">Des arri\u00e9r\u00e9s plus importants et des retards persistants<\/span><\/p>\n<\/li>\n<li data-start=\"3234\" data-end=\"3310\">\n<p data-start=\"3236\" data-end=\"3310\"><span style=\"color: #000000;\">Risque accru d&#8217;expiration du permis et de complications li\u00e9es au statut pendant l&#8217;attente<\/span><\/p>\n<\/li>\n<\/ul>\n<h4 data-start=\"3317\" data-end=\"3344\"><span style=\"color: #000000;\">R\u00e9sum\u00e9 des changements<\/span><\/h4>\n<div class=\"_tableContainer_1rjym_1\">\n<div class=\"group _tableWrapper_1rjym_13 flex w-fit flex-col-reverse\" tabindex=\"-1\">\n<table class=\"w-fit min-w-(--thread-content-width)\" data-start=\"3346\" data-end=\"3777\">\n<thead data-start=\"3346\" data-end=\"3414\">\n<tr data-start=\"3346\" data-end=\"3414\">\n<th data-start=\"3346\" data-end=\"3361\" data-col-size=\"sm\"><span style=\"color: #000000;\"><strong data-start=\"3348\" data-end=\"3360\">Cat\u00e9gorie<\/strong><\/span><\/th>\n<th data-start=\"3361\" data-end=\"3379\" data-col-size=\"sm\"><span style=\"color: #000000;\"><strong data-start=\"3363\" data-end=\"3378\">Objectif 2025<\/strong><\/span><\/th>\n<th data-start=\"3379\" data-end=\"3400\" data-col-size=\"sm\"><span style=\"color: #000000;\"><strong data-start=\"3381\" data-end=\"3399\">Objectif 2026-28<\/strong><\/span><\/th>\n<th data-start=\"3400\" data-end=\"3414\" data-col-size=\"md\"><span style=\"color: #000000;\"><strong data-start=\"3402\" data-end=\"3412\">Effet<\/strong><\/span><\/th>\n<\/tr>\n<\/thead>\n<tbody data-start=\"3484\" data-end=\"3777\">\n<tr data-start=\"3484\" data-end=\"3576\">\n<td data-start=\"3484\" data-end=\"3506\" data-col-size=\"sm\"><span style=\"color: #000000;\">R\u00e9sidents permanents<\/span><\/td>\n<td data-col-size=\"sm\" data-start=\"3506\" data-end=\"3516\"><span style=\"color: #000000;\">395,000<\/span><\/td>\n<td data-col-size=\"sm\" data-start=\"3516\" data-end=\"3535\"><span style=\"color: #000000;\">380 000 par an<\/span><\/td>\n<td data-col-size=\"md\" data-start=\"3535\" data-end=\"3576\"><span style=\"color: #000000;\">Moins d&#8217;opportunit\u00e9s, plus de concurrence<\/span><\/td>\n<\/tr>\n<tr data-start=\"3577\" data-end=\"3673\">\n<td data-start=\"3577\" data-end=\"3599\" data-col-size=\"sm\"><span style=\"color: #000000;\">R\u00e9sidents temporaires<\/span><\/td>\n<td data-col-size=\"sm\" data-start=\"3599\" data-end=\"3610\"><span style=\"color: #000000;\">~673,650<\/span><\/td>\n<td data-col-size=\"sm\" data-start=\"3610\" data-end=\"3628\"><span style=\"color: #000000;\">385,000-370,000<\/span><\/td>\n<td data-col-size=\"md\" data-start=\"3628\" data-end=\"3673\"><span style=\"color: #000000;\">R\u00e9duction des voies d&#8217;acc\u00e8s pour les \u00e9tudiants et les travailleurs<\/span><\/td>\n<\/tr>\n<tr data-start=\"3674\" data-end=\"3777\">\n<td data-start=\"3674\" data-end=\"3698\" data-col-size=\"sm\"><span style=\"color: #000000;\">Famille et humanitaire<\/span><\/td>\n<td data-col-size=\"sm\" data-start=\"3698\" data-end=\"3715\"><span style=\"color: #000000;\">Croissance minimale<\/span><\/td>\n<td data-col-size=\"sm\" data-start=\"3715\" data-end=\"3733\"><span style=\"color: #000000;\">Reste limit\u00e9e<\/span><\/td>\n<td data-col-size=\"md\" data-start=\"3733\" data-end=\"3777\"><span style=\"color: #000000;\">D\u00e9lais de r\u00e9unification et de traitement plus longs<\/span><\/td>\n<\/tr>\n<\/tbody>\n<\/table>\n<\/div>\n<\/div>\n\t\t\t\t\t\t<\/div>\n\t\t\t\t<\/div>\n\t\t\t\t\t<\/div>\n\t\t\t\t<\/div>\n\t\t<div data-particle_enable=\"false\" data-particle-mobile-disabled=\"false\" class=\"elementor-element elementor-element-c692f60 e-flex e-con-boxed e-con e-parent\" data-id=\"c692f60\" data-element_type=\"container\">\n\t\t\t\t\t<div class=\"e-con-inner\">\n\t\t\t\t<div class=\"elementor-element elementor-element-ffa6c37 elementor-widget elementor-widget-text-editor\" data-id=\"ffa6c37\" data-element_type=\"widget\" data-widget_type=\"text-editor.default\">\n\t\t\t\t<div class=\"elementor-widget-container\">\n\t\t\t\t\t\t\t<h2 data-start=\"4102\" data-end=\"4153\"><span style=\"color: #000000;\">Comment ces changements affectent n\u00e9gativement les immigr\u00e9s<\/span><\/h2>\n<h5 data-start=\"4155\" data-end=\"4201\"><span style=\"color: #000000;\">1. Moins d&#8217;opportunit\u00e9s et des d\u00e9lais plus longs<\/span><\/h5>\n<p data-start=\"4202\" data-end=\"4377\"><span style=\"color: #000000;\">Avec des plafonds d&#8217;admission r\u00e9duits, les demandeurs sont confront\u00e9s \u00e0 une concurrence accrue et \u00e0 des d\u00e9lais de traitement plus longs. Ceux qui n&#8217;ont pas de profil d&#8217;entr\u00e9e express avec un score \u00e9lev\u00e9 peuvent avoir du mal \u00e0 se qualifier.<\/span><\/p>\n<h5 data-start=\"4379\" data-end=\"4425\"><span style=\"color: #000000;\">2. Des r\u00e8gles plus strictes pour les r\u00e9sidents temporaires<\/span><\/h5>\n<p data-start=\"4426\" data-end=\"4597\"><span style=\"color: #000000;\">La r\u00e9duction des permis temporaires signifie que les \u00e9tudiants internationaux et les travailleurs \u00e9trangers ont moins de chances d&#8217;acqu\u00e9rir une exp\u00e9rience au Canada &#8211; l&#8217;un des facteurs cl\u00e9s pour l&#8217;\u00e9ligibilit\u00e9 future au statut de r\u00e9sident permanent.<\/span><\/p>\n<h5 data-start=\"4599\" data-end=\"4634\"><span style=\"color: #000000;\">3. Biais \u00e9conomique dans la s\u00e9lection<\/span><\/h5>\n<p data-start=\"4635\" data-end=\"4783\"><span style=\"color: #000000;\">Les demandeurs qui ne font pas partie de la &#8220;classe \u00e9conomique&#8221; &#8211; en particulier les familles, les aidants et les cas humanitaires &#8211; verront les d\u00e9lais d&#8217;attente s&#8217;allonger ou le nombre d&#8217;approbations diminuer.<\/span><\/p>\n<h5 data-start=\"4785\" data-end=\"4820\"><span style=\"color: #000000;\">4. Goulets d&#8217;\u00e9tranglement administratifs<\/span><\/h5>\n<p data-start=\"4821\" data-end=\"4969\"><span style=\"color: #000000;\">Les r\u00e9ductions de personnel pourraient ralentir chaque \u00e9tape du traitement, de la biom\u00e9trie \u00e0 l&#8217;approbation de la demande de visa, augmentant ainsi le stress et l&#8217;incertitude juridique pour les demandeurs.<\/span><\/p>\n<h5 data-start=\"4971\" data-end=\"5025\"><span style=\"color: #000000;\">5. Obstacles suppl\u00e9mentaires pour les candidats moins favoris\u00e9s<\/span><\/h5>\n<p data-start=\"5026\" data-end=\"5238\"><span style=\"color: #000000;\">Les candidats issus de milieux \u00e0 faibles revenus ou de pays o\u00f9 les syst\u00e8mes de reconnaissance des dipl\u00f4mes sont limit\u00e9s pourraient \u00eatre affect\u00e9s de mani\u00e8re disproportionn\u00e9e, car le syst\u00e8me r\u00e9compense de plus en plus les personnes ayant un niveau d&#8217;\u00e9ducation et de revenus plus \u00e9lev\u00e9.<\/span><\/p>\n<h3 data-start=\"5245\" data-end=\"5294\"><span style=\"color: #000000;\">Ce que cela signifie pour les nouveaux arrivants et les candidats<\/span><\/h3>\n<p data-start=\"5295\" data-end=\"5508\"><span style=\"color: #000000;\">Le message du budget 2025 est clair : <strong data-start=\"5338\" data-end=\"5407\">immigrer au Canada devient plus comp\u00e9titif et plus s\u00e9lectif<\/strong>. Pour r\u00e9ussir, les demandeurs ont besoin d&#8217;une meilleure pr\u00e9paration, de conseils actualis\u00e9s et d&#8217;attentes r\u00e9alistes.<\/span><\/p>\n<p data-start=\"5510\" data-end=\"5576\"><span style=\"color: #000000;\">Les avocats et les consultants jouent un r\u00f4le essentiel dans l&#8217;aide apport\u00e9e aux demandeurs :<\/span><\/p>\n<ul data-start=\"5577\" data-end=\"5807\">\n<li data-start=\"5577\" data-end=\"5629\">\n<p data-start=\"5579\" data-end=\"5629\"><span style=\"color: #000000;\">Identifier les voies d&#8217;immigration les plus prometteuses<\/span><\/p>\n<\/li>\n<li data-start=\"5630\" data-end=\"5682\">\n<p data-start=\"5632\" data-end=\"5682\"><span style=\"color: #000000;\">Renforcer la documentation sur les langues et les dipl\u00f4mes<\/span><\/p>\n<\/li>\n<li data-start=\"5683\" data-end=\"5739\">\n<p data-start=\"5685\" data-end=\"5739\"><span style=\"color: #000000;\">Se pr\u00e9parer \u00e0 l&#8217;\u00e9volution des crit\u00e8res d&#8217;\u00e9ligibilit\u00e9 et des quotas<\/span><\/p>\n<\/li>\n<li data-start=\"5740\" data-end=\"5807\">\n<p data-start=\"5742\" data-end=\"5807\"><span style=\"color: #000000;\">\u00c9vitez les erreurs co\u00fbteuses qui pourraient retarder ou faire \u00e9chouer une demande.<\/span><\/p>\n<\/li>\n<\/ul>\n<h3 data-start=\"5814\" data-end=\"5862\"><span style=\"color: #000000;\">Conclusion : Il est d\u00e9sormais essentiel de planifier \u00e0 l&#8217;avance<\/span><\/h3>\n<p data-start=\"5863\" data-end=\"6194\"><span style=\"color: #000000;\">Bien que le gouvernement f\u00e9d\u00e9ral pr\u00e9sente ces mesures comme responsables et durables, le nouveau cadre d&#8217;immigration rend <strong data-start=\"5988\" data-end=\"6045\">plus difficile pour les nouveaux arrivants de se qualifier, de rester et de s&#8217;int\u00e9grer.<\/strong> La r\u00e9duction du nombre d&#8217;admissions, le ralentissement du traitement des dossiers et l&#8217;\u00e9tablissement de priorit\u00e9s \u00e9conomiques cr\u00e9ent un environnement qui exige une planification professionnelle et une action opportune.<\/span><\/p>\n\t\t\t\t\t\t<\/div>\n\t\t\t\t<\/div>\n\t\t\t\t\t<\/div>\n\t\t\t\t<\/div>\n\t\t<div data-particle_enable=\"false\" data-particle-mobile-disabled=\"false\" class=\"elementor-element elementor-element-4794701 e-flex e-con-boxed e-con e-parent\" data-id=\"4794701\" data-element_type=\"container\">\n\t\t\t\t\t<div class=\"e-con-inner\">\n\t\t\t\t<div class=\"elementor-element elementor-element-fabf033 elementor-align-center elementor-widget elementor-widget-button\" data-id=\"fabf033\" data-element_type=\"widget\" data-widget_type=\"button.default\">\n\t\t\t\t<div class=\"elementor-widget-container\">\n\t\t\t\t\t<div class=\"elementor-button-wrapper\">\n\t\t\t<a class=\"elementor-button elementor-button-link elementor-size-sm\" href=\"https:\/\/www.titanlaw.ca\/fr\/reserver-une-consultation\/\">\n\t\t\t\t\t\t<span class=\"elementor-button-content-wrapper\">\n\t\t\t\t\t\t\t\t\t<span class=\"elementor-button-text\">R\u00e9servez une \u00e9valuation<\/span>\n\t\t\t\t\t<\/span>\n\t\t\t\t\t<\/a>\n\t\t<\/div>\n\t\t\t\t<\/div>\n\t\t\t\t<\/div>\n\t\t\t\t\t<\/div>\n\t\t\t\t<\/div>\n\t\t<div data-particle_enable=\"false\" data-particle-mobile-disabled=\"false\" class=\"elementor-element elementor-element-2a655bc e-flex e-con-boxed e-con e-parent\" data-id=\"2a655bc\" data-element_type=\"container\">\n\t\t\t\t\t<div class=\"e-con-inner\">\n\t\t\t\t<div class=\"elementor-element elementor-element-c4c393f elementor-widget elementor-widget-text-editor\" data-id=\"c4c393f\" data-element_type=\"widget\" data-widget_type=\"text-editor.default\">\n\t\t\t\t<div class=\"elementor-widget-container\">\n\t\t\t\t\t\t\t<p data-start=\"107\" data-end=\"372\"><span style=\"color: #000000;\">Les changements introduits dans le budget f\u00e9d\u00e9ral 2025 ont cr\u00e9\u00e9 un paysage de l&#8217;immigration plus complexe et plus comp\u00e9titif. Il est plus important que jamais de prendre des d\u00e9cisions \u00e9clair\u00e9es, de choisir la voie la plus strat\u00e9gique et de pr\u00e9parer un dossier de candidature solide et complet.<\/span><\/p>\n<p data-start=\"374\" data-end=\"474\"><span style=\"color: #000000;\">Chez Titan Law, nos avocats sp\u00e9cialis\u00e9s en droit de l&#8217;immigration offrent des conseils juridiques personnalis\u00e9s et strat\u00e9giques. Nous pouvons :<\/span><\/p>\n<ul data-start=\"475\" data-end=\"839\">\n<li data-start=\"475\" data-end=\"569\">\n<p data-start=\"477\" data-end=\"569\"><span style=\"color: #000000;\">\u00c9valuer votre \u00e9ligibilit\u00e9 et vos perspectives d&#8217;immigration dans le cadre de la nouvelle politique de l&#8217;UE<\/span><\/p>\n<\/li>\n<li data-start=\"570\" data-end=\"723\">\n<p data-start=\"572\" data-end=\"723\"><span style=\"color: #000000;\">Identifier le programme d&#8217;immigration ou le parcours de r\u00e9sidence permanente le plus appropri\u00e9 en fonction de vos ant\u00e9c\u00e9dents professionnels, \u00e9ducatifs et personnels.<\/span><\/p>\n<\/li>\n<li data-start=\"724\" data-end=\"839\">\n<p data-start=\"726\" data-end=\"839\"><span style=\"color: #000000;\">\u00c9laborer une strat\u00e9gie globale pour renforcer votre demande et minimiser le risque de retards ou de refus.<\/span><\/p>\n<\/li>\n<\/ul>\n<p data-start=\"841\" data-end=\"1022\"><span style=\"color: #000000;\">Nous vous invitons \u00e0 prendre rendez-vous avec l&#8217;un de nos professionnels de l&#8217;immigration afin de discuter de votre situation et de cr\u00e9er un plan clair et r\u00e9alisable adapt\u00e9 \u00e0 vos objectifs.<\/span><\/p>\n<p data-start=\"1024\" data-end=\"1195\" data-is-last-node=\"\" data-is-only-node=\"\"><span style=\"color: #000000;\">Votre avenir au Canada justifie une planification minutieuse et une prise de d\u00e9cision \u00e9clair\u00e9e. Titan Law est l\u00e0 pour vous aider \u00e0 naviguer dans ces changements avec confiance et clart\u00e9.<\/span><\/p>\n\t\t\t\t\t\t<\/div>\n\t\t\t\t<\/div>\n\t\t\t\t\t<\/div>\n\t\t\t\t<\/div>\n\t\t\t\t<section data-particle_enable=\"false\" data-particle-mobile-disabled=\"false\" class=\"elementor-section elementor-top-section elementor-element elementor-element-c2e63ac elementor-section-boxed elementor-section-height-default elementor-section-height-default\" data-id=\"c2e63ac\" data-element_type=\"section\">\n\t\t\t\t\t\t<div class=\"elementor-container elementor-column-gap-default\">\n\t\t\t\t\t<div class=\"elementor-column elementor-col-100 elementor-top-column elementor-element elementor-element-a961d80\" data-id=\"a961d80\" data-element_type=\"column\">\n\t\t\t<div class=\"elementor-widget-wrap elementor-element-populated\">\n\t\t\t\t\t\t<div class=\"elementor-element elementor-element-3423ade elementor-widget elementor-widget-accordion\" data-id=\"3423ade\" data-element_type=\"widget\" data-widget_type=\"accordion.default\">\n\t\t\t\t<div class=\"elementor-widget-container\">\n\t\t\t<style>\/*! elementor - v3.23.0 - 05-08-2024 *\/\n.elementor-accordion{text-align:start}.elementor-accordion .elementor-accordion-item{border:1px solid #d5d8dc}.elementor-accordion .elementor-accordion-item+.elementor-accordion-item{border-top:none}.elementor-accordion .elementor-tab-title{margin:0;padding:15px 20px;font-weight:700;line-height:1;cursor:pointer;outline:none}.elementor-accordion .elementor-tab-title .elementor-accordion-icon{display:inline-block;width:1.5em}.elementor-accordion .elementor-tab-title .elementor-accordion-icon svg{width:1em;height:1em}.elementor-accordion .elementor-tab-title .elementor-accordion-icon.elementor-accordion-icon-right{float:right;text-align:right}.elementor-accordion .elementor-tab-title .elementor-accordion-icon.elementor-accordion-icon-left{float:left;text-align:left}.elementor-accordion .elementor-tab-title .elementor-accordion-icon .elementor-accordion-icon-closed{display:block}.elementor-accordion .elementor-tab-title .elementor-accordion-icon .elementor-accordion-icon-opened,.elementor-accordion .elementor-tab-title.elementor-active .elementor-accordion-icon-closed{display:none}.elementor-accordion .elementor-tab-title.elementor-active .elementor-accordion-icon-opened{display:block}.elementor-accordion .elementor-tab-content{display:none;padding:15px 20px;border-top:1px solid #d5d8dc}@media (max-width:767px){.elementor-accordion .elementor-tab-title{padding:12px 15px}.elementor-accordion .elementor-tab-title .elementor-accordion-icon{width:1.2em}.elementor-accordion .elementor-tab-content{padding:7px 15px}}.e-con-inner>.elementor-widget-accordion,.e-con>.elementor-widget-accordion{width:var(--container-widget-width);--flex-grow:var(--container-widget-flex-grow)}<\/style>\t\t<div class=\"elementor-accordion\">\n\t\t\t\t\t\t\t<div class=\"elementor-accordion-item\">\n\t\t\t\t\t<div id=\"elementor-tab-title-5461\" class=\"elementor-tab-title\" data-tab=\"1\" role=\"button\" aria-controls=\"elementor-tab-content-5461\" aria-expanded=\"false\">\n\t\t\t\t\t\t\t\t\t\t\t\t\t<span class=\"elementor-accordion-icon elementor-accordion-icon-left\" aria-hidden=\"true\">\n\t\t\t\t\t\t\t\t\t\t\t\t\t\t\t<span class=\"elementor-accordion-icon-closed\"><i class=\"fas fa-plus\"><\/i><\/span>\n\t\t\t\t\t\t\t\t<span class=\"elementor-accordion-icon-opened\"><i class=\"fas fa-minus\"><\/i><\/span>\n\t\t\t\t\t\t\t\t\t\t\t\t\t\t<\/span>\n\t\t\t\t\t\t\t\t\t\t\t\t<a class=\"elementor-accordion-title\" tabindex=\"0\">Comment le budget f\u00e9d\u00e9ral 2025 affecte-t-il les demandeurs de r\u00e9sidence permanente ?<\/a>\n\t\t\t\t\t<\/div>\n\t\t\t\t\t<div id=\"elementor-tab-content-5461\" class=\"elementor-tab-content elementor-clearfix\" data-tab=\"1\" role=\"region\" aria-labelledby=\"elementor-tab-title-5461\"><p>Le budget 2025 r\u00e9duit l&#8217;objectif annuel de r\u00e9sidents permanents \u00e0 380 000 pour la p\u00e9riode 2026-2028. Cela signifie qu&#8217;il y a moins de places disponibles et que les exigences en mati\u00e8re de candidature sont plus comp\u00e9titives, d&#8217;o\u00f9 l&#8217;importance d&#8217;une bonne \u00e9ligibilit\u00e9 et d&#8217;une planification strat\u00e9gique.<\/p>\n<\/div>\n\t\t\t\t<\/div>\n\t\t\t\t\t\t\t<div class=\"elementor-accordion-item\">\n\t\t\t\t\t<div id=\"elementor-tab-title-5462\" class=\"elementor-tab-title\" data-tab=\"2\" role=\"button\" aria-controls=\"elementor-tab-content-5462\" aria-expanded=\"false\">\n\t\t\t\t\t\t\t\t\t\t\t\t\t<span class=\"elementor-accordion-icon elementor-accordion-icon-left\" aria-hidden=\"true\">\n\t\t\t\t\t\t\t\t\t\t\t\t\t\t\t<span class=\"elementor-accordion-icon-closed\"><i class=\"fas fa-plus\"><\/i><\/span>\n\t\t\t\t\t\t\t\t<span class=\"elementor-accordion-icon-opened\"><i class=\"fas fa-minus\"><\/i><\/span>\n\t\t\t\t\t\t\t\t\t\t\t\t\t\t<\/span>\n\t\t\t\t\t\t\t\t\t\t\t\t<a class=\"elementor-accordion-title\" tabindex=\"0\">Sera-t-il plus difficile d'obtenir un permis d'\u00e9tudes ou un permis de travail ?<\/a>\n\t\t\t\t\t<\/div>\n\t\t\t\t\t<div id=\"elementor-tab-content-5462\" class=\"elementor-tab-content elementor-clearfix\" data-tab=\"2\" role=\"region\" aria-labelledby=\"elementor-tab-title-5462\"><p>Oui. Les admissions de r\u00e9sidents temporaires seront consid\u00e9rablement r\u00e9duites \u00e0 partir de 2026. Il y a notamment moins de permis d&#8217;\u00e9tudes et de permis de travail, ce qui pourrait limiter l&#8217;acc\u00e8s aux voies traditionnellement utilis\u00e9es pour la transition vers la r\u00e9sidence permanente.<\/p>\n<\/div>\n\t\t\t\t<\/div>\n\t\t\t\t\t\t\t<div class=\"elementor-accordion-item\">\n\t\t\t\t\t<div id=\"elementor-tab-title-5463\" class=\"elementor-tab-title\" data-tab=\"3\" role=\"button\" aria-controls=\"elementor-tab-content-5463\" aria-expanded=\"false\">\n\t\t\t\t\t\t\t\t\t\t\t\t\t<span class=\"elementor-accordion-icon elementor-accordion-icon-left\" aria-hidden=\"true\">\n\t\t\t\t\t\t\t\t\t\t\t\t\t\t\t<span class=\"elementor-accordion-icon-closed\"><i class=\"fas fa-plus\"><\/i><\/span>\n\t\t\t\t\t\t\t\t<span class=\"elementor-accordion-icon-opened\"><i class=\"fas fa-minus\"><\/i><\/span>\n\t\t\t\t\t\t\t\t\t\t\t\t\t\t<\/span>\n\t\t\t\t\t\t\t\t\t\t\t\t<a class=\"elementor-accordion-title\" tabindex=\"0\">Le budget a-t-il une incidence sur les demandes de parrainage familial ?<\/a>\n\t\t\t\t\t<\/div>\n\t\t\t\t\t<div id=\"elementor-tab-content-5463\" class=\"elementor-tab-content elementor-clearfix\" data-tab=\"3\" role=\"region\" aria-labelledby=\"elementor-tab-title-5463\"><p>Le nombre de parrainages familiaux n&#8217;augmente pas et devrait diminuer l\u00e9g\u00e8rement au cours des prochaines ann\u00e9es. En cons\u00e9quence, les demandeurs risquent d&#8217;\u00eatre confront\u00e9s \u00e0 des d\u00e9lais de traitement plus longs et \u00e0 des p\u00e9riodes d&#8217;attente plus longues pour le regroupement familial.<\/p>\n<\/div>\n\t\t\t\t<\/div>\n\t\t\t\t\t\t\t<div class=\"elementor-accordion-item\">\n\t\t\t\t\t<div id=\"elementor-tab-title-5464\" class=\"elementor-tab-title\" data-tab=\"4\" role=\"button\" aria-controls=\"elementor-tab-content-5464\" aria-expanded=\"false\">\n\t\t\t\t\t\t\t\t\t\t\t\t\t<span class=\"elementor-accordion-icon elementor-accordion-icon-left\" aria-hidden=\"true\">\n\t\t\t\t\t\t\t\t\t\t\t\t\t\t\t<span class=\"elementor-accordion-icon-closed\"><i class=\"fas fa-plus\"><\/i><\/span>\n\t\t\t\t\t\t\t\t<span class=\"elementor-accordion-icon-opened\"><i class=\"fas fa-minus\"><\/i><\/span>\n\t\t\t\t\t\t\t\t\t\t\t\t\t\t<\/span>\n\t\t\t\t\t\t\t\t\t\t\t\t<a class=\"elementor-accordion-title\" tabindex=\"0\">Les voies d'acheminement de l'aide humanitaire et des r\u00e9fugi\u00e9s sont-elles affect\u00e9es ?<\/a>\n\t\t\t\t\t<\/div>\n\t\t\t\t\t<div id=\"elementor-tab-content-5464\" class=\"elementor-tab-content elementor-clearfix\" data-tab=\"4\" role=\"region\" aria-labelledby=\"elementor-tab-title-5464\"><p>Les admissions d&#8217;aide humanitaire et de r\u00e9fugi\u00e9s restent relativement stables, mais n&#8217;augmentent pas. Avec l&#8217;augmentation des d\u00e9placements \u00e0 l&#8217;\u00e9chelle mondiale, la demande accrue peut se traduire par des temps d&#8217;attente plus longs et des pressions pour l&#8217;\u00e9tablissement de priorit\u00e9s.<\/p>\n<\/div>\n\t\t\t\t<\/div>\n\t\t\t\t\t\t\t<div class=\"elementor-accordion-item\">\n\t\t\t\t\t<div id=\"elementor-tab-title-5465\" class=\"elementor-tab-title\" data-tab=\"5\" role=\"button\" aria-controls=\"elementor-tab-content-5465\" aria-expanded=\"false\">\n\t\t\t\t\t\t\t\t\t\t\t\t\t<span class=\"elementor-accordion-icon elementor-accordion-icon-left\" aria-hidden=\"true\">\n\t\t\t\t\t\t\t\t\t\t\t\t\t\t\t<span class=\"elementor-accordion-icon-closed\"><i class=\"fas fa-plus\"><\/i><\/span>\n\t\t\t\t\t\t\t\t<span class=\"elementor-accordion-icon-opened\"><i class=\"fas fa-minus\"><\/i><\/span>\n\t\t\t\t\t\t\t\t\t\t\t\t\t\t<\/span>\n\t\t\t\t\t\t\t\t\t\t\t\t<a class=\"elementor-accordion-title\" tabindex=\"0\">Quelle est la diff\u00e9rence entre la r\u00e9sidence temporaire et la r\u00e9sidence permanente ?<\/a>\n\t\t\t\t\t<\/div>\n\t\t\t\t\t<div id=\"elementor-tab-content-5465\" class=\"elementor-tab-content elementor-clearfix\" data-tab=\"5\" role=\"region\" aria-labelledby=\"elementor-tab-title-5465\"><p style=\"font-weight: 400;\">La r\u00e9sidence temporaire permet aux personnes d&#8217;\u00e9tudier, de travailler ou de visiter le Canada pendant une p\u00e9riode limit\u00e9e, tandis que la r\u00e9sidence permanente offre un statut \u00e0 long terme et une voie d&#8217;acc\u00e8s \u00e0 la citoyennet\u00e9. Traditionnellement, de nombreux r\u00e9sidents temporaires passent au statut de r\u00e9sident permanent, mais cette voie pourrait d\u00e9sormais \u00eatre plus limit\u00e9e.<\/p>\n<p style=\"font-weight: 400;\">\n<\/div>\n\t\t\t\t<\/div>\n\t\t\t\t\t\t\t\t<\/div>\n\t\t\t\t<\/div>\n\t\t\t\t<\/div>\n\t\t\t\t\t<\/div>\n\t\t<\/div>\n\t\t\t\t\t<\/div>\n\t\t<\/section>\n\t\t\t\t<\/div>\n\t\t","protected":false},"excerpt":{"rendered":"<p>Le budget f\u00e9d\u00e9ral 2025 du Canada, publi\u00e9 le 4 novembre 2025, a introduit des changements radicaux dans la strat\u00e9gie d&#8217;immigration du pays. Bien que le gouvernement qualifie ces mesures de &#8220;durables&#8221; et d&#8217;&#8221;\u00e9quilibr\u00e9es&#8221;, la r\u00e9alit\u00e9 est que de nombreux nouveaux arrivants et demandeurs risquent d&#8217;\u00eatre confront\u00e9s \u00e0 des conditions plus difficiles, \u00e0 des d\u00e9lais de [&hellip;]<\/p>\n","protected":false},"author":1,"featured_media":35586,"comment_status":"closed","ping_status":"closed","sticky":false,"template":"","format":"standard","meta":{"content-type":"","om_disable_all_campaigns":false,"inline_featured_image":false,"_monsterinsights_skip_tracking":false,"_monsterinsights_sitenote_active":false,"_monsterinsights_sitenote_note":"","_monsterinsights_sitenote_category":0,"_uf_show_specific_survey":0,"_uf_disable_surveys":false,"footnotes":""},"categories":[69],"tags":[],"class_list":["post-35568","post","type-post","status-publish","format-standard","has-post-thumbnail","hentry","category-non-classifiee"],"_links":{"self":[{"href":"https:\/\/www.titanlaw.ca\/fr\/wp-json\/wp\/v2\/posts\/35568"}],"collection":[{"href":"https:\/\/www.titanlaw.ca\/fr\/wp-json\/wp\/v2\/posts"}],"about":[{"href":"https:\/\/www.titanlaw.ca\/fr\/wp-json\/wp\/v2\/types\/post"}],"author":[{"embeddable":true,"href":"https:\/\/www.titanlaw.ca\/fr\/wp-json\/wp\/v2\/users\/1"}],"replies":[{"embeddable":true,"href":"https:\/\/www.titanlaw.ca\/fr\/wp-json\/wp\/v2\/comments?post=35568"}],"version-history":[{"count":9,"href":"https:\/\/www.titanlaw.ca\/fr\/wp-json\/wp\/v2\/posts\/35568\/revisions"}],"predecessor-version":[{"id":38037,"href":"https:\/\/www.titanlaw.ca\/fr\/wp-json\/wp\/v2\/posts\/35568\/revisions\/38037"}],"wp:featuredmedia":[{"embeddable":true,"href":"https:\/\/www.titanlaw.ca\/fr\/wp-json\/wp\/v2\/media\/35586"}],"wp:attachment":[{"href":"https:\/\/www.titanlaw.ca\/fr\/wp-json\/wp\/v2\/media?parent=35568"}],"wp:term":[{"taxonomy":"category","embeddable":true,"href":"https:\/\/www.titanlaw.ca\/fr\/wp-json\/wp\/v2\/categories?post=35568"},{"taxonomy":"post_tag","embeddable":true,"href":"https:\/\/www.titanlaw.ca\/fr\/wp-json\/wp\/v2\/tags?post=35568"}],"curies":[{"name":"wp","href":"https:\/\/api.w.org\/{rel}","templated":true}]}}