{"id":38356,"date":"2026-04-01T13:46:36","date_gmt":"2026-04-01T20:46:36","guid":{"rendered":"https:\/\/www.titanlaw.ca\/avez-vous-encore-le-droit-de-travailler-au-canada-apres-ladoption-du-projet-de-loi-c-12\/"},"modified":"2026-04-01T16:47:50","modified_gmt":"2026-04-01T23:47:50","slug":"avez-vous-encore-le-droit-de-travailler-au-canada-apres-ladoption-du-projet-de-loi-c-12","status":"publish","type":"post","link":"https:\/\/www.titanlaw.ca\/fr\/avez-vous-encore-le-droit-de-travailler-au-canada-apres-ladoption-du-projet-de-loi-c-12\/","title":{"rendered":"Avez-vous encore le droit de travailler au Canada apr\u00e8s l&#8217;adoption du projet de loi C-12 ?"},"content":{"rendered":"\t\t<div data-elementor-type=\"wp-post\" data-elementor-id=\"38356\" class=\"elementor elementor-38356 elementor-38346\" data-elementor-post-type=\"post\">\n\t\t\t\t<div data-particle_enable=\"false\" data-particle-mobile-disabled=\"false\" class=\"elementor-element elementor-element-d2e0880 e-flex e-con-boxed e-con e-parent\" data-id=\"d2e0880\" data-element_type=\"container\">\n\t\t\t\t\t<div class=\"e-con-inner\">\n\t\t\t\t<div class=\"elementor-element elementor-element-3542ccb elementor-widget elementor-widget-text-editor\" data-id=\"3542ccb\" data-element_type=\"widget\" data-widget_type=\"text-editor.default\">\n\t\t\t\t<div class=\"elementor-widget-container\">\n\t\t\t<style>\/*! elementor - v3.23.0 - 05-08-2024 *\/\n.elementor-widget-text-editor.elementor-drop-cap-view-stacked .elementor-drop-cap{background-color:#69727d;color:#fff}.elementor-widget-text-editor.elementor-drop-cap-view-framed .elementor-drop-cap{color:#69727d;border:3px solid;background-color:transparent}.elementor-widget-text-editor:not(.elementor-drop-cap-view-default) .elementor-drop-cap{margin-top:8px}.elementor-widget-text-editor:not(.elementor-drop-cap-view-default) .elementor-drop-cap-letter{width:1em;height:1em}.elementor-widget-text-editor .elementor-drop-cap{float:left;text-align:center;line-height:1;font-size:50px}.elementor-widget-text-editor .elementor-drop-cap-letter{display:inline-block}<\/style>\t\t\t\t<p data-start=\"85\" data-end=\"243\"><span style=\"color: #000000;\">Le paysage de l&#8217;immigration au Canada \u00e9volue rapidement et, pour de nombreux demandeurs d&#8217;asile, ces changements pourraient signifier la <strong data-start=\"190\" data-end=\"242\">perte d&#8217;acc\u00e8s \u00e0 la protection, au travail et \u00e0 la stabilit\u00e9.<\/strong><\/span><\/p>\n<p data-start=\"245\" data-end=\"474\"><span style=\"color: #000000;\">Avec l&#8217;introduction du <strong data-start=\"270\" data-end=\"343\">projet de loi C-12 (Loi renfor\u00e7ant le syst\u00e8me d&#8217;immigration et les fronti\u00e8res du Canada)<\/strong> et d&#8217;une <strong data-start=\"350\" data-end=\"402\">nouvelle politique publique temporaire sur les permis de travail ouverts<\/strong>, des milliers de personnes peuvent d\u00e9sormais se retrouver dans une zone grise juridique.<\/span><\/p>\n<p data-start=\"476\" data-end=\"590\"><span style=\"color: #000000;\">Si vous avez d\u00e9j\u00e0 d\u00e9pos\u00e9 une demande d&#8217;asile ou si vous envisagez de le faire, cette mise \u00e0 jour pourrait avoir une incidence directe sur votre avenir au Canada.<\/span><\/p>\n<h2 data-section-id=\"1bbkk2n\" data-start=\"597\" data-end=\"628\"><span style=\"color: #000000;\">Qu&#8217;est-ce qui a chang\u00e9 avec le projet de loi C-12 ?<\/span><\/h2>\n<p data-start=\"630\" data-end=\"857\"><span style=\"color: #000000;\">Comme l&#8217;explique Titan Law dans son analyse d\u00e9taill\u00e9e de la nouvelle l\u00e9gislation, le projet de loi C-12 introduit <strong data-start=\"722\" data-end=\"759\">deux nouvelles r\u00e8gles d&#8217;irrecevabilit\u00e9 importantes<\/strong> qui peuvent emp\u00eacher que les demandes de statut de r\u00e9fugi\u00e9 soient renvoy\u00e9es \u00e0 la <span class=\"hover:entity-accent entity-underline inline cursor-pointer align-baseline\"><span class=\"whitespace-normal\">Commission de l&#8217;immigration et du statut de r\u00e9fugi\u00e9 du Canada<\/span><\/span>:<\/span><\/p>\n<h4 data-section-id=\"1vn6a5l\" data-start=\"859\" data-end=\"885\"><span style=\"color: #000000;\">1. La &#8220;r\u00e8gle d&#8217;un an&#8221;<\/span><\/h4>\n<p data-start=\"886\" data-end=\"1025\"><span style=\"color: #000000;\">Si vous \u00eates entr\u00e9 au Canada apr\u00e8s le 24 juin 2020 et que vous avez <strong data-start=\"933\" data-end=\"962\">attendu plus d&#8217;un an<\/strong> pour pr\u00e9senter une demande d&#8217;asile, votre demande pourrait maintenant \u00eatre <strong data-start=\"1010\" data-end=\"1024\">irrecevable<\/strong>.<\/span><\/p>\n<h4 data-section-id=\"1qf3nq0\" data-start=\"1027\" data-end=\"1051\"><span style=\"color: #000000;\">2. La &#8220;r\u00e8gle des 14 jours&#8221;<\/span><\/h4>\n<p data-start=\"1052\" data-end=\"1207\"><span style=\"color: #000000;\">Si vous \u00eates entr\u00e9 <strong data-start=\"1074\" data-end=\"1103\">irr\u00e9guli\u00e8rement<\/strong> au Canada <strong data-start=\"1074\" data-end=\"1103\">depuis les \u00c9tats-Unis<\/strong> et que vous avez attendu <strong data-start=\"1115\" data-end=\"1134\">14 jours ou plus<\/strong> avant de d\u00e9poser une demande, votre dossier peut \u00e9galement \u00eatre <strong data-start=\"1180\" data-end=\"1206\">rejet\u00e9.<\/strong><\/span><\/p>\n<p data-start=\"1209\" data-end=\"1279\"><span style=\"color: #000000;\">\ud83d\udc49 Ces r\u00e8gles s&#8217;appliquent de mani\u00e8re g\u00e9n\u00e9rale aux travailleurs, aux \u00e9tudiants et aux visiteurs.<\/span><\/p>\n\t\t\t\t\t\t<\/div>\n\t\t\t\t<\/div>\n\t\t\t\t\t<\/div>\n\t\t\t\t<\/div>\n\t\t<div data-particle_enable=\"false\" data-particle-mobile-disabled=\"false\" class=\"elementor-element elementor-element-159fe32 e-flex e-con-boxed e-con e-parent\" data-id=\"159fe32\" data-element_type=\"container\">\n\t\t\t\t\t<div class=\"e-con-inner\">\n\t\t<div data-particle_enable=\"false\" data-particle-mobile-disabled=\"false\" class=\"elementor-element elementor-element-3609685 e-con-full e-flex e-con e-child\" data-id=\"3609685\" data-element_type=\"container\">\n\t\t\t\t<div class=\"elementor-element elementor-element-5841556 elementor-widget elementor-widget-image\" data-id=\"5841556\" data-element_type=\"widget\" data-widget_type=\"image.default\">\n\t\t\t\t<div class=\"elementor-widget-container\">\n\t\t\t<style>\/*! elementor - v3.23.0 - 05-08-2024 *\/\n.elementor-widget-image{text-align:center}.elementor-widget-image a{display:inline-block}.elementor-widget-image a img[src$=\".svg\"]{width:48px}.elementor-widget-image img{vertical-align:middle;display:inline-block}<\/style>\t\t\t\t\t\t\t\t\t\t<img fetchpriority=\"high\" decoding=\"async\" width=\"800\" height=\"491\" src=\"https:\/\/www.titanlaw.ca\/wp-content\/uploads\/2026\/03\/hero1-1024x629.jpg\" class=\"attachment-large size-large wp-image-37089\" alt=\"\" srcset=\"https:\/\/www.titanlaw.ca\/wp-content\/uploads\/2026\/03\/hero1-1024x629.jpg 1024w, https:\/\/www.titanlaw.ca\/wp-content\/uploads\/2026\/03\/hero1-300x184.jpg 300w, https:\/\/www.titanlaw.ca\/wp-content\/uploads\/2026\/03\/hero1-768x472.jpg 768w, https:\/\/www.titanlaw.ca\/wp-content\/uploads\/2026\/03\/hero1-1536x944.jpg 1536w, https:\/\/www.titanlaw.ca\/wp-content\/uploads\/2026\/03\/hero1-2048x1259.jpg 2048w\" sizes=\"(max-width: 800px) 100vw, 800px\" \/>\t\t\t\t\t\t\t\t\t\t\t\t\t<\/div>\n\t\t\t\t<\/div>\n\t\t\t\t<\/div>\n\t\t<div data-particle_enable=\"false\" data-particle-mobile-disabled=\"false\" class=\"elementor-element elementor-element-87ed751 e-con-full e-flex e-con e-child\" data-id=\"87ed751\" data-element_type=\"container\">\n\t\t\t\t<div class=\"elementor-element elementor-element-425722d elementor-widget elementor-widget-text-editor\" data-id=\"425722d\" data-element_type=\"widget\" data-widget_type=\"text-editor.default\">\n\t\t\t\t<div class=\"elementor-widget-container\">\n\t\t\t\t\t\t\t<h2 data-section-id=\"y8a2zy\" data-start=\"1286\" data-end=\"1329\"><span style=\"color: #000000;\">Que se passe-t-il si votre demande n&#8217;est pas \u00e9ligible ?<\/span><\/h2>\n<p data-start=\"1331\" data-end=\"1366\"><span style=\"color: #000000;\">Si votre demande est jug\u00e9e irrecevable :<\/span><\/p>\n<ul data-start=\"1368\" data-end=\"1580\">\n<li data-section-id=\"pi0mrk\" data-start=\"1368\" data-end=\"1440\"><span style=\"color: #000000;\">La demande <strong data-start=\"1378\" data-end=\"1438\">ne sera PAS transmise \u00e0 la Section de la protection des r\u00e9fugi\u00e9s (SPR)<\/strong>.<\/span><\/li>\n<li data-section-id=\"ccc1wp\" data-start=\"1441\" data-end=\"1515\"><span style=\"color: #000000;\">Vous pouvez encore b\u00e9n\u00e9ficier d&#8217;un <strong data-start=\"1475\" data-end=\"1513\">examen des risques avant renvoi (ERAR).<\/strong><\/span><\/li>\n<li data-section-id=\"zmffey\" data-start=\"1516\" data-end=\"1580\"><span style=\"color: #000000;\">MAIS vous risquez d&#8217;\u00eatre confront\u00e9 \u00e0 des <strong data-start=\"1535\" data-end=\"1580\">retards avant m\u00eame de pouvoir d\u00e9poser votre demande d&#8217;ERAR<\/strong>.<\/span><\/li>\n<\/ul>\n<p data-start=\"1582\" data-end=\"1690\"><span style=\"color: #000000;\">Cela cr\u00e9e un s\u00e9rieux probl\u00e8me :<\/span><br data-start=\"1613\" data-end=\"1616\"><span style=\"color: #000000;\">\ud83d\udc49 <strong data-start=\"1619\" data-end=\"1690\">Pas d&#8217;orientation + ERAR retard\u00e9 = acc\u00e8s retard\u00e9 ou perdu aux permis de travail<\/strong><\/span><\/p>\n<hr data-start=\"1692\" data-end=\"1695\">\n\t\t\t\t\t\t<\/div>\n\t\t\t\t<\/div>\n\t\t\t\t<\/div>\n\t\t\t\t\t<\/div>\n\t\t\t\t<\/div>\n\t\t<div data-particle_enable=\"false\" data-particle-mobile-disabled=\"false\" class=\"elementor-element elementor-element-bc54bc7 e-flex e-con-boxed e-con e-parent\" data-id=\"bc54bc7\" data-element_type=\"container\">\n\t\t\t\t\t<div class=\"e-con-inner\">\n\t\t\t\t<div class=\"elementor-element elementor-element-b8e4159 elementor-widget elementor-widget-text-editor\" data-id=\"b8e4159\" data-element_type=\"widget\" data-widget_type=\"text-editor.default\">\n\t\t\t\t<div class=\"elementor-widget-container\">\n\t\t\t\t\t\t\t<h2 data-section-id=\"1vzxp5e\" data-start=\"1697\" data-end=\"1742\"><span style=\"color: #000000;\">Perte de l&#8217;autorisation de travail<\/span><\/h2>\n<p data-start=\"1744\" data-end=\"1770\"><span style=\"color: #000000;\">Avant ce changement de politique :<\/span><\/p>\n<ul data-start=\"1772\" data-end=\"1971\">\n<li data-section-id=\"1ar30cm\" data-start=\"1772\" data-end=\"1854\"><span style=\"color: #000000;\">Si votre demande d&#8217;asile devient irrecevable, votre <strong data-start=\"1820\" data-end=\"1854\">permis de travail pourrait \u00eatre annul\u00e9<\/strong>.<\/span><\/li>\n<li data-section-id=\"1li1bfm\" data-start=\"1855\" data-end=\"1916\"><span style=\"color: #000000;\">Vous devrez attendre le stade de l&#8217;ERAR pour <strong data-start=\"1905\" data-end=\"1916\">pr\u00e9senter une nouvelle demande<\/strong>.<\/span><\/li>\n<li data-section-id=\"5meifn\" data-start=\"1917\" data-end=\"1971\"><span style=\"color: #000000;\">Cette situation a souvent entra\u00een\u00e9 l&#8217;<strong data-start=\"1942\" data-end=\"1971\">incapacit\u00e9 de travailler pendant des mois<\/strong><\/span><\/li>\n<\/ul>\n<p data-start=\"1973\" data-end=\"1994\"><span style=\"color: #000000;\">Pour beaucoup, cela signifiait :<\/span><\/p>\n<ul data-start=\"1995\" data-end=\"2087\">\n<li data-section-id=\"f5ttib\" data-start=\"1995\" data-end=\"2020\"><span style=\"color: #000000;\">Instabilit\u00e9 financi\u00e8re<\/span><\/li>\n<li data-section-id=\"bmlbwn\" data-start=\"2021\" data-end=\"2062\"><span style=\"color: #000000;\">D\u00e9pendance accrue \u00e0 l&#8217;\u00e9gard des services sociaux<\/span><\/li>\n<li data-section-id=\"7796h8\" data-start=\"2063\" data-end=\"2087\"><span style=\"color: #000000;\">Risque d&#8217;exploitation<\/span><\/li>\n<\/ul>\n<h2><span style=\"color: #000000;\">La nouvelle politique publique temporaire<\/span><\/h2>\n<p data-start=\"2141\" data-end=\"2270\"><span style=\"color: #000000;\">Pour combler cette lacune, le gouvernement du Canada a introduit une <strong data-start=\"2200\" data-end=\"2227\">politique publique temporaire<\/strong> qui modifie la mani\u00e8re dont les permis de travail sont trait\u00e9s.<\/span><\/p>\n<h4 data-section-id=\"1bk0lf5\" data-start=\"2272\" data-end=\"2298\"><span style=\"color: #000000;\">Ce que fait cette politique :<\/span><\/h4>\n<h5 data-section-id=\"2ltgjk\" data-start=\"2300\" data-end=\"2335\"><span style=\"color: #000000;\">1. Acc\u00e8s rapide aux permis de travail<\/span><\/h5>\n<p data-start=\"2336\" data-end=\"2385\"><span style=\"color: #000000;\">Si votre demande d&#8217;asile est irrecevable, vous pouvez maintenant :<\/span><\/p>\n<ul data-start=\"2386\" data-end=\"2516\">\n<li data-section-id=\"3tlvoz\" data-start=\"2386\" data-end=\"2460\"><span style=\"color: #000000;\"><strong data-start=\"2388\" data-end=\"2460\">Demandez un permis de travail imm\u00e9diatement apr\u00e8s la d\u00e9cision d&#8217;in\u00e9ligibilit\u00e9.<\/strong><\/span><\/li>\n<li data-section-id=\"1lvbxi1\" data-start=\"2461\" data-end=\"2516\"><span style=\"color: #000000;\"><strong data-start=\"2463\" data-end=\"2516\">Pas besoin d&#8217;attendre la notification d&#8217;\u00e9ligibilit\u00e9 \u00e0 l&#8217;ERAR<\/strong><\/span><\/li>\n<\/ul>\n<h5 data-section-id=\"v8fnsk\" data-start=\"2518\" data-end=\"2561\"><span style=\"color: #000000;\">2. Protection des permis de travail existants<\/span><\/h5>\n<p data-start=\"2562\" data-end=\"2596\"><span style=\"color: #000000;\">Si vous avez d\u00e9j\u00e0 un permis de travail :<\/span><\/p>\n<ul data-start=\"2597\" data-end=\"2685\">\n<li data-section-id=\"1s4spmm\" data-start=\"2597\" data-end=\"2685\"><span style=\"color: #000000;\">Elle <strong data-start=\"2602\" data-end=\"2641\">ne sera PAS automatiquement annul\u00e9e<\/strong> lorsque votre d\u00e9cision d&#8217;\u00e9loignement deviendra ex\u00e9cutoire <strong data-start=\"2602\" data-end=\"2641\">.<\/strong> <\/span><\/li>\n<\/ul>\n<h2 data-section-id=\"1u0nljk\" data-start=\"2692\" data-end=\"2708\"><span style=\"color: #000000;\">Qui est admissible ?<\/span><\/h2>\n<p data-start=\"2710\" data-end=\"2746\"><span style=\"color: #000000;\">Vous pouvez b\u00e9n\u00e9ficier de cette police si<\/span><\/p>\n<ul data-start=\"2748\" data-end=\"2954\">\n<li data-section-id=\"77fpr1\" data-start=\"2748\" data-end=\"2838\"><span style=\"color: #000000;\">Vous avez pr\u00e9sent\u00e9 une demande d&#8217;asile qui a \u00e9t\u00e9 jug\u00e9e <strong data-start=\"2790\" data-end=\"2825\">irrecevable en vertu de l&#8217;article 101, paragraphe 1,<\/strong> de la loi.<\/span><\/li>\n<li data-section-id=\"9befrh\" data-start=\"2839\" data-end=\"2899\"><span style=\"color: #000000;\">Vous <strong data-start=\"2849\" data-end=\"2897\">n&#8217;<\/strong>\u00eates <strong data-start=\"2849\" data-end=\"2897\">pas exclu de l&#8217;ERAR en vertu de l&#8217;article 112, paragraphe 2, point a).<\/strong><\/span><\/li>\n<li data-section-id=\"139ohzg\" data-start=\"2900\" data-end=\"2954\"><span style=\"color: #000000;\">Vous avez demand\u00e9 ou poss\u00e9dez d\u00e9j\u00e0 un permis de travail.<\/span><\/li>\n<\/ul>\n<h2 data-section-id=\"15zw2zw\" data-start=\"2961\" data-end=\"2994\"><span style=\"color: #000000;\">Pourquoi cette question est plus importante que jamais<\/span><\/h2>\n<p data-start=\"2996\" data-end=\"3079\"><span style=\"color: #000000;\">Cette politique est une <strong data-start=\"3013\" data-end=\"3035\">solution temporaire<\/strong> \u00e0 un changement beaucoup plus important caus\u00e9 par le projet de loi C-12.<\/span><\/p>\n<p data-start=\"3081\" data-end=\"3137\"><span style=\"color: #000000;\">S&#8217;il contribue \u00e0 maintenir l&#8217;acc\u00e8s au travail, il <strong data-start=\"3129\" data-end=\"3136\">ne<\/strong> le fait <strong data-start=\"3129\" data-end=\"3136\">PAS :<\/strong><\/span><\/p>\n<ul data-start=\"3139\" data-end=\"3265\">\n<li data-section-id=\"8qr3o5\" data-start=\"3139\" data-end=\"3181\"><span style=\"color: #000000;\">R\u00e9tablir la recevabilit\u00e9 de votre demande d&#8217;asile<\/span><\/li>\n<li data-section-id=\"rm7dgr\" data-start=\"3182\" data-end=\"3216\"><span style=\"color: #000000;\">Garantir une protection permanente<\/span><\/li>\n<li data-section-id=\"i5xh3a\" data-start=\"3217\" data-end=\"3265\"><span style=\"color: #000000;\">Remplacer la n\u00e9cessit\u00e9 d&#8217;une strat\u00e9gie juridique forte<\/span><\/li>\n<\/ul>\n<p data-start=\"3267\" data-end=\"3328\"><span style=\"color: #000000;\">En fait, de nombreuses personnes touch\u00e9es par ces changements sont aujourd&#8217;hui confront\u00e9es \u00e0 des difficult\u00e9s :<\/span><\/p>\n<ul data-start=\"3329\" data-end=\"3403\">\n<li data-section-id=\"8bnici\" data-start=\"3329\" data-end=\"3348\"><span style=\"color: #000000;\">Des d\u00e9m\u00e9nagements plus rapides<\/span><\/li>\n<li data-section-id=\"510bd1\" data-start=\"3349\" data-end=\"3375\"><span style=\"color: #000000;\">Des possibilit\u00e9s d&#8217;appel limit\u00e9es<\/span><\/li>\n<li data-section-id=\"1e40yh3\" data-start=\"3376\" data-end=\"3403\"><span style=\"color: #000000;\">Proc\u00e9dures complexes d&#8217;ERAR<\/span><\/li>\n<\/ul>\n<h2 data-section-id=\"1p40d0t\" data-start=\"3410\" data-end=\"3462\"><span style=\"color: #000000;\">Si vous envisagez de demander l&#8217;asile<\/span><\/h2>\n<p data-start=\"3464\" data-end=\"3497\"><span style=\"color: #000000;\">Vous devez \u00eatre extr\u00eamement prudent.<\/span><\/p>\n<p data-start=\"3499\" data-end=\"3519\"><span style=\"color: #000000;\">Selon les nouvelles r\u00e8gles :<\/span><\/p>\n<ul data-start=\"3521\" data-end=\"3661\">\n<li data-section-id=\"1jr6tl\" data-start=\"3521\" data-end=\"3547\"><span style=\"color: #000000;\"><strong data-start=\"3523\" data-end=\"3545\">Le choix du moment est essentiel<\/strong><\/span><\/li>\n<li data-section-id=\"fhj6cu\" data-start=\"3548\" data-end=\"3594\"><span style=\"color: #000000;\">Les retards peuvent vous rendre d\u00e9finitivement in\u00e9ligible<\/span><\/li>\n<li data-section-id=\"nvbidc\" data-start=\"3595\" data-end=\"3661\"><span style=\"color: #000000;\">La m\u00e9thode d&#8217;entr\u00e9e (r\u00e9guli\u00e8re ou irr\u00e9guli\u00e8re) est plus importante que jamais<\/span><\/li>\n<\/ul>\n<p data-start=\"3663\" data-end=\"3751\"><span style=\"color: #000000;\">Une erreur \u00e0 ce stade peut signifier :<\/span><br \/><span style=\"color: #000000;\">\ud83d\udc49 Perdre totalement votre chance d&#8217;obtenir l&#8217;asile.<\/span><\/p>\n<h2 data-section-id=\"1dxi46h\" data-start=\"3758\" data-end=\"3782\"><span style=\"color: #000000;\">Si vous avez d\u00e9j\u00e0 postul\u00e9<\/span><\/h2>\n<p data-start=\"3784\" data-end=\"3825\"><span style=\"color: #000000;\">M\u00eame si vous avez d\u00e9j\u00e0 d\u00e9pos\u00e9 une demande d&#8217;indemnisation :<\/span><\/p>\n<ul data-start=\"3827\" data-end=\"4030\">\n<li data-section-id=\"2xiu9m\" data-start=\"3827\" data-end=\"3886\"><span style=\"color: #000000;\">Votre \u00e9ligibilit\u00e9 peut encore \u00eatre affect\u00e9e par la nouvelle loi<\/span><\/li>\n<li data-section-id=\"1ly994d\" data-start=\"3887\" data-end=\"3950\"><span style=\"color: #000000;\">Votre autorisation de travail peut d\u00e9pendre de la nouvelle politique publique<\/span><\/li>\n<li data-section-id=\"av409c\" data-start=\"3951\" data-end=\"4030\"><span style=\"color: #000000;\">Vos prochaines \u00e9tapes (ERAR, permis de travail, options juridiques) doivent \u00eatre soigneusement planifi\u00e9es.<\/span><\/li>\n<\/ul>\n\t\t\t\t\t\t<\/div>\n\t\t\t\t<\/div>\n\t\t\t\t\t<\/div>\n\t\t\t\t<\/div>\n\t\t<div data-particle_enable=\"false\" data-particle-mobile-disabled=\"false\" class=\"elementor-element elementor-element-c6ff311 e-flex e-con-boxed e-con e-parent\" data-id=\"c6ff311\" data-element_type=\"container\">\n\t\t\t\t\t<div class=\"e-con-inner\">\n\t\t\t\t<div class=\"elementor-element elementor-element-cd657d3 elementor-widget elementor-widget-text-editor\" data-id=\"cd657d3\" data-element_type=\"widget\" data-widget_type=\"text-editor.default\">\n\t\t\t\t<div class=\"elementor-widget-container\">\n\t\t\t\t\t\t\t<h2 data-section-id=\"1hhc9cs\" data-start=\"4661\" data-end=\"4678\"><span style=\"color: #000000;\">Dernier point \u00e0 retenir<\/span><\/h2>\n<p data-start=\"4680\" data-end=\"4786\"><span style=\"color: #000000;\">Le projet de loi C-12 a chang\u00e9 les r\u00e8gles, mais la nouvelle politique publique temporaire n&#8217;offre qu&#8217;une faible marge de man\u0153uvre.<\/span><\/p>\n<p data-start=\"4788\" data-end=\"4807\"><span style=\"color: #000000;\">La cl\u00e9 est de savoir :<\/span><\/p>\n<ul data-start=\"4808\" data-end=\"4878\">\n<li data-section-id=\"zxis96\" data-start=\"4808\" data-end=\"4829\"><span style=\"color: #000000;\"><strong data-start=\"4810\" data-end=\"4829\">O\u00f9 vous vous situez<\/strong><\/span><\/li>\n<li data-section-id=\"rl98v9\" data-start=\"4830\" data-end=\"4856\"><span style=\"color: #000000;\"><strong data-start=\"4832\" data-end=\"4856\">Ce \u00e0 quoi vous avez droit<\/strong><\/span><\/li>\n<li data-section-id=\"tldw45\" data-start=\"4857\" data-end=\"4878\"><span style=\"color: #000000;\"><strong data-start=\"4859\" data-end=\"4878\">Que faire ensuite ?<\/strong><\/span><\/li>\n<\/ul>\n<p data-start=\"4880\" data-end=\"4929\"><span style=\"color: #000000;\">Si vous n&#8217;\u00eates pas s\u00fbr, c&#8217;est le moment d&#8217;obtenir des r\u00e9ponses.<\/span><\/p>\n<p data-start=\"4931\" data-end=\"4974\" data-is-last-node=\"\" data-is-only-node=\"\"><span style=\"color: #000000;\"><strong data-start=\"4931\" data-end=\"4974\" data-is-last-node=\"\">Votre avenir au Canada peut en d\u00e9pendre.<\/strong><\/span><\/p>\n<h2 data-section-id=\"2vkslm\" data-start=\"4233\" data-end=\"4263\"><span style=\"color: #000000;\">Contactez Titan Law d\u00e8s aujourd&#8217;hui<\/span><\/h2>\n<p data-start=\"4265\" data-end=\"4335\"><span style=\"color: #000000;\">Au <span class=\"hover:entity-accent entity-underline inline cursor-pointer align-baseline\"><span class=\"whitespace-normal\">Titan Law<\/span><\/span>notre \u00e9quipe d&#8217;immigration peut :<\/span><\/p>\n<ul data-start=\"4337\" data-end=\"4555\">\n<li data-section-id=\"iquewu\" data-start=\"4337\" data-end=\"4383\"><span style=\"color: #000000;\">D\u00e9terminer si le projet de loi C-12 a une incidence sur votre cas<\/span><\/li>\n<li data-section-id=\"1meyxx4\" data-start=\"4384\" data-end=\"4453\"><span style=\"color: #000000;\">D\u00e9terminer votre \u00e9ligibilit\u00e9 \u00e0 un permis de travail dans le cadre de la nouvelle politique<\/span><\/li>\n<li data-section-id=\"175p1dp\" data-start=\"4454\" data-end=\"4499\"><span style=\"color: #000000;\">Vous aider \u00e0 introduire correctement votre demande et \u00e0 \u00e9viter les retards<\/span><\/li>\n<li data-section-id=\"1c9xmx\" data-start=\"4500\" data-end=\"4555\"><span style=\"color: #000000;\">\u00c9laborer une strat\u00e9gie pour prot\u00e9ger votre statut au Canada<\/span><\/li>\n<\/ul>\n<p data-start=\"4557\" data-end=\"4654\"><span style=\"color: #000000;\">\ud83d\udc49 <strong data-start=\"4560\" data-end=\"4589\">R\u00e9servez un examen de cas GRATUIT d\u00e8s aujourd&#8217;hui<\/strong> pour comprendre vos options et prendre des mesures avant qu&#8217;il ne soit trop tard.<\/span><\/p>\n\t\t\t\t\t\t<\/div>\n\t\t\t\t<\/div>\n\t\t\t\t\t<\/div>\n\t\t\t\t<\/div>\n\t\t<div data-particle_enable=\"false\" data-particle-mobile-disabled=\"false\" class=\"elementor-element elementor-element-4794701 e-flex e-con-boxed e-con e-parent\" data-id=\"4794701\" data-element_type=\"container\">\n\t\t\t\t\t<div class=\"e-con-inner\">\n\t\t\t\t<div class=\"elementor-element elementor-element-fabf033 elementor-align-center elementor-widget elementor-widget-button\" data-id=\"fabf033\" data-element_type=\"widget\" data-widget_type=\"button.default\">\n\t\t\t\t<div class=\"elementor-widget-container\">\n\t\t\t\t\t<div class=\"elementor-button-wrapper\">\n\t\t\t<a class=\"elementor-button elementor-button-link elementor-size-sm\" href=\"https:\/\/www.titanlaw.ca\/form\/immmigration\/index.php\">\n\t\t\t\t\t\t<span class=\"elementor-button-content-wrapper\">\n\t\t\t\t\t\t\t\t\t<span class=\"elementor-button-text\">R\u00e9servez un examen de cas GRATUIT<\/span>\n\t\t\t\t\t<\/span>\n\t\t\t\t\t<\/a>\n\t\t<\/div>\n\t\t\t\t<\/div>\n\t\t\t\t<\/div>\n\t\t\t\t\t<\/div>\n\t\t\t\t<\/div>\n\t\t\t\t<section data-particle_enable=\"false\" data-particle-mobile-disabled=\"false\" class=\"elementor-section elementor-top-section elementor-element elementor-element-c2e63ac elementor-section-boxed elementor-section-height-default elementor-section-height-default\" data-id=\"c2e63ac\" data-element_type=\"section\">\n\t\t\t\t\t\t<div class=\"elementor-container elementor-column-gap-default\">\n\t\t\t\t\t<div class=\"elementor-column elementor-col-100 elementor-top-column elementor-element elementor-element-a961d80\" data-id=\"a961d80\" data-element_type=\"column\">\n\t\t\t<div class=\"elementor-widget-wrap elementor-element-populated\">\n\t\t\t\t\t\t<div class=\"elementor-element elementor-element-3423ade elementor-widget elementor-widget-accordion\" data-id=\"3423ade\" data-element_type=\"widget\" data-widget_type=\"accordion.default\">\n\t\t\t\t<div class=\"elementor-widget-container\">\n\t\t\t<style>\/*! elementor - v3.23.0 - 05-08-2024 *\/\n.elementor-accordion{text-align:start}.elementor-accordion .elementor-accordion-item{border:1px solid #d5d8dc}.elementor-accordion .elementor-accordion-item+.elementor-accordion-item{border-top:none}.elementor-accordion .elementor-tab-title{margin:0;padding:15px 20px;font-weight:700;line-height:1;cursor:pointer;outline:none}.elementor-accordion .elementor-tab-title .elementor-accordion-icon{display:inline-block;width:1.5em}.elementor-accordion .elementor-tab-title .elementor-accordion-icon svg{width:1em;height:1em}.elementor-accordion .elementor-tab-title .elementor-accordion-icon.elementor-accordion-icon-right{float:right;text-align:right}.elementor-accordion .elementor-tab-title .elementor-accordion-icon.elementor-accordion-icon-left{float:left;text-align:left}.elementor-accordion .elementor-tab-title .elementor-accordion-icon .elementor-accordion-icon-closed{display:block}.elementor-accordion .elementor-tab-title .elementor-accordion-icon .elementor-accordion-icon-opened,.elementor-accordion .elementor-tab-title.elementor-active .elementor-accordion-icon-closed{display:none}.elementor-accordion .elementor-tab-title.elementor-active .elementor-accordion-icon-opened{display:block}.elementor-accordion .elementor-tab-content{display:none;padding:15px 20px;border-top:1px solid #d5d8dc}@media (max-width:767px){.elementor-accordion .elementor-tab-title{padding:12px 15px}.elementor-accordion .elementor-tab-title .elementor-accordion-icon{width:1.2em}.elementor-accordion .elementor-tab-content{padding:7px 15px}}.e-con-inner>.elementor-widget-accordion,.e-con>.elementor-widget-accordion{width:var(--container-widget-width);--flex-grow:var(--container-widget-flex-grow)}<\/style>\t\t<div class=\"elementor-accordion\">\n\t\t\t\t\t\t\t<div class=\"elementor-accordion-item\">\n\t\t\t\t\t<div id=\"elementor-tab-title-5461\" class=\"elementor-tab-title\" data-tab=\"1\" role=\"button\" aria-controls=\"elementor-tab-content-5461\" aria-expanded=\"false\">\n\t\t\t\t\t\t\t\t\t\t\t\t\t<span class=\"elementor-accordion-icon elementor-accordion-icon-left\" aria-hidden=\"true\">\n\t\t\t\t\t\t\t\t\t\t\t\t\t\t\t<span class=\"elementor-accordion-icon-closed\"><i class=\"fas fa-plus\"><\/i><\/span>\n\t\t\t\t\t\t\t\t<span class=\"elementor-accordion-icon-opened\"><i class=\"fas fa-minus\"><\/i><\/span>\n\t\t\t\t\t\t\t\t\t\t\t\t\t\t<\/span>\n\t\t\t\t\t\t\t\t\t\t\t\t<a class=\"elementor-accordion-title\" tabindex=\"0\">Qu'est-ce que le projet de loi C-12 et pourquoi est-il important ?<\/a>\n\t\t\t\t\t<\/div>\n\t\t\t\t\t<div id=\"elementor-tab-content-5461\" class=\"elementor-tab-content elementor-clearfix\" data-tab=\"1\" role=\"region\" aria-labelledby=\"elementor-tab-title-5461\"><p>Le projet de loi C-12 est une nouvelle loi canadienne qui modifie la fa\u00e7on dont les demandes d&#8217;asile sont \u00e9valu\u00e9es. Il introduit des r\u00e8gles de recevabilit\u00e9 plus strictes qui peuvent emp\u00eacher certaines demandes d&#8217;\u00eatre examin\u00e9es par la Commission du statut de r\u00e9fugi\u00e9. <\/p>\n<\/div>\n\t\t\t\t<\/div>\n\t\t\t\t\t\t\t<div class=\"elementor-accordion-item\">\n\t\t\t\t\t<div id=\"elementor-tab-title-5462\" class=\"elementor-tab-title\" data-tab=\"2\" role=\"button\" aria-controls=\"elementor-tab-content-5462\" aria-expanded=\"false\">\n\t\t\t\t\t\t\t\t\t\t\t\t\t<span class=\"elementor-accordion-icon elementor-accordion-icon-left\" aria-hidden=\"true\">\n\t\t\t\t\t\t\t\t\t\t\t\t\t\t\t<span class=\"elementor-accordion-icon-closed\"><i class=\"fas fa-plus\"><\/i><\/span>\n\t\t\t\t\t\t\t\t<span class=\"elementor-accordion-icon-opened\"><i class=\"fas fa-minus\"><\/i><\/span>\n\t\t\t\t\t\t\t\t\t\t\t\t\t\t<\/span>\n\t\t\t\t\t\t\t\t\t\t\t\t<a class=\"elementor-accordion-title\" tabindex=\"0\">Qui est concern\u00e9 par les nouvelles r\u00e8gles relatives aux r\u00e9fugi\u00e9s ?<\/a>\n\t\t\t\t\t<\/div>\n\t\t\t\t\t<div id=\"elementor-tab-content-5462\" class=\"elementor-tab-content elementor-clearfix\" data-tab=\"2\" role=\"region\" aria-labelledby=\"elementor-tab-title-5462\"><p data-start=\"410\" data-end=\"433\">Vous pouvez \u00eatre concern\u00e9 si<\/p>\n<ul data-start=\"434\" data-end=\"641\">\n<li data-section-id=\"1b4yu32\" data-start=\"434\" data-end=\"499\">Vous avez demand\u00e9 l&#8217;asile <strong data-start=\"471\" data-end=\"493\">apr\u00e8s le 3 juin 2025<\/strong>, ou<\/li>\n<li data-section-id=\"t83xiw\" data-start=\"500\" data-end=\"574\">Vous avez s\u00e9journ\u00e9 au Canada <strong data-start=\"526\" data-end=\"552\">pendant plus d&#8217;un an<\/strong> avant de pr\u00e9senter votre demande, ou<\/li>\n<li data-section-id=\"7xb5fj\" data-start=\"575\" data-end=\"641\">Vous \u00eates entr\u00e9 entre deux points d&#8217;entr\u00e9e et avez d\u00e9pos\u00e9 votre demande <strong data-start=\"624\" data-end=\"641\">apr\u00e8s 14 jours<\/strong>.<\/li>\n<\/ul>\n<\/div>\n\t\t\t\t<\/div>\n\t\t\t\t\t\t\t<div class=\"elementor-accordion-item\">\n\t\t\t\t\t<div id=\"elementor-tab-title-5463\" class=\"elementor-tab-title\" data-tab=\"3\" role=\"button\" aria-controls=\"elementor-tab-content-5463\" aria-expanded=\"false\">\n\t\t\t\t\t\t\t\t\t\t\t\t\t<span class=\"elementor-accordion-icon elementor-accordion-icon-left\" aria-hidden=\"true\">\n\t\t\t\t\t\t\t\t\t\t\t\t\t\t\t<span class=\"elementor-accordion-icon-closed\"><i class=\"fas fa-plus\"><\/i><\/span>\n\t\t\t\t\t\t\t\t<span class=\"elementor-accordion-icon-opened\"><i class=\"fas fa-minus\"><\/i><\/span>\n\t\t\t\t\t\t\t\t\t\t\t\t\t\t<\/span>\n\t\t\t\t\t\t\t\t\t\t\t\t<a class=\"elementor-accordion-title\" tabindex=\"0\">La nouvelle loi s'applique-t-elle aux demandes d\u00e9j\u00e0 introduites ?<\/a>\n\t\t\t\t\t<\/div>\n\t\t\t\t\t<div id=\"elementor-tab-content-5463\" class=\"elementor-tab-content elementor-clearfix\" data-tab=\"3\" role=\"region\" aria-labelledby=\"elementor-tab-title-5463\"><p data-start=\"1184\" data-end=\"1340\">Oui. La loi s&#8217;applique <strong data-start=\"1205\" data-end=\"1222\">r\u00e9troactivement<\/strong> aux demandes faites \u00e0 partir du 3 juin 2025. Cela signifie que votre demande actuelle pourrait \u00eatre r\u00e9\u00e9valu\u00e9e et jug\u00e9e irrecevable. <\/p>\n<\/div>\n\t\t\t\t<\/div>\n\t\t\t\t\t\t\t<div class=\"elementor-accordion-item\">\n\t\t\t\t\t<div id=\"elementor-tab-title-5464\" class=\"elementor-tab-title\" data-tab=\"4\" role=\"button\" aria-controls=\"elementor-tab-content-5464\" aria-expanded=\"false\">\n\t\t\t\t\t\t\t\t\t\t\t\t\t<span class=\"elementor-accordion-icon elementor-accordion-icon-left\" aria-hidden=\"true\">\n\t\t\t\t\t\t\t\t\t\t\t\t\t\t\t<span class=\"elementor-accordion-icon-closed\"><i class=\"fas fa-plus\"><\/i><\/span>\n\t\t\t\t\t\t\t\t<span class=\"elementor-accordion-icon-opened\"><i class=\"fas fa-minus\"><\/i><\/span>\n\t\t\t\t\t\t\t\t\t\t\t\t\t\t<\/span>\n\t\t\t\t\t\t\t\t\t\t\t\t<a class=\"elementor-accordion-title\" tabindex=\"0\">Qu'est-ce que la r\u00e8gle d'un an ?<\/a>\n\t\t\t\t\t<\/div>\n\t\t\t\t\t<div id=\"elementor-tab-content-5464\" class=\"elementor-tab-content elementor-clearfix\" data-tab=\"4\" role=\"region\" aria-labelledby=\"elementor-tab-title-5464\"><p>Si vous \u00eates entr\u00e9 au Canada le 24 juin 2020 ou apr\u00e8s, vous devez demander l&#8217;asile <strong data-start=\"769\" data-end=\"808\">dans l&#8217;ann\u00e9e qui suit votre premi\u00e8re entr\u00e9e<\/strong>. Si vous pr\u00e9sentez votre demande apr\u00e8s ce d\u00e9lai, elle pourrait \u00eatre rejet\u00e9e parce qu&#8217;elle est irrecevable. <\/p>\n<\/div>\n\t\t\t\t<\/div>\n\t\t\t\t\t\t\t<div class=\"elementor-accordion-item\">\n\t\t\t\t\t<div id=\"elementor-tab-title-5465\" class=\"elementor-tab-title\" data-tab=\"5\" role=\"button\" aria-controls=\"elementor-tab-content-5465\" aria-expanded=\"false\">\n\t\t\t\t\t\t\t\t\t\t\t\t\t<span class=\"elementor-accordion-icon elementor-accordion-icon-left\" aria-hidden=\"true\">\n\t\t\t\t\t\t\t\t\t\t\t\t\t\t\t<span class=\"elementor-accordion-icon-closed\"><i class=\"fas fa-plus\"><\/i><\/span>\n\t\t\t\t\t\t\t\t<span class=\"elementor-accordion-icon-opened\"><i class=\"fas fa-minus\"><\/i><\/span>\n\t\t\t\t\t\t\t\t\t\t\t\t\t\t<\/span>\n\t\t\t\t\t\t\t\t\t\t\t\t<a class=\"elementor-accordion-title\" tabindex=\"0\">Quelle est la r\u00e8gle des 14 jours \u00e0 la fronti\u00e8re am\u00e9ricaine ?<\/a>\n\t\t\t\t\t<\/div>\n\t\t\t\t\t<div id=\"elementor-tab-content-5465\" class=\"elementor-tab-content elementor-clearfix\" data-tab=\"5\" role=\"region\" aria-labelledby=\"elementor-tab-title-5465\"><p data-start=\"934\" data-end=\"1118\">Si vous \u00eates entr\u00e9 au Canada <strong data-start=\"956\" data-end=\"993\">entre les postes frontaliers officiels<\/strong> depuis les \u00c9tats-Unis, vous devez demander l&#8217;asile dans les <strong data-start=\"1063\" data-end=\"1074\">14 jours<\/strong>. Pass\u00e9 ce d\u00e9lai, vous risquez de ne plus \u00eatre \u00e9ligible. <\/p>\n<\/div>\n\t\t\t\t<\/div>\n\t\t\t\t\t\t\t\t<\/div>\n\t\t\t\t<\/div>\n\t\t\t\t<\/div>\n\t\t\t\t\t<\/div>\n\t\t<\/div>\n\t\t\t\t\t<\/div>\n\t\t<\/section>\n\t\t\t\t<\/div>\n\t\t","protected":false},"excerpt":{"rendered":"<p>Le paysage de l&#8217;immigration au Canada \u00e9volue rapidement et, pour de nombreux demandeurs d&#8217;asile, ces changements pourraient signifier la perte d&#8217;acc\u00e8s \u00e0 la protection, au travail et \u00e0 la stabilit\u00e9. Avec l&#8217;introduction du projet de loi C-12 (Loi renfor\u00e7ant le syst\u00e8me d&#8217;immigration et les fronti\u00e8res du Canada) et d&#8217;une nouvelle politique publique temporaire sur les [&hellip;]<\/p>\n","protected":false},"author":1,"featured_media":37089,"comment_status":"closed","ping_status":"closed","sticky":false,"template":"","format":"standard","meta":{"content-type":"","om_disable_all_campaigns":false,"inline_featured_image":false,"_monsterinsights_skip_tracking":false,"_monsterinsights_sitenote_active":false,"_monsterinsights_sitenote_note":"","_monsterinsights_sitenote_category":0,"_uf_show_specific_survey":0,"_uf_disable_surveys":false,"footnotes":""},"categories":[69],"tags":[],"class_list":["post-38356","post","type-post","status-publish","format-standard","has-post-thumbnail","hentry","category-non-classifiee"],"_links":{"self":[{"href":"https:\/\/www.titanlaw.ca\/fr\/wp-json\/wp\/v2\/posts\/38356"}],"collection":[{"href":"https:\/\/www.titanlaw.ca\/fr\/wp-json\/wp\/v2\/posts"}],"about":[{"href":"https:\/\/www.titanlaw.ca\/fr\/wp-json\/wp\/v2\/types\/post"}],"author":[{"embeddable":true,"href":"https:\/\/www.titanlaw.ca\/fr\/wp-json\/wp\/v2\/users\/1"}],"replies":[{"embeddable":true,"href":"https:\/\/www.titanlaw.ca\/fr\/wp-json\/wp\/v2\/comments?post=38356"}],"version-history":[{"count":4,"href":"https:\/\/www.titanlaw.ca\/fr\/wp-json\/wp\/v2\/posts\/38356\/revisions"}],"predecessor-version":[{"id":38392,"href":"https:\/\/www.titanlaw.ca\/fr\/wp-json\/wp\/v2\/posts\/38356\/revisions\/38392"}],"wp:featuredmedia":[{"embeddable":true,"href":"https:\/\/www.titanlaw.ca\/fr\/wp-json\/wp\/v2\/media\/37089"}],"wp:attachment":[{"href":"https:\/\/www.titanlaw.ca\/fr\/wp-json\/wp\/v2\/media?parent=38356"}],"wp:term":[{"taxonomy":"category","embeddable":true,"href":"https:\/\/www.titanlaw.ca\/fr\/wp-json\/wp\/v2\/categories?post=38356"},{"taxonomy":"post_tag","embeddable":true,"href":"https:\/\/www.titanlaw.ca\/fr\/wp-json\/wp\/v2\/tags?post=38356"}],"curies":[{"name":"wp","href":"https:\/\/api.w.org\/{rel}","templated":true}]}}